{"id":8617,"date":"2018-12-10T22:24:36","date_gmt":"2018-12-10T19:24:36","guid":{"rendered":"https:\/\/11ponto11servidor.com.br\/blogsrsiape\/?p=8617"},"modified":"2020-01-29T20:06:06","modified_gmt":"2020-01-29T22:06:06","slug":"servidores-se-mobilizam-para-garantir-reajuste-salarial-em-2019","status":"publish","type":"post","link":"https:\/\/11ponto11servidor.com.br\/blogsrsiape\/servidores-se-mobilizam-para-garantir-reajuste-salarial-em-2019\/","title":{"rendered":"SERVIDORES SE MOBILIZAM PARA GARANTIR REAJUSTE SALARIAL EM 2019"},"content":{"rendered":"<section class=\"l-section wpb_row height_large\"><div class=\"l-section-h i-cf\"><div class=\"g-cols vc_row type_default valign_top\"><div class=\"vc_col-sm-12 wpb_column vc_column_container\"><div class=\"vc_column-inner\"><div class=\"wpb_wrapper\"><div class=\"wpb_text_column\" ><div class=\"wpb_wrapper\"><div id=\"destaque\" class=\"img-destaque banner-textos\">Publicidade<a href=\"https:\/\/seuseguronoclick.com.br\/#destaque_materia_blog\" target=\"_blank\" rel=\"noopener noreferrer\"><img decoding=\"async\" class=\"size-full wp-image-3433\" style=\"max-width: 900px;\" src=\"\/wp-content\/uploads\/2018\/11\/seguro-inst.gif\" alt=\"Seguro SIAPE | SIGAC\" width=\"100%\" \/><\/a><\/div>\n<\/div><\/div><\/div><\/div><\/div><\/div><\/div><\/section><section class=\"l-section wpb_row height_large\"><div class=\"l-section-h i-cf\"><div class=\"g-cols vc_row type_default valign_top\"><div class=\"vc_col-sm-12 wpb_column vc_column_container\"><div class=\"vc_column-inner\"><div class=\"wpb_wrapper\"><div class=\"wpb_text_column\" ><div class=\"wpb_wrapper\"><p><\/p>\n<h4>Entidades representativas do funcionalismo se animam com a possibilidade de o Supremo Tribunal Federal derrubar, ainda este ano, a medida provis\u00f3ria que adia corre\u00e7\u00f5es de sal\u00e1rios previstas para 2019<\/h4>\n<p>Os servidores p\u00fablicos federais siape (sigac) v\u00e3o tentar mais uma vit\u00f3ria contra o governo, no campo salarial, ainda este ano. A movimenta\u00e7\u00e3o no Supremo Tribunal Federal (STF) entre as assessorias jur\u00eddicas e escrit\u00f3rios de advocacia que representam sindicatos, associa\u00e7\u00f5es e confedera\u00e7\u00f5es tem sido constante, de acordo com fontes do pr\u00f3prio Executivo.<\/p>\n<p>A press\u00e3o dos servidores siape (sigac) \u00e9 para que sejam julgados o mais rapidamente poss\u00edvel v\u00e1rios processos contra a <strong>Medida Provis\u00f3ria n\u00ba 849<\/strong>, que adia reajustes de 2019 para 2020 e eleva a contribui\u00e7\u00e3o previdenci\u00e1ria de <strong>11% para 14%<\/strong> dos vencimentos.<\/p>\n<p>A queda de bra\u00e7o recome\u00e7ou porque, na semana passada, o ministro Ricardo Lewandowski, do STF, solicitou que sejam inclu\u00eddas na pauta do plen\u00e1rio v\u00e1rias a\u00e7\u00f5es diretas de inconstitucionalidade (ADIs) que pedem a anula\u00e7\u00e3o da MP.<\/p>\n<p>\u201cEmbora a data n\u00e3o tenha sido marcada, acreditamos que poderemos nos surpreender com um prazo curto dessa vota\u00e7\u00e3o\u201d, diz Rudinei Marques, presidente do F\u00f3rum Nacional das Carreiras de Estado (Fonacate). \u201cVamos provar que n\u00e3o \u00e9 poss\u00edvel rasgar a lei e descumprir acordos assinados\u201d, refor\u00e7a S\u00e9rgio Ronaldo da Silva, secret\u00e1rio-geral da Confedera\u00e7\u00e3o Nacional dos Trabalhadores no Servi\u00e7o P\u00fablico Federal (Condsef, que representa 80% do funcionalismo).<\/p>\n<p>Os associados \u00e0 Condsef, integrantes do chamado carreir\u00e3o, <strong>n\u00e3o t\u00eam reajuste previsto para 2019<\/strong>, porque receberam aumento de 10,8% em 2016 e em 2017. No entanto, ganharam o direito de incorporar as gratifica\u00e7\u00f5es ao vencimento b\u00e1sico. A \u00faltima parcela ser\u00e1 efetivada justamente em 2019, com impacto anual de <strong>aproximadamente R$ 300 milh\u00f5es.<\/strong> \u201cA MP 849 \u00e9 dr\u00e1stica e atinge em cheio todo o funcionalismo federal\u201d, diz Silva.<\/p>\n<\/div><\/div><\/div><\/div><\/div><\/div><\/div><\/section><section class=\"l-section wpb_row height_large\"><div class=\"l-section-h i-cf\"><div class=\"g-cols vc_row type_default valign_top\"><div class=\"vc_col-sm-12 wpb_column vc_column_container\"><div class=\"vc_column-inner\"><div class=\"wpb_wrapper\"><div class=\"wpb_text_column\" ><div class=\"wpb_wrapper\"><div id=\"destaque\" class=\"img-destaque banner-textos\">Publicidade<a href=\"https:\/\/seuseguronoclick.com.br\/promocao-cotacao-premiada\/#destaque_materia_blog\" target=\"_blank\" rel=\"noopener noreferrer\"><img decoding=\"async\" class=\"size-full wp-image-3433\" style=\"max-width: 900px;\" src=\"\/wp-content\/uploads\/2018\/10\/banner-promocao-cotacao-premiada.jpg\" alt=\"Promo\u00e7\u00e3o Cota\u00e7\u00e3o Premiada\" width=\"100%\" \/><\/a><\/div>\n<\/div><\/div><\/div><\/div><\/div><\/div><\/div><\/section><section class=\"l-section wpb_row height_large\"><div class=\"l-section-h i-cf\"><div class=\"g-cols vc_row type_default valign_top\"><div class=\"vc_col-sm-12 wpb_column vc_column_container\"><div class=\"vc_column-inner\"><div class=\"wpb_wrapper\"><div class=\"wpb_text_column\" ><div class=\"wpb_wrapper\"><h4>Estresse<\/h4>\n<p>A nova tentativa do governo de adiar os reajustes, que j\u00e1 havia usado semelhante <strong>estrat\u00e9gia em 2017<\/strong>, provocou uma enxurrada de processos. Fontes ligadas aos servidores siape (sigac) dizem que eles t\u00eam pressa, porque querem evitar o estresse de ter de apresentar os mesmos argumentos ao presidente eleito, Jair Bolsonaro, que j\u00e1 fez v\u00e1rias declara\u00e7\u00f5es contra os aumentos.<\/p>\n<p>\u201cPodem n\u00e3o admitir publicamente para n\u00e3o parecer oportunismo, mas todo dia tem servidor no STF cochichando pelos corredores\u201d, destaca a fonte. Embora afirme que n\u00e3o d\u00e1 para \u201cadiantar levianamente\u201d o resultado da vota\u00e7\u00e3o, a fonte afirma que \u201ca vit\u00f3ria \u00e9 quase certa\u201d. \u201cO governo j\u00e1 sofreu derrota nessa quest\u00e3o no ano passado. E, depois que o Supremo aprovou o <strong>aumento de 16,38%<\/strong> para seus pr\u00f3prios membros e os do Minist\u00e9rio P\u00fablico, n\u00e3o h\u00e1 clima para impedir os <strong>6,3% das carreiras<\/strong> de Estado e as gratifica\u00e7\u00f5es do carreir\u00e3o. N\u00e3o faz sentido\u201d, destacou o especialista, que n\u00e3o quis se identificar.<\/p>\n<p>O funcionalismo alega que a <strong>MP n\u00ba 849<\/strong> n\u00e3o tem validade porque o governo copiou o texto do ano <strong>passado (MP n\u00ba 805\/2017)<\/strong>, que j\u00e1 tinha sido considerado inconstitucional por Lewandowski. O magistrado alegou, naquela oportunidade, que a iniciativa do presidente Michel Temer burlava o artigo 62, par\u00e1grafo 10 da Constitui\u00e7\u00e3o, que determina que \u201c\u00e9 vedada a reedi\u00e7\u00e3o, na mesma sess\u00e3o legislativa, de medida provis\u00f3ria que tenha sido rejeitada ou que tenha perdido sua efic\u00e1cia por decurso de prazo\u201d. A <strong>MP n\u00ba 805\/2017<\/strong>, por n\u00e3o ter sido convertida em lei, perdeu a efic\u00e1cia em 8 de abril de 2018.<\/p>\n<p>Segundo o ministro da Fazenda, Eduardo Guardia, o adiamento do reajuste daria <strong>flexibilidade de R$ 4,7 bilh\u00f5es<\/strong> para o pr\u00f3ximo governo usar em investimentos em obras p\u00fablicas e compra de equipamentos. Originalmente, o impacto seria de <strong>R$ 6,9 bilh\u00f5es<\/strong>. Mas parte desse <strong>montante \u2014 R$ 2,2 bilh\u00f5es<\/strong> \u2014 se referia a medidas n\u00e3o regulamentadas que perderam a validade.<\/p>\n<p>Leia tamb\u00e9m:\u00a0<a href=\"https:\/\/11ponto11servidor.com.br\/blogsrsiape\/previdencia-social\/reforma-da-previdencia-do-servidor-preve-aposentadoria-so-apos-os-65\/\">REFORMA DA PREVID\u00caNCIA DO SERVIDOR PREV\u00ca APOSENTADORIA S\u00d3 AP\u00d3S OS 65<\/a><\/p>\n<p>Fonte: <a href=\"https:\/\/www.correiobraziliense.com.br\/app\/noticia\/economia\/2018\/12\/09\/internas_economia,724144\/servidores-se-mobilizam-para-garantir-reajuste-salarial-em-2019.shtml\">Correio Braziliense<\/a><\/p>\n<\/div><\/div><div class=\"g-cols wpb_row  us_custom_da65c38a type_default valign_top vc_inner\"><div class=\"vc_col-sm-2 wpb_column vc_column_container\"><div class=\"vc_column-inner us_custom_da65c38a\"><div class=\"wpb_wrapper\">[vc_single_image source=&#8221;external_link&#8221; alignment=&#8221;center&#8221; css_animation=&#8221;bounceIn&#8221; custom_src=&#8221;\/wp-content\/themes\/blogsiape\/img\/icon_notifications.jpg&#8221;]<\/div><\/div><\/div><div class=\"vc_col-sm-10 wpb_column vc_column_container\"><div class=\"vc_column-inner us_custom_da65c38a\"><div class=\"wpb_wrapper\"><div class=\"wpb_text_column us_custom_da65c38a cor_preta\" ><div class=\"wpb_wrapper\"><h2 class=\"cor_preta\" align=\"left\">Receba as not\u00edcias antes dos demais Assinantes!<\/h2>\n<p class=\"cor_preta\" align=\"left\">Clique para ativar as notifica\u00e7\u00f5es e receba antes de serem publicadas<\/p>\n<\/div><\/div><\/div><\/div><\/div><\/div><\/div><\/div><\/div><\/div><\/div><\/section>\n","protected":false},"excerpt":{"rendered":"<p>Sindicatos lutam contra MP 849  e querem reajuste salarial para Servidor P\u00fablico Federal SIAPE (SIGAC) em 2019.<\/p>\n","protected":false},"author":1,"featured_media":8618,"comment_status":"open","ping_status":"open","sticky":false,"template":"","format":"standard","meta":{"footnotes":""},"categories":[64],"tags":[1927,2126,2152,2519,2158],"class_list":["post-8617","post","type-post","status-publish","format-standard","has-post-thumbnail","hentry","category-reajuste","tag-reajuste-salarial","tag-servidor-publico-federal","tag-siape","tag-sigac","tag-sigepe"],"yoast_head":"<!-- This site is optimized with the Yoast SEO plugin v23.6 - https:\/\/yoast.com\/wordpress\/plugins\/seo\/ -->\n<title>SERVIDOR QUER REAJUSTE SALARIAL EM 2019 - Blog do Sr Siape<\/title>\n<meta name=\"description\" content=\"Os servidores p\u00fablicos federais siape (sigac) v\u00e3o tentar mais uma vit\u00f3ria contra o governo (MP 849), no campo salarial, ainda este ano.\" \/>\n<meta name=\"robots\" content=\"index, follow, max-snippet:-1, max-image-preview:large, max-video-preview:-1\" \/>\n<link rel=\"canonical\" href=\"https:\/\/blogdosrsiape.com\/servidores-se-mobilizam-para-garantir-reajuste-salarial-em-2019\/\" \/>\n<meta property=\"og:locale\" content=\"pt_BR\" \/>\n<meta property=\"og:type\" content=\"article\" \/>\n<meta property=\"og:title\" content=\"SERVIDOR QUER REAJUSTE SALARIAL EM 2019 - Blog do Sr Siape\" \/>\n<meta property=\"og:description\" content=\"Os servidores p\u00fablicos federais siape (sigac) v\u00e3o tentar mais uma vit\u00f3ria contra o governo (MP 849), no campo salarial, ainda este ano.\" \/>\n<meta property=\"og:url\" content=\"https:\/\/blogdosrsiape.com\/servidores-se-mobilizam-para-garantir-reajuste-salarial-em-2019\/\" \/>\n<meta property=\"og:site_name\" content=\"Blog do Sr. SIAPE\" \/>\n<meta property=\"article:publisher\" content=\"https:\/\/www.facebook.com\/blogsrsiape\/?locale=pt_BR\" \/>\n<meta property=\"article:published_time\" content=\"2018-12-10T19:24:36+00:00\" \/>\n<meta property=\"article:modified_time\" content=\"2020-01-29T22:06:06+00:00\" \/>\n<meta property=\"og:image\" content=\"https:\/\/11ponto11servidor.com.br\/blogsrsiape\/wp-content\/uploads\/sites\/2\/2018\/12\/stf.jpg\" \/>\n\t<meta property=\"og:image:width\" content=\"840\" \/>\n\t<meta property=\"og:image:height\" content=\"380\" \/>\n\t<meta property=\"og:image:type\" content=\"image\/jpeg\" \/>\n<meta name=\"author\" content=\"websitemix\" \/>\n<meta name=\"twitter:card\" content=\"summary_large_image\" \/>\n<meta name=\"twitter:label1\" content=\"Escrito por\" \/>\n\t<meta name=\"twitter:data1\" content=\"websitemix\" \/>\n\t<meta name=\"twitter:label2\" content=\"Est. tempo de leitura\" \/>\n\t<meta name=\"twitter:data2\" content=\"4 minutos\" \/>\n<script type=\"application\/ld+json\" class=\"yoast-schema-graph\">{\"@context\":\"https:\/\/schema.org\",\"@graph\":[{\"@type\":\"Article\",\"@id\":\"https:\/\/blogdosrsiape.com\/servidores-se-mobilizam-para-garantir-reajuste-salarial-em-2019\/#article\",\"isPartOf\":{\"@id\":\"https:\/\/blogdosrsiape.com\/servidores-se-mobilizam-para-garantir-reajuste-salarial-em-2019\/\"},\"author\":{\"name\":\"websitemix\",\"@id\":\"https:\/\/blogdosrsiape.com\/#\/schema\/person\/641e1af8b22c69725a1d604fb8959bcf\"},\"headline\":\"SERVIDORES SE MOBILIZAM PARA GARANTIR REAJUSTE SALARIAL EM 2019\",\"datePublished\":\"2018-12-10T19:24:36+00:00\",\"dateModified\":\"2020-01-29T22:06:06+00:00\",\"mainEntityOfPage\":{\"@id\":\"https:\/\/blogdosrsiape.com\/servidores-se-mobilizam-para-garantir-reajuste-salarial-em-2019\/\"},\"wordCount\":832,\"commentCount\":0,\"publisher\":{\"@id\":\"https:\/\/blogdosrsiape.com\/#organization\"},\"image\":{\"@id\":\"https:\/\/blogdosrsiape.com\/servidores-se-mobilizam-para-garantir-reajuste-salarial-em-2019\/#primaryimage\"},\"thumbnailUrl\":\"https:\/\/11ponto11servidor.com.br\/blogsrsiape\/wp-content\/uploads\/sites\/2\/2018\/12\/stf.jpg\",\"keywords\":[\"Reajuste Salarial\",\"Servidor P\u00fablico Federal\",\"Siape\",\"SIGAC\",\"SIGEPE\"],\"articleSection\":[\"Reajuste\"],\"inLanguage\":\"pt-BR\",\"potentialAction\":[{\"@type\":\"CommentAction\",\"name\":\"Comment\",\"target\":[\"https:\/\/blogdosrsiape.com\/servidores-se-mobilizam-para-garantir-reajuste-salarial-em-2019\/#respond\"]}]},{\"@type\":\"WebPage\",\"@id\":\"https:\/\/blogdosrsiape.com\/servidores-se-mobilizam-para-garantir-reajuste-salarial-em-2019\/\",\"url\":\"https:\/\/blogdosrsiape.com\/servidores-se-mobilizam-para-garantir-reajuste-salarial-em-2019\/\",\"name\":\"SERVIDOR QUER REAJUSTE SALARIAL EM 2019 - Blog do Sr Siape\",\"isPartOf\":{\"@id\":\"https:\/\/blogdosrsiape.com\/#website\"},\"primaryImageOfPage\":{\"@id\":\"https:\/\/blogdosrsiape.com\/servidores-se-mobilizam-para-garantir-reajuste-salarial-em-2019\/#primaryimage\"},\"image\":{\"@id\":\"https:\/\/blogdosrsiape.com\/servidores-se-mobilizam-para-garantir-reajuste-salarial-em-2019\/#primaryimage\"},\"thumbnailUrl\":\"https:\/\/11ponto11servidor.com.br\/blogsrsiape\/wp-content\/uploads\/sites\/2\/2018\/12\/stf.jpg\",\"datePublished\":\"2018-12-10T19:24:36+00:00\",\"dateModified\":\"2020-01-29T22:06:06+00:00\",\"description\":\"Os servidores p\u00fablicos federais siape (sigac) v\u00e3o tentar mais uma vit\u00f3ria contra o governo (MP 849), no campo salarial, ainda este ano.\",\"breadcrumb\":{\"@id\":\"https:\/\/blogdosrsiape.com\/servidores-se-mobilizam-para-garantir-reajuste-salarial-em-2019\/#breadcrumb\"},\"inLanguage\":\"pt-BR\",\"potentialAction\":[{\"@type\":\"ReadAction\",\"target\":[\"https:\/\/blogdosrsiape.com\/servidores-se-mobilizam-para-garantir-reajuste-salarial-em-2019\/\"]}]},{\"@type\":\"ImageObject\",\"inLanguage\":\"pt-BR\",\"@id\":\"https:\/\/blogdosrsiape.com\/servidores-se-mobilizam-para-garantir-reajuste-salarial-em-2019\/#primaryimage\",\"url\":\"https:\/\/11ponto11servidor.com.br\/blogsrsiape\/wp-content\/uploads\/sites\/2\/2018\/12\/stf.jpg\",\"contentUrl\":\"https:\/\/11ponto11servidor.com.br\/blogsrsiape\/wp-content\/uploads\/sites\/2\/2018\/12\/stf.jpg\",\"width\":840,\"height\":380},{\"@type\":\"BreadcrumbList\",\"@id\":\"https:\/\/blogdosrsiape.com\/servidores-se-mobilizam-para-garantir-reajuste-salarial-em-2019\/#breadcrumb\",\"itemListElement\":[{\"@type\":\"ListItem\",\"position\":1,\"name\":\"In\u00edcio\",\"item\":\"https:\/\/blogdosrsiape.com\/\"},{\"@type\":\"ListItem\",\"position\":2,\"name\":\"SERVIDORES SE MOBILIZAM PARA GARANTIR REAJUSTE SALARIAL EM 2019\"}]},{\"@type\":\"WebSite\",\"@id\":\"https:\/\/blogdosrsiape.com\/#website\",\"url\":\"https:\/\/blogdosrsiape.com\/\",\"name\":\"Blog do sr. SIAPE\",\"description\":\"SIAPE Servidor Federal\",\"publisher\":{\"@id\":\"https:\/\/blogdosrsiape.com\/#organization\"},\"potentialAction\":[{\"@type\":\"SearchAction\",\"target\":{\"@type\":\"EntryPoint\",\"urlTemplate\":\"https:\/\/blogdosrsiape.com\/?s={search_term_string}\"},\"query-input\":{\"@type\":\"PropertyValueSpecification\",\"valueRequired\":true,\"valueName\":\"search_term_string\"}}],\"inLanguage\":\"pt-BR\"},{\"@type\":\"Organization\",\"@id\":\"https:\/\/blogdosrsiape.com\/#organization\",\"name\":\"Blog do sr. SIAPE\",\"url\":\"https:\/\/blogdosrsiape.com\/\",\"logo\":{\"@type\":\"ImageObject\",\"inLanguage\":\"pt-BR\",\"@id\":\"https:\/\/blogdosrsiape.com\/#\/schema\/logo\/image\/\",\"url\":\"https:\/\/11ponto11servidor.com.br\/blogsrsiape\/wp-content\/uploads\/sites\/2\/2024\/10\/logo-1.png\",\"contentUrl\":\"https:\/\/11ponto11servidor.com.br\/blogsrsiape\/wp-content\/uploads\/sites\/2\/2024\/10\/logo-1.png\",\"width\":287,\"height\":116,\"caption\":\"Blog do sr. SIAPE\"},\"image\":{\"@id\":\"https:\/\/blogdosrsiape.com\/#\/schema\/logo\/image\/\"},\"sameAs\":[\"https:\/\/www.facebook.com\/blogsrsiape\/?locale=pt_BR\",\"https:\/\/www.instagram.com\/srsiape\/\"]},{\"@type\":\"Person\",\"@id\":\"https:\/\/blogdosrsiape.com\/#\/schema\/person\/641e1af8b22c69725a1d604fb8959bcf\",\"name\":\"websitemix\",\"sameAs\":[\"https:\/\/11ponto11servidor.com.br\"],\"url\":\"https:\/\/11ponto11servidor.com.br\/blogsrsiape\/author\/websitemix\/\"}]}<\/script>\n<!-- \/ Yoast SEO plugin. -->","yoast_head_json":{"title":"SERVIDOR QUER REAJUSTE SALARIAL EM 2019 - Blog do Sr Siape","description":"Os servidores p\u00fablicos federais siape (sigac) v\u00e3o tentar mais uma vit\u00f3ria contra o governo (MP 849), no campo salarial, ainda este ano.","robots":{"index":"index","follow":"follow","max-snippet":"max-snippet:-1","max-image-preview":"max-image-preview:large","max-video-preview":"max-video-preview:-1"},"canonical":"https:\/\/blogdosrsiape.com\/servidores-se-mobilizam-para-garantir-reajuste-salarial-em-2019\/","og_locale":"pt_BR","og_type":"article","og_title":"SERVIDOR QUER REAJUSTE SALARIAL EM 2019 - Blog do Sr Siape","og_description":"Os servidores p\u00fablicos federais siape (sigac) v\u00e3o tentar mais uma vit\u00f3ria contra o governo (MP 849), no campo salarial, ainda este ano.","og_url":"https:\/\/blogdosrsiape.com\/servidores-se-mobilizam-para-garantir-reajuste-salarial-em-2019\/","og_site_name":"Blog do Sr. SIAPE","article_publisher":"https:\/\/www.facebook.com\/blogsrsiape\/?locale=pt_BR","article_published_time":"2018-12-10T19:24:36+00:00","article_modified_time":"2020-01-29T22:06:06+00:00","og_image":[{"width":840,"height":380,"url":"https:\/\/11ponto11servidor.com.br\/blogsrsiape\/wp-content\/uploads\/sites\/2\/2018\/12\/stf.jpg","type":"image\/jpeg"}],"author":"websitemix","twitter_card":"summary_large_image","twitter_misc":{"Escrito por":"websitemix","Est. tempo de leitura":"4 minutos"},"schema":{"@context":"https:\/\/schema.org","@graph":[{"@type":"Article","@id":"https:\/\/blogdosrsiape.com\/servidores-se-mobilizam-para-garantir-reajuste-salarial-em-2019\/#article","isPartOf":{"@id":"https:\/\/blogdosrsiape.com\/servidores-se-mobilizam-para-garantir-reajuste-salarial-em-2019\/"},"author":{"name":"websitemix","@id":"https:\/\/blogdosrsiape.com\/#\/schema\/person\/641e1af8b22c69725a1d604fb8959bcf"},"headline":"SERVIDORES SE MOBILIZAM PARA GARANTIR REAJUSTE SALARIAL EM 2019","datePublished":"2018-12-10T19:24:36+00:00","dateModified":"2020-01-29T22:06:06+00:00","mainEntityOfPage":{"@id":"https:\/\/blogdosrsiape.com\/servidores-se-mobilizam-para-garantir-reajuste-salarial-em-2019\/"},"wordCount":832,"commentCount":0,"publisher":{"@id":"https:\/\/blogdosrsiape.com\/#organization"},"image":{"@id":"https:\/\/blogdosrsiape.com\/servidores-se-mobilizam-para-garantir-reajuste-salarial-em-2019\/#primaryimage"},"thumbnailUrl":"https:\/\/11ponto11servidor.com.br\/blogsrsiape\/wp-content\/uploads\/sites\/2\/2018\/12\/stf.jpg","keywords":["Reajuste Salarial","Servidor P\u00fablico Federal","Siape","SIGAC","SIGEPE"],"articleSection":["Reajuste"],"inLanguage":"pt-BR","potentialAction":[{"@type":"CommentAction","name":"Comment","target":["https:\/\/blogdosrsiape.com\/servidores-se-mobilizam-para-garantir-reajuste-salarial-em-2019\/#respond"]}]},{"@type":"WebPage","@id":"https:\/\/blogdosrsiape.com\/servidores-se-mobilizam-para-garantir-reajuste-salarial-em-2019\/","url":"https:\/\/blogdosrsiape.com\/servidores-se-mobilizam-para-garantir-reajuste-salarial-em-2019\/","name":"SERVIDOR QUER REAJUSTE SALARIAL EM 2019 - Blog do Sr Siape","isPartOf":{"@id":"https:\/\/blogdosrsiape.com\/#website"},"primaryImageOfPage":{"@id":"https:\/\/blogdosrsiape.com\/servidores-se-mobilizam-para-garantir-reajuste-salarial-em-2019\/#primaryimage"},"image":{"@id":"https:\/\/blogdosrsiape.com\/servidores-se-mobilizam-para-garantir-reajuste-salarial-em-2019\/#primaryimage"},"thumbnailUrl":"https:\/\/11ponto11servidor.com.br\/blogsrsiape\/wp-content\/uploads\/sites\/2\/2018\/12\/stf.jpg","datePublished":"2018-12-10T19:24:36+00:00","dateModified":"2020-01-29T22:06:06+00:00","description":"Os servidores p\u00fablicos federais siape (sigac) v\u00e3o tentar mais uma vit\u00f3ria contra o governo (MP 849), no campo salarial, ainda este ano.","breadcrumb":{"@id":"https:\/\/blogdosrsiape.com\/servidores-se-mobilizam-para-garantir-reajuste-salarial-em-2019\/#breadcrumb"},"inLanguage":"pt-BR","potentialAction":[{"@type":"ReadAction","target":["https:\/\/blogdosrsiape.com\/servidores-se-mobilizam-para-garantir-reajuste-salarial-em-2019\/"]}]},{"@type":"ImageObject","inLanguage":"pt-BR","@id":"https:\/\/blogdosrsiape.com\/servidores-se-mobilizam-para-garantir-reajuste-salarial-em-2019\/#primaryimage","url":"https:\/\/11ponto11servidor.com.br\/blogsrsiape\/wp-content\/uploads\/sites\/2\/2018\/12\/stf.jpg","contentUrl":"https:\/\/11ponto11servidor.com.br\/blogsrsiape\/wp-content\/uploads\/sites\/2\/2018\/12\/stf.jpg","width":840,"height":380},{"@type":"BreadcrumbList","@id":"https:\/\/blogdosrsiape.com\/servidores-se-mobilizam-para-garantir-reajuste-salarial-em-2019\/#breadcrumb","itemListElement":[{"@type":"ListItem","position":1,"name":"In\u00edcio","item":"https:\/\/blogdosrsiape.com\/"},{"@type":"ListItem","position":2,"name":"SERVIDORES SE MOBILIZAM PARA GARANTIR REAJUSTE SALARIAL EM 2019"}]},{"@type":"WebSite","@id":"https:\/\/blogdosrsiape.com\/#website","url":"https:\/\/blogdosrsiape.com\/","name":"Blog do sr. SIAPE","description":"SIAPE Servidor Federal","publisher":{"@id":"https:\/\/blogdosrsiape.com\/#organization"},"potentialAction":[{"@type":"SearchAction","target":{"@type":"EntryPoint","urlTemplate":"https:\/\/blogdosrsiape.com\/?s={search_term_string}"},"query-input":{"@type":"PropertyValueSpecification","valueRequired":true,"valueName":"search_term_string"}}],"inLanguage":"pt-BR"},{"@type":"Organization","@id":"https:\/\/blogdosrsiape.com\/#organization","name":"Blog do sr. SIAPE","url":"https:\/\/blogdosrsiape.com\/","logo":{"@type":"ImageObject","inLanguage":"pt-BR","@id":"https:\/\/blogdosrsiape.com\/#\/schema\/logo\/image\/","url":"https:\/\/11ponto11servidor.com.br\/blogsrsiape\/wp-content\/uploads\/sites\/2\/2024\/10\/logo-1.png","contentUrl":"https:\/\/11ponto11servidor.com.br\/blogsrsiape\/wp-content\/uploads\/sites\/2\/2024\/10\/logo-1.png","width":287,"height":116,"caption":"Blog do sr. SIAPE"},"image":{"@id":"https:\/\/blogdosrsiape.com\/#\/schema\/logo\/image\/"},"sameAs":["https:\/\/www.facebook.com\/blogsrsiape\/?locale=pt_BR","https:\/\/www.instagram.com\/srsiape\/"]},{"@type":"Person","@id":"https:\/\/blogdosrsiape.com\/#\/schema\/person\/641e1af8b22c69725a1d604fb8959bcf","name":"websitemix","sameAs":["https:\/\/11ponto11servidor.com.br"],"url":"https:\/\/11ponto11servidor.com.br\/blogsrsiape\/author\/websitemix\/"}]}},"_links":{"self":[{"href":"https:\/\/11ponto11servidor.com.br\/blogsrsiape\/wp-json\/wp\/v2\/posts\/8617"}],"collection":[{"href":"https:\/\/11ponto11servidor.com.br\/blogsrsiape\/wp-json\/wp\/v2\/posts"}],"about":[{"href":"https:\/\/11ponto11servidor.com.br\/blogsrsiape\/wp-json\/wp\/v2\/types\/post"}],"author":[{"embeddable":true,"href":"https:\/\/11ponto11servidor.com.br\/blogsrsiape\/wp-json\/wp\/v2\/users\/1"}],"replies":[{"embeddable":true,"href":"https:\/\/11ponto11servidor.com.br\/blogsrsiape\/wp-json\/wp\/v2\/comments?post=8617"}],"version-history":[{"count":0,"href":"https:\/\/11ponto11servidor.com.br\/blogsrsiape\/wp-json\/wp\/v2\/posts\/8617\/revisions"}],"wp:featuredmedia":[{"embeddable":true,"href":"https:\/\/11ponto11servidor.com.br\/blogsrsiape\/wp-json\/wp\/v2\/media\/8618"}],"wp:attachment":[{"href":"https:\/\/11ponto11servidor.com.br\/blogsrsiape\/wp-json\/wp\/v2\/media?parent=8617"}],"wp:term":[{"taxonomy":"category","embeddable":true,"href":"https:\/\/11ponto11servidor.com.br\/blogsrsiape\/wp-json\/wp\/v2\/categories?post=8617"},{"taxonomy":"post_tag","embeddable":true,"href":"https:\/\/11ponto11servidor.com.br\/blogsrsiape\/wp-json\/wp\/v2\/tags?post=8617"}],"curies":[{"name":"wp","href":"https:\/\/api.w.org\/{rel}","templated":true}]}}