{"id":875,"date":"2015-07-21T14:46:11","date_gmt":"2015-07-21T14:46:11","guid":{"rendered":"http:\/\/www.blogdosrsiape.net\/?p=875"},"modified":"2015-07-21T14:46:11","modified_gmt":"2015-07-21T14:46:11","slug":"avaliacao-do-governo-dilma-rousseff-cai-para-77-em-julho","status":"publish","type":"post","link":"https:\/\/11ponto11servidor.com.br\/blogsrsiape\/avaliacao-do-governo-dilma-rousseff-cai-para-77-em-julho\/","title":{"rendered":"Avalia\u00e7\u00e3o do Governo Dilma Rousseff cai para 7,7% em julho"},"content":{"rendered":"<div class=\"subtitle\">Com o atual resultado, o Governo teve a menor avalia\u00e7\u00e3o positiva registrada pela pesquisa desde outubro de 1999<\/div>\n<div class=\"pic\"><img loading=\"lazy\" decoding=\"async\" class=\"img_detail thin_border size1\" title=\"Avalia\u00e7\u00e3o do governo Dilma Rousseff cai para 7,7% em julho\" src=\"http:\/\/static.noticiasaominuto.com.br\/stockimages\/615x230\/naom_55a051d574a83.jpg\" alt=\"Avalia\u00e7\u00e3o do governo Dilma Rousseff cai para 7,7% em julho\" width=\"607\" height=\"230\" \/>A avalia\u00e7\u00e3o positiva do Governo Dilma Rousseff caiu para 7,7% segundo a 128\u00aa Pesquisa Confedera\u00e7\u00e3o Nacional do Transporte (<strong>CNT\/MDA<\/strong>), divulgada hoje (21). A avalia\u00e7\u00e3o negativa passou de 64,8%, em mar\u00e7o, para 70,9% no levantamento realizado entre os dias 12 e 16 de julho. Foram ouvidas 2.002 pessoas, em 137 munic\u00edpios.<\/p>\n<p>A \u00faltima pesquisa, divulgada em mar\u00e7o, mostrou que 10,8% das pessoas ouvidas consideraram positiva a avalia\u00e7\u00e3o do Governo. Com o atual resultado, o Governo teve a menor avalia\u00e7\u00e3o positiva registrada pela pesquisa desde outubro de 1999, quando o desempenho do Governo do ent\u00e3o Presidente Fernando Henrique Cardoso foi aprovado por 8% das pessoas.<\/p>\n<p>Em mar\u00e7o, 18,9% dos entrevistados avaliaram o desempenho pessoal da Presidente como positivo, <span style=\"color: #ff0000;\"><strong>77% avaliaram negativamente<\/strong><\/span> e 3,4% n\u00e3o souberam dizer ou n\u00e3o responderam.<\/p>\n<p>Durante a campanha eleitoral, 41% dos entrevistados consideraram o Governo de Dilma positivo e 23,5% consideraram negativo. No levantamento feito nos dias 27 e 28 de setembro do ano passado, 35% das mais de 2 mil pessoas ouvidas avaliaram a administra\u00e7\u00e3o como regular e 0,5% dos entrevistados n\u00e3o souberam ou n\u00e3o responderam no per\u00edodo pr\u00e9 eleitoral.<\/p>\n<p>&nbsp;<\/p>\n<p><strong><span style=\"text-decoration: underline;\">Fonte:<\/span>\u00a0 <span style=\"color: #0000ff;\">Ag\u00eancia Brasil<\/span><\/strong><\/p>\n<\/div>\n<p>&nbsp;<\/p>\n<p><a ref=\"magnificPopup\" href=\"http:\/\/www.blogdosrsiape.net\/wp-content\/uploads\/2015\/06\/shutterstock_167248031.jpg\"><img loading=\"lazy\" decoding=\"async\" class=\"alignnone size-medium wp-image-699\" src=\"http:\/\/www.blogdosrsiape.net\/wp-content\/uploads\/2015\/06\/shutterstock_167248031-210x300.jpg\" alt=\"shutterstock_167248031\" width=\"210\" height=\"300\" \/><\/a><\/p>\n","protected":false},"excerpt":{"rendered":"<p>Com o atual resultado, o Governo teve a menor avalia\u00e7\u00e3o positiva registrada pela pesquisa desde outubro de 1999 A avalia\u00e7\u00e3o positiva do Governo Dilma Rousseff caiu para 7,7% segundo a 128\u00aa Pesquisa Confedera\u00e7\u00e3o Nacional do Transporte (CNT\/MDA), divulgada hoje (21). A avalia\u00e7\u00e3o negativa passou de 64,8%, em mar\u00e7o, para 70,9% no levantamento realizado entre os&#8230;<\/p>\n","protected":false},"author":1,"featured_media":0,"comment_status":"open","ping_status":"open","sticky":false,"template":"","format":"standard","meta":{"footnotes":""},"categories":[59],"tags":[552,785,981,1109,1854],"class_list":["post-875","post","type-post","status-publish","format-standard","hentry","category-politica","tag-cntmda","tag-dilma-rousseff","tag-fernando-henrique-cardoso","tag-governo","tag-presidente"],"yoast_head":"<!-- This site is optimized with the Yoast SEO plugin v23.6 - https:\/\/yoast.com\/wordpress\/plugins\/seo\/ -->\n<title>Avalia\u00e7\u00e3o do Governo Dilma Rousseff cai para 7,7% em julho - Blog do Sr. SIAPE<\/title>\n<meta name=\"robots\" content=\"index, follow, max-snippet:-1, max-image-preview:large, max-video-preview:-1\" \/>\n<link rel=\"canonical\" href=\"https:\/\/blogdosrsiape.net\/avaliacao-do-governo-dilma-rousseff-cai-para-77-em-julho\/\" \/>\n<meta property=\"og:locale\" content=\"pt_BR\" \/>\n<meta property=\"og:type\" content=\"article\" \/>\n<meta property=\"og:title\" content=\"Avalia\u00e7\u00e3o do Governo Dilma Rousseff cai para 7,7% em julho - Blog do Sr. SIAPE\" \/>\n<meta property=\"og:description\" content=\"Com o atual resultado, o Governo teve a menor avalia\u00e7\u00e3o positiva registrada pela pesquisa desde outubro de 1999 A avalia\u00e7\u00e3o positiva do Governo Dilma Rousseff caiu para 7,7% segundo a 128\u00aa Pesquisa Confedera\u00e7\u00e3o Nacional do Transporte (CNT\/MDA), divulgada hoje (21). A avalia\u00e7\u00e3o negativa passou de 64,8%, em mar\u00e7o, para 70,9% no levantamento realizado entre os...\" \/>\n<meta property=\"og:url\" content=\"https:\/\/blogdosrsiape.net\/avaliacao-do-governo-dilma-rousseff-cai-para-77-em-julho\/\" \/>\n<meta property=\"og:site_name\" content=\"Blog do Sr. SIAPE\" \/>\n<meta property=\"article:publisher\" content=\"https:\/\/www.facebook.com\/blogsrsiape\/?locale=pt_BR\" \/>\n<meta property=\"article:published_time\" content=\"2015-07-21T14:46:11+00:00\" \/>\n<meta property=\"og:image\" content=\"http:\/\/static.noticiasaominuto.com.br\/stockimages\/615x230\/naom_55a051d574a83.jpg\" \/>\n<meta name=\"author\" content=\"websitemix\" \/>\n<meta name=\"twitter:card\" content=\"summary_large_image\" \/>\n<meta name=\"twitter:label1\" content=\"Escrito por\" \/>\n\t<meta name=\"twitter:data1\" content=\"websitemix\" \/>\n\t<meta name=\"twitter:label2\" content=\"Est. tempo de leitura\" \/>\n\t<meta name=\"twitter:data2\" content=\"1 minuto\" \/>\n<script type=\"application\/ld+json\" class=\"yoast-schema-graph\">{\"@context\":\"https:\/\/schema.org\",\"@graph\":[{\"@type\":\"Article\",\"@id\":\"https:\/\/blogdosrsiape.net\/avaliacao-do-governo-dilma-rousseff-cai-para-77-em-julho\/#article\",\"isPartOf\":{\"@id\":\"https:\/\/blogdosrsiape.net\/avaliacao-do-governo-dilma-rousseff-cai-para-77-em-julho\/\"},\"author\":{\"name\":\"websitemix\",\"@id\":\"https:\/\/blogdosrsiape.com\/#\/schema\/person\/641e1af8b22c69725a1d604fb8959bcf\"},\"headline\":\"Avalia\u00e7\u00e3o do Governo Dilma Rousseff cai para 7,7% em julho\",\"datePublished\":\"2015-07-21T14:46:11+00:00\",\"dateModified\":\"2015-07-21T14:46:11+00:00\",\"mainEntityOfPage\":{\"@id\":\"https:\/\/blogdosrsiape.net\/avaliacao-do-governo-dilma-rousseff-cai-para-77-em-julho\/\"},\"wordCount\":212,\"commentCount\":0,\"publisher\":{\"@id\":\"https:\/\/blogdosrsiape.com\/#organization\"},\"image\":{\"@id\":\"https:\/\/blogdosrsiape.net\/avaliacao-do-governo-dilma-rousseff-cai-para-77-em-julho\/#primaryimage\"},\"thumbnailUrl\":\"http:\/\/static.noticiasaominuto.com.br\/stockimages\/615x230\/naom_55a051d574a83.jpg\",\"keywords\":[\"CNT\/MDA\",\"Dilma Rousseff\",\"Fernando Henrique Cardoso\",\"Governo\",\"presidente\"],\"articleSection\":[\"Pol\u00edtica\"],\"inLanguage\":\"pt-BR\",\"potentialAction\":[{\"@type\":\"CommentAction\",\"name\":\"Comment\",\"target\":[\"https:\/\/blogdosrsiape.net\/avaliacao-do-governo-dilma-rousseff-cai-para-77-em-julho\/#respond\"]}]},{\"@type\":\"WebPage\",\"@id\":\"https:\/\/blogdosrsiape.net\/avaliacao-do-governo-dilma-rousseff-cai-para-77-em-julho\/\",\"url\":\"https:\/\/blogdosrsiape.net\/avaliacao-do-governo-dilma-rousseff-cai-para-77-em-julho\/\",\"name\":\"Avalia\u00e7\u00e3o do Governo Dilma Rousseff cai para 7,7% em julho - Blog do Sr. SIAPE\",\"isPartOf\":{\"@id\":\"https:\/\/blogdosrsiape.com\/#website\"},\"primaryImageOfPage\":{\"@id\":\"https:\/\/blogdosrsiape.net\/avaliacao-do-governo-dilma-rousseff-cai-para-77-em-julho\/#primaryimage\"},\"image\":{\"@id\":\"https:\/\/blogdosrsiape.net\/avaliacao-do-governo-dilma-rousseff-cai-para-77-em-julho\/#primaryimage\"},\"thumbnailUrl\":\"http:\/\/static.noticiasaominuto.com.br\/stockimages\/615x230\/naom_55a051d574a83.jpg\",\"datePublished\":\"2015-07-21T14:46:11+00:00\",\"dateModified\":\"2015-07-21T14:46:11+00:00\",\"breadcrumb\":{\"@id\":\"https:\/\/blogdosrsiape.net\/avaliacao-do-governo-dilma-rousseff-cai-para-77-em-julho\/#breadcrumb\"},\"inLanguage\":\"pt-BR\",\"potentialAction\":[{\"@type\":\"ReadAction\",\"target\":[\"https:\/\/blogdosrsiape.net\/avaliacao-do-governo-dilma-rousseff-cai-para-77-em-julho\/\"]}]},{\"@type\":\"ImageObject\",\"inLanguage\":\"pt-BR\",\"@id\":\"https:\/\/blogdosrsiape.net\/avaliacao-do-governo-dilma-rousseff-cai-para-77-em-julho\/#primaryimage\",\"url\":\"http:\/\/static.noticiasaominuto.com.br\/stockimages\/615x230\/naom_55a051d574a83.jpg\",\"contentUrl\":\"http:\/\/static.noticiasaominuto.com.br\/stockimages\/615x230\/naom_55a051d574a83.jpg\"},{\"@type\":\"BreadcrumbList\",\"@id\":\"https:\/\/blogdosrsiape.net\/avaliacao-do-governo-dilma-rousseff-cai-para-77-em-julho\/#breadcrumb\",\"itemListElement\":[{\"@type\":\"ListItem\",\"position\":1,\"name\":\"In\u00edcio\",\"item\":\"https:\/\/blogdosrsiape.com\/\"},{\"@type\":\"ListItem\",\"position\":2,\"name\":\"Avalia\u00e7\u00e3o do Governo Dilma Rousseff cai para 7,7% em julho\"}]},{\"@type\":\"WebSite\",\"@id\":\"https:\/\/blogdosrsiape.com\/#website\",\"url\":\"https:\/\/blogdosrsiape.com\/\",\"name\":\"Blog do sr. SIAPE\",\"description\":\"SIAPE Servidor Federal\",\"publisher\":{\"@id\":\"https:\/\/blogdosrsiape.com\/#organization\"},\"potentialAction\":[{\"@type\":\"SearchAction\",\"target\":{\"@type\":\"EntryPoint\",\"urlTemplate\":\"https:\/\/blogdosrsiape.com\/?s={search_term_string}\"},\"query-input\":{\"@type\":\"PropertyValueSpecification\",\"valueRequired\":true,\"valueName\":\"search_term_string\"}}],\"inLanguage\":\"pt-BR\"},{\"@type\":\"Organization\",\"@id\":\"https:\/\/blogdosrsiape.com\/#organization\",\"name\":\"Blog do sr. SIAPE\",\"url\":\"https:\/\/blogdosrsiape.com\/\",\"logo\":{\"@type\":\"ImageObject\",\"inLanguage\":\"pt-BR\",\"@id\":\"https:\/\/blogdosrsiape.com\/#\/schema\/logo\/image\/\",\"url\":\"https:\/\/11ponto11servidor.com.br\/blogsrsiape\/wp-content\/uploads\/sites\/2\/2024\/10\/logo-1.png\",\"contentUrl\":\"https:\/\/11ponto11servidor.com.br\/blogsrsiape\/wp-content\/uploads\/sites\/2\/2024\/10\/logo-1.png\",\"width\":287,\"height\":116,\"caption\":\"Blog do sr. SIAPE\"},\"image\":{\"@id\":\"https:\/\/blogdosrsiape.com\/#\/schema\/logo\/image\/\"},\"sameAs\":[\"https:\/\/www.facebook.com\/blogsrsiape\/?locale=pt_BR\",\"https:\/\/www.instagram.com\/srsiape\/\"]},{\"@type\":\"Person\",\"@id\":\"https:\/\/blogdosrsiape.com\/#\/schema\/person\/641e1af8b22c69725a1d604fb8959bcf\",\"name\":\"websitemix\",\"sameAs\":[\"https:\/\/11ponto11servidor.com.br\"],\"url\":\"https:\/\/11ponto11servidor.com.br\/blogsrsiape\/author\/websitemix\/\"}]}<\/script>\n<!-- \/ Yoast SEO plugin. -->","yoast_head_json":{"title":"Avalia\u00e7\u00e3o do Governo Dilma Rousseff cai para 7,7% em julho - Blog do Sr. SIAPE","robots":{"index":"index","follow":"follow","max-snippet":"max-snippet:-1","max-image-preview":"max-image-preview:large","max-video-preview":"max-video-preview:-1"},"canonical":"https:\/\/blogdosrsiape.net\/avaliacao-do-governo-dilma-rousseff-cai-para-77-em-julho\/","og_locale":"pt_BR","og_type":"article","og_title":"Avalia\u00e7\u00e3o do Governo Dilma Rousseff cai para 7,7% em julho - Blog do Sr. SIAPE","og_description":"Com o atual resultado, o Governo teve a menor avalia\u00e7\u00e3o positiva registrada pela pesquisa desde outubro de 1999 A avalia\u00e7\u00e3o positiva do Governo Dilma Rousseff caiu para 7,7% segundo a 128\u00aa Pesquisa Confedera\u00e7\u00e3o Nacional do Transporte (CNT\/MDA), divulgada hoje (21). A avalia\u00e7\u00e3o negativa passou de 64,8%, em mar\u00e7o, para 70,9% no levantamento realizado entre os...","og_url":"https:\/\/blogdosrsiape.net\/avaliacao-do-governo-dilma-rousseff-cai-para-77-em-julho\/","og_site_name":"Blog do Sr. SIAPE","article_publisher":"https:\/\/www.facebook.com\/blogsrsiape\/?locale=pt_BR","article_published_time":"2015-07-21T14:46:11+00:00","og_image":[{"url":"http:\/\/static.noticiasaominuto.com.br\/stockimages\/615x230\/naom_55a051d574a83.jpg"}],"author":"websitemix","twitter_card":"summary_large_image","twitter_misc":{"Escrito por":"websitemix","Est. tempo de leitura":"1 minuto"},"schema":{"@context":"https:\/\/schema.org","@graph":[{"@type":"Article","@id":"https:\/\/blogdosrsiape.net\/avaliacao-do-governo-dilma-rousseff-cai-para-77-em-julho\/#article","isPartOf":{"@id":"https:\/\/blogdosrsiape.net\/avaliacao-do-governo-dilma-rousseff-cai-para-77-em-julho\/"},"author":{"name":"websitemix","@id":"https:\/\/blogdosrsiape.com\/#\/schema\/person\/641e1af8b22c69725a1d604fb8959bcf"},"headline":"Avalia\u00e7\u00e3o do Governo Dilma Rousseff cai para 7,7% em julho","datePublished":"2015-07-21T14:46:11+00:00","dateModified":"2015-07-21T14:46:11+00:00","mainEntityOfPage":{"@id":"https:\/\/blogdosrsiape.net\/avaliacao-do-governo-dilma-rousseff-cai-para-77-em-julho\/"},"wordCount":212,"commentCount":0,"publisher":{"@id":"https:\/\/blogdosrsiape.com\/#organization"},"image":{"@id":"https:\/\/blogdosrsiape.net\/avaliacao-do-governo-dilma-rousseff-cai-para-77-em-julho\/#primaryimage"},"thumbnailUrl":"http:\/\/static.noticiasaominuto.com.br\/stockimages\/615x230\/naom_55a051d574a83.jpg","keywords":["CNT\/MDA","Dilma Rousseff","Fernando Henrique Cardoso","Governo","presidente"],"articleSection":["Pol\u00edtica"],"inLanguage":"pt-BR","potentialAction":[{"@type":"CommentAction","name":"Comment","target":["https:\/\/blogdosrsiape.net\/avaliacao-do-governo-dilma-rousseff-cai-para-77-em-julho\/#respond"]}]},{"@type":"WebPage","@id":"https:\/\/blogdosrsiape.net\/avaliacao-do-governo-dilma-rousseff-cai-para-77-em-julho\/","url":"https:\/\/blogdosrsiape.net\/avaliacao-do-governo-dilma-rousseff-cai-para-77-em-julho\/","name":"Avalia\u00e7\u00e3o do Governo Dilma Rousseff cai para 7,7% em julho - Blog do Sr. SIAPE","isPartOf":{"@id":"https:\/\/blogdosrsiape.com\/#website"},"primaryImageOfPage":{"@id":"https:\/\/blogdosrsiape.net\/avaliacao-do-governo-dilma-rousseff-cai-para-77-em-julho\/#primaryimage"},"image":{"@id":"https:\/\/blogdosrsiape.net\/avaliacao-do-governo-dilma-rousseff-cai-para-77-em-julho\/#primaryimage"},"thumbnailUrl":"http:\/\/static.noticiasaominuto.com.br\/stockimages\/615x230\/naom_55a051d574a83.jpg","datePublished":"2015-07-21T14:46:11+00:00","dateModified":"2015-07-21T14:46:11+00:00","breadcrumb":{"@id":"https:\/\/blogdosrsiape.net\/avaliacao-do-governo-dilma-rousseff-cai-para-77-em-julho\/#breadcrumb"},"inLanguage":"pt-BR","potentialAction":[{"@type":"ReadAction","target":["https:\/\/blogdosrsiape.net\/avaliacao-do-governo-dilma-rousseff-cai-para-77-em-julho\/"]}]},{"@type":"ImageObject","inLanguage":"pt-BR","@id":"https:\/\/blogdosrsiape.net\/avaliacao-do-governo-dilma-rousseff-cai-para-77-em-julho\/#primaryimage","url":"http:\/\/static.noticiasaominuto.com.br\/stockimages\/615x230\/naom_55a051d574a83.jpg","contentUrl":"http:\/\/static.noticiasaominuto.com.br\/stockimages\/615x230\/naom_55a051d574a83.jpg"},{"@type":"BreadcrumbList","@id":"https:\/\/blogdosrsiape.net\/avaliacao-do-governo-dilma-rousseff-cai-para-77-em-julho\/#breadcrumb","itemListElement":[{"@type":"ListItem","position":1,"name":"In\u00edcio","item":"https:\/\/blogdosrsiape.com\/"},{"@type":"ListItem","position":2,"name":"Avalia\u00e7\u00e3o do Governo Dilma Rousseff cai para 7,7% em julho"}]},{"@type":"WebSite","@id":"https:\/\/blogdosrsiape.com\/#website","url":"https:\/\/blogdosrsiape.com\/","name":"Blog do sr. SIAPE","description":"SIAPE Servidor Federal","publisher":{"@id":"https:\/\/blogdosrsiape.com\/#organization"},"potentialAction":[{"@type":"SearchAction","target":{"@type":"EntryPoint","urlTemplate":"https:\/\/blogdosrsiape.com\/?s={search_term_string}"},"query-input":{"@type":"PropertyValueSpecification","valueRequired":true,"valueName":"search_term_string"}}],"inLanguage":"pt-BR"},{"@type":"Organization","@id":"https:\/\/blogdosrsiape.com\/#organization","name":"Blog do sr. SIAPE","url":"https:\/\/blogdosrsiape.com\/","logo":{"@type":"ImageObject","inLanguage":"pt-BR","@id":"https:\/\/blogdosrsiape.com\/#\/schema\/logo\/image\/","url":"https:\/\/11ponto11servidor.com.br\/blogsrsiape\/wp-content\/uploads\/sites\/2\/2024\/10\/logo-1.png","contentUrl":"https:\/\/11ponto11servidor.com.br\/blogsrsiape\/wp-content\/uploads\/sites\/2\/2024\/10\/logo-1.png","width":287,"height":116,"caption":"Blog do sr. SIAPE"},"image":{"@id":"https:\/\/blogdosrsiape.com\/#\/schema\/logo\/image\/"},"sameAs":["https:\/\/www.facebook.com\/blogsrsiape\/?locale=pt_BR","https:\/\/www.instagram.com\/srsiape\/"]},{"@type":"Person","@id":"https:\/\/blogdosrsiape.com\/#\/schema\/person\/641e1af8b22c69725a1d604fb8959bcf","name":"websitemix","sameAs":["https:\/\/11ponto11servidor.com.br"],"url":"https:\/\/11ponto11servidor.com.br\/blogsrsiape\/author\/websitemix\/"}]}},"_links":{"self":[{"href":"https:\/\/11ponto11servidor.com.br\/blogsrsiape\/wp-json\/wp\/v2\/posts\/875"}],"collection":[{"href":"https:\/\/11ponto11servidor.com.br\/blogsrsiape\/wp-json\/wp\/v2\/posts"}],"about":[{"href":"https:\/\/11ponto11servidor.com.br\/blogsrsiape\/wp-json\/wp\/v2\/types\/post"}],"author":[{"embeddable":true,"href":"https:\/\/11ponto11servidor.com.br\/blogsrsiape\/wp-json\/wp\/v2\/users\/1"}],"replies":[{"embeddable":true,"href":"https:\/\/11ponto11servidor.com.br\/blogsrsiape\/wp-json\/wp\/v2\/comments?post=875"}],"version-history":[{"count":0,"href":"https:\/\/11ponto11servidor.com.br\/blogsrsiape\/wp-json\/wp\/v2\/posts\/875\/revisions"}],"wp:attachment":[{"href":"https:\/\/11ponto11servidor.com.br\/blogsrsiape\/wp-json\/wp\/v2\/media?parent=875"}],"wp:term":[{"taxonomy":"category","embeddable":true,"href":"https:\/\/11ponto11servidor.com.br\/blogsrsiape\/wp-json\/wp\/v2\/categories?post=875"},{"taxonomy":"post_tag","embeddable":true,"href":"https:\/\/11ponto11servidor.com.br\/blogsrsiape\/wp-json\/wp\/v2\/tags?post=875"}],"curies":[{"name":"wp","href":"https:\/\/api.w.org\/{rel}","templated":true}]}}