{"id":8931,"date":"2019-02-06T22:18:39","date_gmt":"2019-02-06T19:18:39","guid":{"rendered":"https:\/\/11ponto11servidor.com.br\/blogsrsiape\/?p=8931"},"modified":"2020-01-29T20:06:16","modified_gmt":"2020-01-29T22:06:16","slug":"proposta-previdencia-aposentadoria-integral","status":"publish","type":"post","link":"https:\/\/11ponto11servidor.com.br\/blogsrsiape\/proposta-previdencia-aposentadoria-integral\/","title":{"rendered":"Proposta para a Previd\u00eancia prev\u00ea aposentadoria integral para servidor s\u00f3 aos 65 anos"},"content":{"rendered":"<section class=\"l-section wpb_row height_large\"><div class=\"l-section-h i-cf\"><div class=\"g-cols vc_row type_default valign_top\"><div class=\"vc_col-sm-12 wpb_column vc_column_container\"><div class=\"vc_column-inner\"><div class=\"wpb_wrapper\">[vc_single_image image=&#8221;8635&#8243; img_size=&#8221;full&#8221; alignment=&#8221;center&#8221; onclick=&#8221;custom_link&#8221; img_link_target=&#8221;_blank&#8221; link=&#8221;https:\/\/suaviagemnoclick.com.br\/#destaque_materia_blog&#8221; css=&#8221;.vc_custom_1549480407015{padding-bottom: 10px !important;}&#8221;]<div class=\"wpb_text_column\" ><div class=\"wpb_wrapper\"><p>BRAS\u00cdLIA &#8211; Os servidores que ingressaram at\u00e9 2003 no servi\u00e7o p\u00fablico e quiserem manter seus direitos \u00e0 aposentadoria com o \u00faltimo sal\u00e1rio da carreira (integralidade) e reajustes iguais aos da ativa (paridade) precisar\u00e3o completar a idade m\u00ednima de 65 anos para homens e mulheres, segundo minuta da Proposta de Emenda \u00e0 Constitui\u00e7\u00e3o (PEC) da reforma da Previd\u00eancia obtida com exclusividade pelo Estad\u00e3o\/Broadcast. O texto ainda desonera o poder p\u00fablico de bancar o rombo causado por essas aposentadorias e prev\u00ea a possibilidade de cobrar al\u00edquotas extraordin\u00e1rias dos servidores ativos, inativos e pensionistas.<\/p>\n<\/div><\/div><div class=\"wpb_text_column\" ><div class=\"wpb_wrapper\"><p>No caso de professores e de profissionais que exer\u00e7am atividade prejudicial \u00e0 sa\u00fade, essa exig\u00eancia ser\u00e1 de 60 anos. Para policiais, a integralidade ser\u00e1 concedida mediante idade m\u00e9dia de 55 anos. Isso indica que o governo pretende propor uma regra dura para manter esses privil\u00e9gios aos servidores p\u00fablicos. A exig\u00eancia das idades finais, no entanto, j\u00e1 foi proposta pela equipe do ex-presidente Michel Temer, mas esbarrou no lobby do funcionalismo p\u00fablico.<\/p>\n<p>Caso n\u00e3o queiram cumprir essa exig\u00eancia, esses servidores ter\u00e3o 100% da m\u00e9dia dos sal\u00e1rios de contribui\u00e7\u00e3o.<\/p>\n<p>A minuta da proposta da equipe econ\u00f4mica do governo Jair Bolsonaro n\u00e3o traz nenhuma regra espec\u00edfica para servidores que ingressaram entre 2004 e 2013, antes da cria\u00e7\u00e3o da previd\u00eancia complementar do funcionalismo (Funpresp), que limitou os benef\u00edcios pagos com recursos p\u00fablicos ao teto do INSS, atualmente em R$ 5,8 mil.<\/p>\n<p>Eles devem ser enquadrados, portanto, na regra de c\u00e1lculo que prev\u00ea 60% dos sal\u00e1rios de contribui\u00e7\u00e3o para 20 anos de contribui\u00e7\u00e3o, acrescidos de 2% para cada ano adicional, at\u00e9 o limite de 100%.<\/p>\n<\/div><\/div>[vc_single_image image=&#8221;8093&#8243; img_size=&#8221;full&#8221; alignment=&#8221;center&#8221; onclick=&#8221;custom_link&#8221; img_link_target=&#8221;_blank&#8221; link=&#8221;https:\/\/seuseguronoclick.com.br\/seguros\/cotacao-auto\/#destaque_materia_blog&#8221; css=&#8221;.vc_custom_1549480666354{padding-bottom: 10px !important;}&#8221;]<div class=\"wpb_text_column\" ><div class=\"wpb_wrapper\"><h3>Plano de equacionamento<\/h3>\n<p>Uni\u00e3o, Estados e munic\u00edpios ter\u00e3o dois anos para montar um plano para equacionar o d\u00e9ficit na Previd\u00eancia dos regimes pr\u00f3prios de servidores, de acordo com a minuta da PEC da reforma. Para assegurar recursos ao pagamento de aposentadorias e pens\u00f5es, cada Estado ou munic\u00edpio dever\u00e1 criar, por meio de lei, fundos previdenci\u00e1rios de natureza privada.<\/p>\n<p>Em caso de d\u00e9ficit atuarial \u2013 ou seja, o valor futuro das contribui\u00e7\u00f5es \u00e9 insuficiente para bancar o valor dos futuros benef\u00edcios \u2013, dever\u00e3o ser institu\u00eddos \u201cplanos de saldamento do d\u00e9ficit\u201d com contribui\u00e7\u00f5es extraordin\u00e1rias a serem pagas pelos governos e pelos segurados. Essa medida deve ajudar principalmente os Estados, que atualmente n\u00e3o t\u00eam base legal para criar essa al\u00edquota adicional para fazer frente a um rombo de R$ 4,6 trilh\u00f5es, caso tivessem de pagar hoje todos os benef\u00edcios futuros.<\/p>\n<p>O texto preliminar da PEC prev\u00ea ainda que a contribui\u00e7\u00e3o regular dos servidores ter\u00e1 al\u00edquota n\u00e3o inferior \u00e0 cobrada no INSS (hoje de 8% a 11%), mas poder\u00e1 ser adotada uma al\u00edquota progressiva, de acordo com o valor da remunera\u00e7\u00e3o ou do benef\u00edcio. Atualmente, o setor p\u00fablico cobra a al\u00edquota \u00fanica de 11% e alguns Estados j\u00e1 elevaram para 14% para tentar amenizar o rombo em suas Previd\u00eancias.<\/p>\n<h3>O que est\u00e1 em debate<\/h3>\n<p>Minuta preliminar da Proposta de Emenda \u00e0 Constitui\u00e7\u00e3o para a reforma da Previd\u00eancia<\/p>\n<\/div><\/div>[vc_single_image image=&#8221;8936&#8243; img_size=&#8221;full&#8221;][vc_single_image image=&#8221;8937&#8243; img_size=&#8221;full&#8221;][vc_single_image image=&#8221;8938&#8243; img_size=&#8221;full&#8221;]<div class=\"wpb_text_column\" ><div class=\"wpb_wrapper\"><p><a href=\"https:\/\/economia.estadao.com.br\/noticias\/geral,so-com-65-anos-servidor-tera-aposentadoria-integral,70002708617\">Fonte: Estad\u00e3o<\/a><\/p>\n<\/div><\/div><h2 class=\"w-text us_custom_6c4ffc6a has_text_color align_center\"><span class=\"w-text-h\"><span class=\"w-text-value\">Aproveite e confira as op\u00e7\u00f5es de cr\u00e9dito dispon\u00edveis para voc\u00ea. Preencha abaixo.<\/span><\/span><\/h2><div class=\"w-tabs layout_hor style_default switch_click icon_chevron iconpos_right title_atleft\"><div class=\"w-tabs-list hidden items_2\"><div class=\"w-tabs-list-h\"><a class=\"w-tabs-item active\" aria-controls=\"content-1549479348534-18cb7b32-3218\" href=\"javascript:void(0);\"><span class=\"w-tabs-item-title\">Ligue para Mim<\/span><\/a><a class=\"w-tabs-item\" aria-controls=\"content-1549479348569-bb71677d-a38c\" href=\"javascript:void(0);\"><span class=\"w-tabs-item-title\">Chat online<\/span><\/a><\/div><\/div><div class=\"w-tabs-sections\"><div class=\"w-tabs-sections-h\"><div class=\"w-tabs-section active\" id=\"1549479348534-18cb7b32-3218\"><button aria-controls=\"content-1549479348534-18cb7b32-3218\" class=\"w-tabs-section-header active\"><div class=\"w-tabs-section-header-h\"><div class=\"w-tabs-section-title\">Ligue para Mim<\/div><div class=\"w-tabs-section-control\"><\/div><\/div><\/button><div class=\"w-tabs-section-content\" id=\"content-1549479348534-18cb7b32-3218\" aria-expanded=\"true\"><div class=\"w-tabs-section-content-h i-cf\">[contact-form-7 id=&#8221;8755&#8243;]<\/div><\/div><\/div><div class=\"w-tabs-section\" id=\"1549479348569-bb71677d-a38c\"><button aria-controls=\"content-1549479348569-bb71677d-a38c\" class=\"w-tabs-section-header\"><div class=\"w-tabs-section-header-h\"><div class=\"w-tabs-section-title\">Chat online<\/div><div class=\"w-tabs-section-control\"><\/div><\/div><\/button><div class=\"w-tabs-section-content\" id=\"content-1549479348569-bb71677d-a38c\" aria-expanded=\"false\"><div class=\"w-tabs-section-content-h i-cf\"><div class=\"wpb_text_column\" ><div class=\"wpb_wrapper\"><p>[chat_online][\/chat_online]<\/p>\n<\/div><\/div><\/div><\/div><\/div><\/div><\/div><\/div><div class=\"g-cols wpb_row  us_custom_da65c38a type_default valign_top vc_inner\"><div class=\"vc_col-sm-2 wpb_column vc_column_container\"><div class=\"vc_column-inner us_custom_da65c38a\"><div class=\"wpb_wrapper\">[vc_single_image source=&#8221;external_link&#8221; alignment=&#8221;center&#8221; css_animation=&#8221;bounceIn&#8221; custom_src=&#8221;\/wp-content\/themes\/blogsiape\/img\/icon_notifications.jpg&#8221;]<\/div><\/div><\/div><div class=\"vc_col-sm-10 wpb_column vc_column_container\"><div class=\"vc_column-inner us_custom_da65c38a\"><div class=\"wpb_wrapper\"><div class=\"wpb_text_column us_custom_da65c38a cor_preta\" ><div class=\"wpb_wrapper\"><h2 class=\"cor_preta\" align=\"left\">Receba as not\u00edcias antes dos demais Assinantes!<\/h2>\n<p class=\"cor_preta\" align=\"left\">Clique para ativar as notifica\u00e7\u00f5es e receba antes de serem publicadas<\/p>\n<\/div><\/div><\/div><\/div><\/div><\/div><\/div><\/div><\/div><\/div><\/div><\/section>\n","protected":false},"excerpt":{"rendered":"<p>Servidores que ingressaram at\u00e9 2003 e querem manter direitos \u00e0 aposentadoria integral e reajustes  igual a ativa, devem seguir nova regra. Leia na integra.<\/p>\n","protected":false},"author":1,"featured_media":8934,"comment_status":"open","ping_status":"open","sticky":false,"template":"","format":"standard","meta":{"footnotes":""},"categories":[63],"tags":[1510],"class_list":["post-8931","post","type-post","status-publish","format-standard","has-post-thumbnail","hentry","category-previdencia-social","tag-ministerio-da-previdencia-social"],"yoast_head":"<!-- This site is optimized with the Yoast SEO plugin v23.6 - https:\/\/yoast.com\/wordpress\/plugins\/seo\/ -->\n<title>Previd\u00eancia prev\u00ea aposentadoria integral ao servidor de 65 anos de idade<\/title>\n<meta name=\"description\" content=\"Servidores que ingressaram at\u00e9 2003 e querem manter direitos \u00e0 aposentadoria integral e reajustes igual a ativa, devem seguir nova regra. Leia na integra.\" \/>\n<meta name=\"robots\" content=\"index, follow, max-snippet:-1, max-image-preview:large, max-video-preview:-1\" \/>\n<link rel=\"canonical\" href=\"https:\/\/blogdosrsiape.com\/proposta-previdencia-aposentadoria-integral\/\" \/>\n<meta property=\"og:locale\" content=\"pt_BR\" \/>\n<meta property=\"og:type\" content=\"article\" \/>\n<meta property=\"og:title\" content=\"Previd\u00eancia prev\u00ea aposentadoria integral ao servidor de 65 anos de idade\" \/>\n<meta property=\"og:description\" content=\"Servidores que ingressaram at\u00e9 2003 e querem manter direitos \u00e0 aposentadoria integral e reajustes igual a ativa, devem seguir nova regra. Leia na integra.\" \/>\n<meta property=\"og:url\" content=\"https:\/\/blogdosrsiape.com\/proposta-previdencia-aposentadoria-integral\/\" \/>\n<meta property=\"og:site_name\" content=\"Blog do Sr. SIAPE\" \/>\n<meta property=\"article:publisher\" content=\"https:\/\/www.facebook.com\/blogsrsiape\/?locale=pt_BR\" \/>\n<meta property=\"article:published_time\" content=\"2019-02-06T19:18:39+00:00\" \/>\n<meta property=\"article:modified_time\" content=\"2020-01-29T22:06:16+00:00\" \/>\n<meta property=\"og:image\" content=\"https:\/\/11ponto11servidor.com.br\/blogsrsiape\/wp-content\/uploads\/sites\/2\/2019\/02\/destaque_previdencia_materia.jpg\" \/>\n\t<meta property=\"og:image:width\" content=\"848\" \/>\n\t<meta property=\"og:image:height\" content=\"370\" \/>\n\t<meta property=\"og:image:type\" content=\"image\/jpeg\" \/>\n<meta name=\"author\" content=\"websitemix\" \/>\n<meta name=\"twitter:card\" content=\"summary_large_image\" \/>\n<meta name=\"twitter:label1\" content=\"Escrito por\" \/>\n\t<meta name=\"twitter:data1\" content=\"websitemix\" \/>\n\t<meta name=\"twitter:label2\" content=\"Est. tempo de leitura\" \/>\n\t<meta name=\"twitter:data2\" content=\"4 minutos\" \/>\n<script type=\"application\/ld+json\" class=\"yoast-schema-graph\">{\"@context\":\"https:\/\/schema.org\",\"@graph\":[{\"@type\":\"Article\",\"@id\":\"https:\/\/blogdosrsiape.com\/proposta-previdencia-aposentadoria-integral\/#article\",\"isPartOf\":{\"@id\":\"https:\/\/blogdosrsiape.com\/proposta-previdencia-aposentadoria-integral\/\"},\"author\":{\"name\":\"websitemix\",\"@id\":\"https:\/\/blogdosrsiape.com\/#\/schema\/person\/641e1af8b22c69725a1d604fb8959bcf\"},\"headline\":\"Proposta para a Previd\u00eancia prev\u00ea aposentadoria integral para servidor s\u00f3 aos 65 anos\",\"datePublished\":\"2019-02-06T19:18:39+00:00\",\"dateModified\":\"2020-01-29T22:06:16+00:00\",\"mainEntityOfPage\":{\"@id\":\"https:\/\/blogdosrsiape.com\/proposta-previdencia-aposentadoria-integral\/\"},\"wordCount\":880,\"commentCount\":0,\"publisher\":{\"@id\":\"https:\/\/blogdosrsiape.com\/#organization\"},\"image\":{\"@id\":\"https:\/\/blogdosrsiape.com\/proposta-previdencia-aposentadoria-integral\/#primaryimage\"},\"thumbnailUrl\":\"https:\/\/11ponto11servidor.com.br\/blogsrsiape\/wp-content\/uploads\/sites\/2\/2019\/02\/destaque_previdencia_materia.jpg\",\"keywords\":[\"Minist\u00e9rio da Previd\u00eancia Social\"],\"articleSection\":[\"Previd\u00eancia Social\"],\"inLanguage\":\"pt-BR\",\"potentialAction\":[{\"@type\":\"CommentAction\",\"name\":\"Comment\",\"target\":[\"https:\/\/blogdosrsiape.com\/proposta-previdencia-aposentadoria-integral\/#respond\"]}]},{\"@type\":\"WebPage\",\"@id\":\"https:\/\/blogdosrsiape.com\/proposta-previdencia-aposentadoria-integral\/\",\"url\":\"https:\/\/blogdosrsiape.com\/proposta-previdencia-aposentadoria-integral\/\",\"name\":\"Previd\u00eancia prev\u00ea aposentadoria integral ao servidor de 65 anos de idade\",\"isPartOf\":{\"@id\":\"https:\/\/blogdosrsiape.com\/#website\"},\"primaryImageOfPage\":{\"@id\":\"https:\/\/blogdosrsiape.com\/proposta-previdencia-aposentadoria-integral\/#primaryimage\"},\"image\":{\"@id\":\"https:\/\/blogdosrsiape.com\/proposta-previdencia-aposentadoria-integral\/#primaryimage\"},\"thumbnailUrl\":\"https:\/\/11ponto11servidor.com.br\/blogsrsiape\/wp-content\/uploads\/sites\/2\/2019\/02\/destaque_previdencia_materia.jpg\",\"datePublished\":\"2019-02-06T19:18:39+00:00\",\"dateModified\":\"2020-01-29T22:06:16+00:00\",\"description\":\"Servidores que ingressaram at\u00e9 2003 e querem manter direitos \u00e0 aposentadoria integral e reajustes igual a ativa, devem seguir nova regra. Leia na integra.\",\"breadcrumb\":{\"@id\":\"https:\/\/blogdosrsiape.com\/proposta-previdencia-aposentadoria-integral\/#breadcrumb\"},\"inLanguage\":\"pt-BR\",\"potentialAction\":[{\"@type\":\"ReadAction\",\"target\":[\"https:\/\/blogdosrsiape.com\/proposta-previdencia-aposentadoria-integral\/\"]}]},{\"@type\":\"ImageObject\",\"inLanguage\":\"pt-BR\",\"@id\":\"https:\/\/blogdosrsiape.com\/proposta-previdencia-aposentadoria-integral\/#primaryimage\",\"url\":\"https:\/\/11ponto11servidor.com.br\/blogsrsiape\/wp-content\/uploads\/sites\/2\/2019\/02\/destaque_previdencia_materia.jpg\",\"contentUrl\":\"https:\/\/11ponto11servidor.com.br\/blogsrsiape\/wp-content\/uploads\/sites\/2\/2019\/02\/destaque_previdencia_materia.jpg\",\"width\":848,\"height\":370},{\"@type\":\"BreadcrumbList\",\"@id\":\"https:\/\/blogdosrsiape.com\/proposta-previdencia-aposentadoria-integral\/#breadcrumb\",\"itemListElement\":[{\"@type\":\"ListItem\",\"position\":1,\"name\":\"In\u00edcio\",\"item\":\"https:\/\/blogdosrsiape.com\/\"},{\"@type\":\"ListItem\",\"position\":2,\"name\":\"Proposta para a Previd\u00eancia prev\u00ea aposentadoria integral para servidor s\u00f3 aos 65 anos\"}]},{\"@type\":\"WebSite\",\"@id\":\"https:\/\/blogdosrsiape.com\/#website\",\"url\":\"https:\/\/blogdosrsiape.com\/\",\"name\":\"Blog do sr. SIAPE\",\"description\":\"SIAPE Servidor Federal\",\"publisher\":{\"@id\":\"https:\/\/blogdosrsiape.com\/#organization\"},\"potentialAction\":[{\"@type\":\"SearchAction\",\"target\":{\"@type\":\"EntryPoint\",\"urlTemplate\":\"https:\/\/blogdosrsiape.com\/?s={search_term_string}\"},\"query-input\":{\"@type\":\"PropertyValueSpecification\",\"valueRequired\":true,\"valueName\":\"search_term_string\"}}],\"inLanguage\":\"pt-BR\"},{\"@type\":\"Organization\",\"@id\":\"https:\/\/blogdosrsiape.com\/#organization\",\"name\":\"Blog do sr. SIAPE\",\"url\":\"https:\/\/blogdosrsiape.com\/\",\"logo\":{\"@type\":\"ImageObject\",\"inLanguage\":\"pt-BR\",\"@id\":\"https:\/\/blogdosrsiape.com\/#\/schema\/logo\/image\/\",\"url\":\"https:\/\/11ponto11servidor.com.br\/blogsrsiape\/wp-content\/uploads\/sites\/2\/2024\/10\/logo-1.png\",\"contentUrl\":\"https:\/\/11ponto11servidor.com.br\/blogsrsiape\/wp-content\/uploads\/sites\/2\/2024\/10\/logo-1.png\",\"width\":287,\"height\":116,\"caption\":\"Blog do sr. SIAPE\"},\"image\":{\"@id\":\"https:\/\/blogdosrsiape.com\/#\/schema\/logo\/image\/\"},\"sameAs\":[\"https:\/\/www.facebook.com\/blogsrsiape\/?locale=pt_BR\",\"https:\/\/www.instagram.com\/srsiape\/\"]},{\"@type\":\"Person\",\"@id\":\"https:\/\/blogdosrsiape.com\/#\/schema\/person\/641e1af8b22c69725a1d604fb8959bcf\",\"name\":\"websitemix\",\"sameAs\":[\"https:\/\/11ponto11servidor.com.br\"],\"url\":\"https:\/\/11ponto11servidor.com.br\/blogsrsiape\/author\/websitemix\/\"}]}<\/script>\n<!-- \/ Yoast SEO plugin. -->","yoast_head_json":{"title":"Previd\u00eancia prev\u00ea aposentadoria integral ao servidor de 65 anos de idade","description":"Servidores que ingressaram at\u00e9 2003 e querem manter direitos \u00e0 aposentadoria integral e reajustes igual a ativa, devem seguir nova regra. Leia na integra.","robots":{"index":"index","follow":"follow","max-snippet":"max-snippet:-1","max-image-preview":"max-image-preview:large","max-video-preview":"max-video-preview:-1"},"canonical":"https:\/\/blogdosrsiape.com\/proposta-previdencia-aposentadoria-integral\/","og_locale":"pt_BR","og_type":"article","og_title":"Previd\u00eancia prev\u00ea aposentadoria integral ao servidor de 65 anos de idade","og_description":"Servidores que ingressaram at\u00e9 2003 e querem manter direitos \u00e0 aposentadoria integral e reajustes igual a ativa, devem seguir nova regra. Leia na integra.","og_url":"https:\/\/blogdosrsiape.com\/proposta-previdencia-aposentadoria-integral\/","og_site_name":"Blog do Sr. SIAPE","article_publisher":"https:\/\/www.facebook.com\/blogsrsiape\/?locale=pt_BR","article_published_time":"2019-02-06T19:18:39+00:00","article_modified_time":"2020-01-29T22:06:16+00:00","og_image":[{"width":848,"height":370,"url":"https:\/\/11ponto11servidor.com.br\/blogsrsiape\/wp-content\/uploads\/sites\/2\/2019\/02\/destaque_previdencia_materia.jpg","type":"image\/jpeg"}],"author":"websitemix","twitter_card":"summary_large_image","twitter_misc":{"Escrito por":"websitemix","Est. tempo de leitura":"4 minutos"},"schema":{"@context":"https:\/\/schema.org","@graph":[{"@type":"Article","@id":"https:\/\/blogdosrsiape.com\/proposta-previdencia-aposentadoria-integral\/#article","isPartOf":{"@id":"https:\/\/blogdosrsiape.com\/proposta-previdencia-aposentadoria-integral\/"},"author":{"name":"websitemix","@id":"https:\/\/blogdosrsiape.com\/#\/schema\/person\/641e1af8b22c69725a1d604fb8959bcf"},"headline":"Proposta para a Previd\u00eancia prev\u00ea aposentadoria integral para servidor s\u00f3 aos 65 anos","datePublished":"2019-02-06T19:18:39+00:00","dateModified":"2020-01-29T22:06:16+00:00","mainEntityOfPage":{"@id":"https:\/\/blogdosrsiape.com\/proposta-previdencia-aposentadoria-integral\/"},"wordCount":880,"commentCount":0,"publisher":{"@id":"https:\/\/blogdosrsiape.com\/#organization"},"image":{"@id":"https:\/\/blogdosrsiape.com\/proposta-previdencia-aposentadoria-integral\/#primaryimage"},"thumbnailUrl":"https:\/\/11ponto11servidor.com.br\/blogsrsiape\/wp-content\/uploads\/sites\/2\/2019\/02\/destaque_previdencia_materia.jpg","keywords":["Minist\u00e9rio da Previd\u00eancia Social"],"articleSection":["Previd\u00eancia Social"],"inLanguage":"pt-BR","potentialAction":[{"@type":"CommentAction","name":"Comment","target":["https:\/\/blogdosrsiape.com\/proposta-previdencia-aposentadoria-integral\/#respond"]}]},{"@type":"WebPage","@id":"https:\/\/blogdosrsiape.com\/proposta-previdencia-aposentadoria-integral\/","url":"https:\/\/blogdosrsiape.com\/proposta-previdencia-aposentadoria-integral\/","name":"Previd\u00eancia prev\u00ea aposentadoria integral ao servidor de 65 anos de idade","isPartOf":{"@id":"https:\/\/blogdosrsiape.com\/#website"},"primaryImageOfPage":{"@id":"https:\/\/blogdosrsiape.com\/proposta-previdencia-aposentadoria-integral\/#primaryimage"},"image":{"@id":"https:\/\/blogdosrsiape.com\/proposta-previdencia-aposentadoria-integral\/#primaryimage"},"thumbnailUrl":"https:\/\/11ponto11servidor.com.br\/blogsrsiape\/wp-content\/uploads\/sites\/2\/2019\/02\/destaque_previdencia_materia.jpg","datePublished":"2019-02-06T19:18:39+00:00","dateModified":"2020-01-29T22:06:16+00:00","description":"Servidores que ingressaram at\u00e9 2003 e querem manter direitos \u00e0 aposentadoria integral e reajustes igual a ativa, devem seguir nova regra. Leia na integra.","breadcrumb":{"@id":"https:\/\/blogdosrsiape.com\/proposta-previdencia-aposentadoria-integral\/#breadcrumb"},"inLanguage":"pt-BR","potentialAction":[{"@type":"ReadAction","target":["https:\/\/blogdosrsiape.com\/proposta-previdencia-aposentadoria-integral\/"]}]},{"@type":"ImageObject","inLanguage":"pt-BR","@id":"https:\/\/blogdosrsiape.com\/proposta-previdencia-aposentadoria-integral\/#primaryimage","url":"https:\/\/11ponto11servidor.com.br\/blogsrsiape\/wp-content\/uploads\/sites\/2\/2019\/02\/destaque_previdencia_materia.jpg","contentUrl":"https:\/\/11ponto11servidor.com.br\/blogsrsiape\/wp-content\/uploads\/sites\/2\/2019\/02\/destaque_previdencia_materia.jpg","width":848,"height":370},{"@type":"BreadcrumbList","@id":"https:\/\/blogdosrsiape.com\/proposta-previdencia-aposentadoria-integral\/#breadcrumb","itemListElement":[{"@type":"ListItem","position":1,"name":"In\u00edcio","item":"https:\/\/blogdosrsiape.com\/"},{"@type":"ListItem","position":2,"name":"Proposta para a Previd\u00eancia prev\u00ea aposentadoria integral para servidor s\u00f3 aos 65 anos"}]},{"@type":"WebSite","@id":"https:\/\/blogdosrsiape.com\/#website","url":"https:\/\/blogdosrsiape.com\/","name":"Blog do sr. SIAPE","description":"SIAPE Servidor Federal","publisher":{"@id":"https:\/\/blogdosrsiape.com\/#organization"},"potentialAction":[{"@type":"SearchAction","target":{"@type":"EntryPoint","urlTemplate":"https:\/\/blogdosrsiape.com\/?s={search_term_string}"},"query-input":{"@type":"PropertyValueSpecification","valueRequired":true,"valueName":"search_term_string"}}],"inLanguage":"pt-BR"},{"@type":"Organization","@id":"https:\/\/blogdosrsiape.com\/#organization","name":"Blog do sr. SIAPE","url":"https:\/\/blogdosrsiape.com\/","logo":{"@type":"ImageObject","inLanguage":"pt-BR","@id":"https:\/\/blogdosrsiape.com\/#\/schema\/logo\/image\/","url":"https:\/\/11ponto11servidor.com.br\/blogsrsiape\/wp-content\/uploads\/sites\/2\/2024\/10\/logo-1.png","contentUrl":"https:\/\/11ponto11servidor.com.br\/blogsrsiape\/wp-content\/uploads\/sites\/2\/2024\/10\/logo-1.png","width":287,"height":116,"caption":"Blog do sr. SIAPE"},"image":{"@id":"https:\/\/blogdosrsiape.com\/#\/schema\/logo\/image\/"},"sameAs":["https:\/\/www.facebook.com\/blogsrsiape\/?locale=pt_BR","https:\/\/www.instagram.com\/srsiape\/"]},{"@type":"Person","@id":"https:\/\/blogdosrsiape.com\/#\/schema\/person\/641e1af8b22c69725a1d604fb8959bcf","name":"websitemix","sameAs":["https:\/\/11ponto11servidor.com.br"],"url":"https:\/\/11ponto11servidor.com.br\/blogsrsiape\/author\/websitemix\/"}]}},"_links":{"self":[{"href":"https:\/\/11ponto11servidor.com.br\/blogsrsiape\/wp-json\/wp\/v2\/posts\/8931"}],"collection":[{"href":"https:\/\/11ponto11servidor.com.br\/blogsrsiape\/wp-json\/wp\/v2\/posts"}],"about":[{"href":"https:\/\/11ponto11servidor.com.br\/blogsrsiape\/wp-json\/wp\/v2\/types\/post"}],"author":[{"embeddable":true,"href":"https:\/\/11ponto11servidor.com.br\/blogsrsiape\/wp-json\/wp\/v2\/users\/1"}],"replies":[{"embeddable":true,"href":"https:\/\/11ponto11servidor.com.br\/blogsrsiape\/wp-json\/wp\/v2\/comments?post=8931"}],"version-history":[{"count":0,"href":"https:\/\/11ponto11servidor.com.br\/blogsrsiape\/wp-json\/wp\/v2\/posts\/8931\/revisions"}],"wp:featuredmedia":[{"embeddable":true,"href":"https:\/\/11ponto11servidor.com.br\/blogsrsiape\/wp-json\/wp\/v2\/media\/8934"}],"wp:attachment":[{"href":"https:\/\/11ponto11servidor.com.br\/blogsrsiape\/wp-json\/wp\/v2\/media?parent=8931"}],"wp:term":[{"taxonomy":"category","embeddable":true,"href":"https:\/\/11ponto11servidor.com.br\/blogsrsiape\/wp-json\/wp\/v2\/categories?post=8931"},{"taxonomy":"post_tag","embeddable":true,"href":"https:\/\/11ponto11servidor.com.br\/blogsrsiape\/wp-json\/wp\/v2\/tags?post=8931"}],"curies":[{"name":"wp","href":"https:\/\/api.w.org\/{rel}","templated":true}]}}