{"id":9269,"date":"2019-05-07T00:41:14","date_gmt":"2019-05-06T21:41:14","guid":{"rendered":"https:\/\/11ponto11servidor.com.br\/blogsrsiape\/?p=9269"},"modified":"2020-01-29T20:06:34","modified_gmt":"2020-01-29T22:06:34","slug":"governo-ativa-antes-aposentadoria","status":"publish","type":"post","link":"https:\/\/11ponto11servidor.com.br\/blogsrsiape\/governo-ativa-antes-aposentadoria\/","title":{"rendered":"SIGAC: Governo prev\u00ea que servidores ficar\u00e3o em m\u00e9dia mais 7 anos na ativa antes de aposentadoria"},"content":{"rendered":"<section class=\"l-section wpb_row height_large\"><div class=\"l-section-h i-cf\"><div class=\"g-cols vc_row type_default valign_top\"><div class=\"vc_col-sm-12 wpb_column vc_column_container\"><div class=\"vc_column-inner\"><div class=\"wpb_wrapper\"><div class=\"wpb_text_column us_custom_da65c38a\" ><div class=\"wpb_wrapper\"><div id=\"destaque\" class=\"img-destaque banner-textos\">Publicidade<a href=\"https:\/\/seuseguronoclick.com.br\/seguros\/cotacao-auto\/\"><img loading=\"lazy\" decoding=\"async\" class=\"alignnone size-full wp-image-8871\" src=\"https:\/\/11ponto11servidor.com.br\/blogsrsiape\/wp-content\/uploads\/sites\/2\/2019\/01\/banner-seguro-ret.jpg\" alt=\"\" width=\"900\" height=\"100\" srcset=\"https:\/\/11ponto11servidor.com.br\/blogsrsiape\/wp-content\/uploads\/sites\/2\/2019\/01\/banner-seguro-ret.jpg 900w, https:\/\/11ponto11servidor.com.br\/blogsrsiape\/wp-content\/uploads\/sites\/2\/2019\/01\/banner-seguro-ret-300x33.jpg 300w, https:\/\/11ponto11servidor.com.br\/blogsrsiape\/wp-content\/uploads\/sites\/2\/2019\/01\/banner-seguro-ret-768x85.jpg 768w\" sizes=\"(max-width: 900px) 100vw, 900px\" \/><\/a><\/div>\n<\/div><\/div><div class=\"wpb_text_column\" ><div class=\"wpb_wrapper\"><p> <strong><em>Estimativa consta do projeto da Lei de Diretrizes Or\u00e7ament\u00e1rias de 2020, enviado ao Congresso no m\u00eas passado. Entre os motivos, est\u00e1 o chamado &#8216;abono de perman\u00eancia&#8217;.<\/em><\/strong><\/p>\n<\/div><\/div><\/div><\/div><\/div><\/div><\/div><\/section><section class=\"l-section wpb_row height_large\"><div class=\"l-section-h i-cf\"><div class=\"g-cols vc_row type_default valign_top\"><div class=\"vc_col-sm-12 wpb_column vc_column_container\"><div class=\"vc_column-inner\"><div class=\"wpb_wrapper\"><div class=\"wpb_text_column\" ><div class=\"wpb_wrapper\"><div class=\"mc-column content-text active-extra-styles active-capital-letter\" data-block-type=\"unstyled\" data-block-weight=\"17\" data-block-id=\"2\">\n<p>O governo federal estimou no projeto da Lei de Diretrizes Or\u00e7ament\u00e1rias (LDO) de 2020, encaminhado em abril ao Congresso Nacional, que os servidores p\u00fablicos em condi\u00e7\u00f5es para pedir aposentadoria aguardar\u00e3o, em m\u00e9dia, mais sete anos para ingressar formalmente com os pedidos \u2013 em raz\u00e3o tamb\u00e9m do chamado &#8220;abono de perman\u00eancia&#8221;.<\/p>\n<p>Esse benef\u00edcio, institu\u00eddo pela Emenda Constitucional 41, em 2003, corresponde ao valor da contribui\u00e7\u00e3o previdenci\u00e1ria mensal do servidor que solicitar, desde que tenha cumprido os requisitos para aposentadoria e opte em permanecer em atividade.<\/p>\n<p>S\u00f3 h\u00e1 abono de perman\u00eancia para aposentadoria proporcional se adquirido o direito at\u00e9 30 de dezembro de 2003, e, por idade (homens, 65 anos, e mulher, 60) \u2013 se completada a idade at\u00e9 a mesma data \u2013, acrescido de tempo de contribui\u00e7\u00e3o (homem, 30 anos e mulher, 25 anos) e demais requisitos.<\/p>\n<p>&nbsp;<\/p>\n<\/div>\n<h4><strong>O que diz a LDO<\/strong><\/h4>\n<p>De acordo com o projeto da LDO de 2020, enviada no m\u00eas passado ao Legislativo, at\u00e9 a avalia\u00e7\u00e3o atuarial do exerc\u00edcio de 2017, considerava-se que todos os servidores identificados com direito ao recebimento do abono de perman\u00eancia iriam exercer de imediato o direito \u00e0 aposentadoria.<\/p>\n<p>Entretanto, o governo acrescentou que essa &#8220;hip\u00f3tese&#8221; se mostrou &#8220;muito conservadora&#8221;, pois n\u00e3o se observa que isso ocorra na pr\u00e1tica \u2013 o que gerava &#8220;distor\u00e7\u00f5es nas proje\u00e7\u00f5es atuariais&#8221; (para os gastos com benef\u00edcios).<\/p>\n<p>No projeto da LDO, informou ainda que, por essa raz\u00e3o, essa hip\u00f3tese foi revista, adotando-se a premissa de que os servidores aguardar\u00e3o mais sete anos no trabalho, &#8220;contados da data de cumprimento da melhor elegibilidade para se aposentar&#8221;.<\/p>\n<p>De acordo com informa\u00e7\u00f5es da \u00e1rea econ\u00f4mica, essa proje\u00e7\u00e3o de que os servidores aguardar\u00e3o, em m\u00e9dia, mais sete anos para se aposentar tem por base a experi\u00eancia do que aconteceu nos \u00faltimos anos.<\/p>\n<p>O governo informou, por\u00e9m, que a maioria dos servidores que optam por n\u00e3o se aposentar quando re\u00fanem as condi\u00e7\u00f5es para isso t\u00eam sal\u00e1rios mais baixos.<\/p>\n<p>O secret\u00e1rio especial adjunto de Desburocratiza\u00e7\u00e3o, Gest\u00e3o e Governo Digital do Minist\u00e9rio da Economia, Gleisson Rubin, afirmou, entretanto, que, se h\u00e1 em curso um movimento para alterar as regras vigentes de aposentadoria, por meio de proposta que tramita no Congresso Nacional, &#8220;\u00e9 de se esperar que o n\u00famero de pedidos [de aposentadoria] aumente, o que de fato se vem observando nos \u00faltimos 60 dias&#8221;.<\/p>\n<p>Segundo Gleisson Rubin, do Minist\u00e9rio da Economia, n\u00e3o h\u00e1 neste momento inten\u00e7\u00e3o por parte do governo de propor o fim do abono de perman\u00eancia.<\/p>\n<p>&#8220;Por ora, n\u00e3o h\u00e1 movimentos nesse sentido. O fim do abono de perman\u00eancia demandaria o envio de uma PEC [Proposta de Emenda Constitucional], o que n\u00e3o seria conveniente neste momento em que o foco deve estar na discuss\u00e3o da reforma da Previd\u00eancia&#8221;, declarou o secret\u00e1rio.<\/p>\n<p>Segundo ele, isso n\u00e3o representa um &#8220;ju\u00edzo de valor&#8221; \u2013 se o governo est\u00e1 ou n\u00e3o satisfeito com o atual formato do abono perman\u00eancia \u2013 mas somente uma observa\u00e7\u00e3o de que, neste momento, n\u00e3o h\u00e1 &#8220;timing pol\u00edtico&#8221; para tratar desse assunto.<\/p>\n<\/div><\/div><div class=\"wpb_text_column us_custom_da65c38a\" ><div class=\"wpb_wrapper\"><div id=\"destaque\" class=\"img-destaque banner-textos\">Publicidade<a href=\"https:\/\/seuseguronoclick.com.br\/seguros\/cotacao-auto\/\"><img loading=\"lazy\" decoding=\"async\" class=\"alignnone size-full wp-image-9274\" src=\"https:\/\/11ponto11servidor.com.br\/blogsrsiape\/wp-content\/uploads\/sites\/2\/2019\/05\/Composi\u00e7\u00e3o-1_2.gif\" alt=\"\" width=\"900\" height=\"100\" \/><\/a><\/div>\n<\/div><\/div><div class=\"wpb_text_column\" ><div class=\"wpb_wrapper\"><h4><strong>Reduzir despesas<\/strong><\/h4>\n<p>O ministro Paulo Guedes tem buscado diminuir as despesas com servidores p\u00fablicos, o segundo maior gasto do or\u00e7amento prim\u00e1rio da Uni\u00e3o (aquele que n\u00e3o tem rela\u00e7\u00e3o com a d\u00edvida p\u00fablica) nos pr\u00f3ximos anos.<\/p>\n<p>No in\u00edcio deste m\u00eas, em evento em Bras\u00edlia, ele disse que seria uma &#8220;grande not\u00edcia&#8221; a previs\u00e3o de que 50% do funcionalismo p\u00fablico se aposentar\u00e1 nos pr\u00f3ximos cinco anos.<\/p>\n<p>Para isso, ele informou que quer &#8220;travar&#8221; os concursos p\u00fablicos. Para 2020, n\u00e3o est\u00e3o previstos concursos p\u00fablicos e nem reajustes de servidores \u2013 com exce\u00e7\u00e3o para o processo de reestrutura\u00e7\u00e3o de carreira dos militares.<\/p>\n<p>Em 2018, o n\u00famero de servidores p\u00fablicos federais na ativa registrou a primeira redu\u00e7\u00e3o em 11 anos, de acordo com o Painel Estat\u00edstico de Pessoal, mantido pelo Minist\u00e9rio da Economia.<\/p>\n<p>&nbsp;<\/p>\n<h4><strong>Contas do governo<\/strong><\/h4>\n<p>A diretriz de enxugar a m\u00e1quina p\u00fablica se d\u00e1 em um momento de dificuldade nas contas p\u00fablicas. Para este ano e para 2020, respectivamente, o governo projeta um rombo em suas contas (sem contar gastos com juros) de at\u00e9 R$ 139 bilh\u00f5es e de at\u00e9 R$ 124,1 bilh\u00f5es.<\/p>\n<p>Pressionadas principalmente por gastos previdenci\u00e1rios crescentes, al\u00e9m de perdas de arrecada\u00e7\u00e3o com benef\u00edcios fiscais, as contas do governo est\u00e3o deficit\u00e1rias desde 2014. A previs\u00e3o da equipe econ\u00f4mica \u00e9 de que o resultado continuar\u00e1 no vermelho at\u00e9 o fim do governo Bolsonaro, em 2022.<\/p>\n<p>&nbsp;<\/p>\n<h4><strong>Gastos com servidores<\/strong><\/h4>\n<p>De acordo com as proje\u00e7\u00f5es contidas na proposta da LDO de 2020, os gastos com servidores p\u00fablicos avan\u00e7ariam de R$ 326 bilh\u00f5es, em 2019, ou 4,46% do Produto Interno Bruto (PIB), para:<\/p>\n<p>R$ 338,1 bilh\u00f5es em 2020 (4,29% do PIB);<br \/>\nR$ 350 bilh\u00f5es em 2021 (4,14% do PIB);<br \/>\nR$ 363,3 bilh\u00f5es (4% do PIB) em 2022.<br \/>\nDessa forma, embora cres\u00e7a em valores, o governo prev\u00ea recuo na propor\u00e7\u00e3o do PIB nos pr\u00f3ximos anos.<\/p>\n<p>&nbsp;<\/p>\n<h4><strong>Concursos<\/strong><\/h4>\n<p>No m\u00eas passado, o governo editou um decreto para estabelecer crit\u00e9rios mais rigorosos para abertura de vagas por meio de concursos p\u00fablicos. As regras passar\u00e3o a valer a partir de 1\u00ba de junho.<\/p>\n<p>De acordo com o governo federal, haver\u00e1 &#8220;maior rigor na autoriza\u00e7\u00e3o de concurso p\u00fablico e na autoriza\u00e7\u00e3o de nomea\u00e7\u00e3o de aprovados&#8221;. Entre os crit\u00e9rios est\u00e3o os seguintes:<\/p>\n<ul>\n<li>os \u00f3rg\u00e3os p\u00fablicos dever\u00e3o respeitar crit\u00e9rios mais espec\u00edficos e rigorosos para justificar novos concursos;<\/li>\n<li>o concurso n\u00e3o ter\u00e1 prazo de validade superior a dois anos (salvo se houver previs\u00e3o no edital);<\/li>\n<li>os \u00f3rg\u00e3os p\u00fablicos dever\u00e3o provar que tentaram outras medidas para preencher as vagas, como remanejamento de pessoal.<\/li>\n<\/ul>\n<p>Fonte: <a href=\"https:\/\/g1.globo.com\/\">G1<\/a><\/p>\n<\/div><\/div><\/div><\/div><\/div><\/div><\/div><\/section><section class=\"l-section wpb_row us_custom_da65c38a height_large\"><div class=\"l-section-h i-cf\"><div class=\"g-cols vc_row type_default valign_top\"><div class=\"vc_col-sm-12 wpb_column vc_column_container\"><div class=\"vc_column-inner\"><div class=\"wpb_wrapper\"><div class=\"wpb_text_column us_custom_da65c38a\" ><div class=\"wpb_wrapper\"><div id=\"destaque\" class=\"img-destaque banner-textos\">Publicidade<a href=\"https:\/\/seuseguronoclick.com.br\/seguros\/odonto\"><img loading=\"lazy\" decoding=\"async\" class=\"alignnone wp-image-9016 size-full\" src=\"https:\/\/11ponto11servidor.com.br\/blogsrsiape\/wp-content\/uploads\/sites\/2\/2019\/02\/Banner-Amil.png\" alt=\"\" width=\"900\" height=\"100\" srcset=\"https:\/\/11ponto11servidor.com.br\/blogsrsiape\/wp-content\/uploads\/sites\/2\/2019\/02\/Banner-Amil.png 900w, https:\/\/11ponto11servidor.com.br\/blogsrsiape\/wp-content\/uploads\/sites\/2\/2019\/02\/Banner-Amil-300x33.png 300w, https:\/\/11ponto11servidor.com.br\/blogsrsiape\/wp-content\/uploads\/sites\/2\/2019\/02\/Banner-Amil-768x85.png 768w\" sizes=\"(max-width: 900px) 100vw, 900px\" \/><\/a><\/div>\n<\/div><\/div><\/div><\/div><\/div><\/div><\/div><\/section><section class=\"l-section wpb_row height_large\"><div class=\"l-section-h i-cf\"><div class=\"g-cols vc_row type_default valign_top\"><div class=\"vc_col-sm-12 wpb_column vc_column_container\"><div class=\"vc_column-inner\"><div class=\"wpb_wrapper\"><div class=\"g-cols wpb_row  us_custom_da65c38a type_default valign_top vc_inner\"><div class=\"vc_col-sm-2 wpb_column vc_column_container\"><div class=\"vc_column-inner us_custom_da65c38a\"><div class=\"wpb_wrapper\">[vc_single_image source=&#8221;external_link&#8221; alignment=&#8221;center&#8221; css_animation=&#8221;bounceIn&#8221; custom_src=&#8221;\/wp-content\/themes\/blogsiape\/img\/icon_notifications.jpg&#8221;]<\/div><\/div><\/div><div class=\"vc_col-sm-10 wpb_column vc_column_container\"><div class=\"vc_column-inner us_custom_da65c38a\"><div class=\"wpb_wrapper\"><div class=\"wpb_text_column us_custom_da65c38a cor_preta\" ><div class=\"wpb_wrapper\"><h2 class=\"cor_preta\" align=\"left\">Receba as not\u00edcias antes dos demais Assinantes!<\/h2>\n<p class=\"cor_preta\" align=\"left\">Clique para ativar as notifica\u00e7\u00f5es e receba antes de serem publicadas<\/p>\n<\/div><\/div><\/div><\/div><\/div><\/div><\/div><\/div><\/div><\/div><\/div><\/section>\n","protected":false},"excerpt":{"rendered":"<p>O governo federal estimou que os servidores SIGEPE ou SIAPE em condi\u00e7\u00f5es de pedir aposentadoria aguardar\u00e3o mais sete anos para ingressar com os pedidos.<\/p>\n","protected":false},"author":1,"featured_media":9275,"comment_status":"open","ping_status":"open","sticky":false,"template":"","format":"standard","meta":{"footnotes":""},"categories":[5],"tags":[],"class_list":["post-9269","post","type-post","status-publish","format-standard","has-post-thumbnail","hentry","category-aposentadoria"],"yoast_head":"<!-- This site is optimized with the Yoast SEO plugin v23.6 - https:\/\/yoast.com\/wordpress\/plugins\/seo\/ -->\n<title>SIGAC: Governo prev\u00ea que servidores ficar\u00e3o em m\u00e9dia mais 7 anos na ativa antes de aposentadoria - Blog do Sr. SIAPE<\/title>\n<meta name=\"description\" content=\"O governo federal estimou que os servidores SIGEPE ou SIAPE em condi\u00e7\u00f5es de pedir aposentadoria aguardar\u00e3o mais sete anos para ingressar com os pedidos.\" \/>\n<meta name=\"robots\" content=\"index, follow, max-snippet:-1, max-image-preview:large, max-video-preview:-1\" \/>\n<link rel=\"canonical\" href=\"https:\/\/blogdosrsiape.net\/governo-ativa-antes-aposentadoria\/\" \/>\n<meta property=\"og:locale\" content=\"pt_BR\" \/>\n<meta property=\"og:type\" content=\"article\" \/>\n<meta property=\"og:title\" content=\"SIGAC: Governo prev\u00ea que servidores ficar\u00e3o em m\u00e9dia mais 7 anos na ativa antes de aposentadoria - Blog do Sr. SIAPE\" \/>\n<meta property=\"og:description\" content=\"O governo federal estimou que os servidores SIGEPE ou SIAPE em condi\u00e7\u00f5es de pedir aposentadoria aguardar\u00e3o mais sete anos para ingressar com os pedidos.\" \/>\n<meta property=\"og:url\" content=\"https:\/\/blogdosrsiape.net\/governo-ativa-antes-aposentadoria\/\" \/>\n<meta property=\"og:site_name\" content=\"Blog do Sr. SIAPE\" \/>\n<meta property=\"article:publisher\" content=\"https:\/\/www.facebook.com\/blogsrsiape\/?locale=pt_BR\" \/>\n<meta property=\"article:published_time\" content=\"2019-05-06T21:41:14+00:00\" \/>\n<meta property=\"article:modified_time\" content=\"2020-01-29T22:06:34+00:00\" \/>\n<meta property=\"og:image\" content=\"https:\/\/11ponto11servidor.com.br\/blogsrsiape\/wp-content\/uploads\/sites\/2\/2019\/05\/velho-destaque.jpg\" \/>\n\t<meta property=\"og:image:width\" content=\"848\" \/>\n\t<meta property=\"og:image:height\" content=\"450\" \/>\n\t<meta property=\"og:image:type\" content=\"image\/jpeg\" \/>\n<meta name=\"author\" content=\"websitemix\" \/>\n<meta name=\"twitter:card\" content=\"summary_large_image\" \/>\n<meta name=\"twitter:label1\" content=\"Escrito por\" \/>\n\t<meta name=\"twitter:data1\" content=\"websitemix\" \/>\n\t<meta name=\"twitter:label2\" content=\"Est. tempo de leitura\" \/>\n\t<meta name=\"twitter:data2\" content=\"6 minutos\" \/>\n<script type=\"application\/ld+json\" class=\"yoast-schema-graph\">{\"@context\":\"https:\/\/schema.org\",\"@graph\":[{\"@type\":\"Article\",\"@id\":\"https:\/\/blogdosrsiape.net\/governo-ativa-antes-aposentadoria\/#article\",\"isPartOf\":{\"@id\":\"https:\/\/blogdosrsiape.net\/governo-ativa-antes-aposentadoria\/\"},\"author\":{\"name\":\"websitemix\",\"@id\":\"https:\/\/blogdosrsiape.com\/#\/schema\/person\/641e1af8b22c69725a1d604fb8959bcf\"},\"headline\":\"SIGAC: Governo prev\u00ea que servidores ficar\u00e3o em m\u00e9dia mais 7 anos na ativa antes de aposentadoria\",\"datePublished\":\"2019-05-06T21:41:14+00:00\",\"dateModified\":\"2020-01-29T22:06:34+00:00\",\"mainEntityOfPage\":{\"@id\":\"https:\/\/blogdosrsiape.net\/governo-ativa-antes-aposentadoria\/\"},\"wordCount\":1246,\"commentCount\":0,\"publisher\":{\"@id\":\"https:\/\/blogdosrsiape.com\/#organization\"},\"image\":{\"@id\":\"https:\/\/blogdosrsiape.net\/governo-ativa-antes-aposentadoria\/#primaryimage\"},\"thumbnailUrl\":\"https:\/\/11ponto11servidor.com.br\/blogsrsiape\/wp-content\/uploads\/sites\/2\/2019\/05\/velho-destaque.jpg\",\"articleSection\":[\"Aposentadoria\"],\"inLanguage\":\"pt-BR\",\"potentialAction\":[{\"@type\":\"CommentAction\",\"name\":\"Comment\",\"target\":[\"https:\/\/blogdosrsiape.net\/governo-ativa-antes-aposentadoria\/#respond\"]}]},{\"@type\":\"WebPage\",\"@id\":\"https:\/\/blogdosrsiape.net\/governo-ativa-antes-aposentadoria\/\",\"url\":\"https:\/\/blogdosrsiape.net\/governo-ativa-antes-aposentadoria\/\",\"name\":\"SIGAC: Governo prev\u00ea que servidores ficar\u00e3o em m\u00e9dia mais 7 anos na ativa antes de aposentadoria - Blog do Sr. SIAPE\",\"isPartOf\":{\"@id\":\"https:\/\/blogdosrsiape.com\/#website\"},\"primaryImageOfPage\":{\"@id\":\"https:\/\/blogdosrsiape.net\/governo-ativa-antes-aposentadoria\/#primaryimage\"},\"image\":{\"@id\":\"https:\/\/blogdosrsiape.net\/governo-ativa-antes-aposentadoria\/#primaryimage\"},\"thumbnailUrl\":\"https:\/\/11ponto11servidor.com.br\/blogsrsiape\/wp-content\/uploads\/sites\/2\/2019\/05\/velho-destaque.jpg\",\"datePublished\":\"2019-05-06T21:41:14+00:00\",\"dateModified\":\"2020-01-29T22:06:34+00:00\",\"description\":\"O governo federal estimou que os servidores SIGEPE ou SIAPE em condi\u00e7\u00f5es de pedir aposentadoria aguardar\u00e3o mais sete anos para ingressar com os pedidos.\",\"breadcrumb\":{\"@id\":\"https:\/\/blogdosrsiape.net\/governo-ativa-antes-aposentadoria\/#breadcrumb\"},\"inLanguage\":\"pt-BR\",\"potentialAction\":[{\"@type\":\"ReadAction\",\"target\":[\"https:\/\/blogdosrsiape.net\/governo-ativa-antes-aposentadoria\/\"]}]},{\"@type\":\"ImageObject\",\"inLanguage\":\"pt-BR\",\"@id\":\"https:\/\/blogdosrsiape.net\/governo-ativa-antes-aposentadoria\/#primaryimage\",\"url\":\"https:\/\/11ponto11servidor.com.br\/blogsrsiape\/wp-content\/uploads\/sites\/2\/2019\/05\/velho-destaque.jpg\",\"contentUrl\":\"https:\/\/11ponto11servidor.com.br\/blogsrsiape\/wp-content\/uploads\/sites\/2\/2019\/05\/velho-destaque.jpg\",\"width\":848,\"height\":450},{\"@type\":\"BreadcrumbList\",\"@id\":\"https:\/\/blogdosrsiape.net\/governo-ativa-antes-aposentadoria\/#breadcrumb\",\"itemListElement\":[{\"@type\":\"ListItem\",\"position\":1,\"name\":\"In\u00edcio\",\"item\":\"https:\/\/blogdosrsiape.com\/\"},{\"@type\":\"ListItem\",\"position\":2,\"name\":\"SIGAC: Governo prev\u00ea que servidores ficar\u00e3o em m\u00e9dia mais 7 anos na ativa antes de aposentadoria\"}]},{\"@type\":\"WebSite\",\"@id\":\"https:\/\/blogdosrsiape.com\/#website\",\"url\":\"https:\/\/blogdosrsiape.com\/\",\"name\":\"Blog do sr. SIAPE\",\"description\":\"SIAPE Servidor Federal\",\"publisher\":{\"@id\":\"https:\/\/blogdosrsiape.com\/#organization\"},\"potentialAction\":[{\"@type\":\"SearchAction\",\"target\":{\"@type\":\"EntryPoint\",\"urlTemplate\":\"https:\/\/blogdosrsiape.com\/?s={search_term_string}\"},\"query-input\":{\"@type\":\"PropertyValueSpecification\",\"valueRequired\":true,\"valueName\":\"search_term_string\"}}],\"inLanguage\":\"pt-BR\"},{\"@type\":\"Organization\",\"@id\":\"https:\/\/blogdosrsiape.com\/#organization\",\"name\":\"Blog do sr. SIAPE\",\"url\":\"https:\/\/blogdosrsiape.com\/\",\"logo\":{\"@type\":\"ImageObject\",\"inLanguage\":\"pt-BR\",\"@id\":\"https:\/\/blogdosrsiape.com\/#\/schema\/logo\/image\/\",\"url\":\"https:\/\/11ponto11servidor.com.br\/blogsrsiape\/wp-content\/uploads\/sites\/2\/2024\/10\/logo-1.png\",\"contentUrl\":\"https:\/\/11ponto11servidor.com.br\/blogsrsiape\/wp-content\/uploads\/sites\/2\/2024\/10\/logo-1.png\",\"width\":287,\"height\":116,\"caption\":\"Blog do sr. SIAPE\"},\"image\":{\"@id\":\"https:\/\/blogdosrsiape.com\/#\/schema\/logo\/image\/\"},\"sameAs\":[\"https:\/\/www.facebook.com\/blogsrsiape\/?locale=pt_BR\",\"https:\/\/www.instagram.com\/srsiape\/\"]},{\"@type\":\"Person\",\"@id\":\"https:\/\/blogdosrsiape.com\/#\/schema\/person\/641e1af8b22c69725a1d604fb8959bcf\",\"name\":\"websitemix\",\"sameAs\":[\"https:\/\/11ponto11servidor.com.br\"],\"url\":\"https:\/\/11ponto11servidor.com.br\/blogsrsiape\/author\/websitemix\/\"}]}<\/script>\n<!-- \/ Yoast SEO plugin. -->","yoast_head_json":{"title":"SIGAC: Governo prev\u00ea que servidores ficar\u00e3o em m\u00e9dia mais 7 anos na ativa antes de aposentadoria - Blog do Sr. SIAPE","description":"O governo federal estimou que os servidores SIGEPE ou SIAPE em condi\u00e7\u00f5es de pedir aposentadoria aguardar\u00e3o mais sete anos para ingressar com os pedidos.","robots":{"index":"index","follow":"follow","max-snippet":"max-snippet:-1","max-image-preview":"max-image-preview:large","max-video-preview":"max-video-preview:-1"},"canonical":"https:\/\/blogdosrsiape.net\/governo-ativa-antes-aposentadoria\/","og_locale":"pt_BR","og_type":"article","og_title":"SIGAC: Governo prev\u00ea que servidores ficar\u00e3o em m\u00e9dia mais 7 anos na ativa antes de aposentadoria - Blog do Sr. SIAPE","og_description":"O governo federal estimou que os servidores SIGEPE ou SIAPE em condi\u00e7\u00f5es de pedir aposentadoria aguardar\u00e3o mais sete anos para ingressar com os pedidos.","og_url":"https:\/\/blogdosrsiape.net\/governo-ativa-antes-aposentadoria\/","og_site_name":"Blog do Sr. SIAPE","article_publisher":"https:\/\/www.facebook.com\/blogsrsiape\/?locale=pt_BR","article_published_time":"2019-05-06T21:41:14+00:00","article_modified_time":"2020-01-29T22:06:34+00:00","og_image":[{"width":848,"height":450,"url":"https:\/\/11ponto11servidor.com.br\/blogsrsiape\/wp-content\/uploads\/sites\/2\/2019\/05\/velho-destaque.jpg","type":"image\/jpeg"}],"author":"websitemix","twitter_card":"summary_large_image","twitter_misc":{"Escrito por":"websitemix","Est. tempo de leitura":"6 minutos"},"schema":{"@context":"https:\/\/schema.org","@graph":[{"@type":"Article","@id":"https:\/\/blogdosrsiape.net\/governo-ativa-antes-aposentadoria\/#article","isPartOf":{"@id":"https:\/\/blogdosrsiape.net\/governo-ativa-antes-aposentadoria\/"},"author":{"name":"websitemix","@id":"https:\/\/blogdosrsiape.com\/#\/schema\/person\/641e1af8b22c69725a1d604fb8959bcf"},"headline":"SIGAC: Governo prev\u00ea que servidores ficar\u00e3o em m\u00e9dia mais 7 anos na ativa antes de aposentadoria","datePublished":"2019-05-06T21:41:14+00:00","dateModified":"2020-01-29T22:06:34+00:00","mainEntityOfPage":{"@id":"https:\/\/blogdosrsiape.net\/governo-ativa-antes-aposentadoria\/"},"wordCount":1246,"commentCount":0,"publisher":{"@id":"https:\/\/blogdosrsiape.com\/#organization"},"image":{"@id":"https:\/\/blogdosrsiape.net\/governo-ativa-antes-aposentadoria\/#primaryimage"},"thumbnailUrl":"https:\/\/11ponto11servidor.com.br\/blogsrsiape\/wp-content\/uploads\/sites\/2\/2019\/05\/velho-destaque.jpg","articleSection":["Aposentadoria"],"inLanguage":"pt-BR","potentialAction":[{"@type":"CommentAction","name":"Comment","target":["https:\/\/blogdosrsiape.net\/governo-ativa-antes-aposentadoria\/#respond"]}]},{"@type":"WebPage","@id":"https:\/\/blogdosrsiape.net\/governo-ativa-antes-aposentadoria\/","url":"https:\/\/blogdosrsiape.net\/governo-ativa-antes-aposentadoria\/","name":"SIGAC: Governo prev\u00ea que servidores ficar\u00e3o em m\u00e9dia mais 7 anos na ativa antes de aposentadoria - Blog do Sr. SIAPE","isPartOf":{"@id":"https:\/\/blogdosrsiape.com\/#website"},"primaryImageOfPage":{"@id":"https:\/\/blogdosrsiape.net\/governo-ativa-antes-aposentadoria\/#primaryimage"},"image":{"@id":"https:\/\/blogdosrsiape.net\/governo-ativa-antes-aposentadoria\/#primaryimage"},"thumbnailUrl":"https:\/\/11ponto11servidor.com.br\/blogsrsiape\/wp-content\/uploads\/sites\/2\/2019\/05\/velho-destaque.jpg","datePublished":"2019-05-06T21:41:14+00:00","dateModified":"2020-01-29T22:06:34+00:00","description":"O governo federal estimou que os servidores SIGEPE ou SIAPE em condi\u00e7\u00f5es de pedir aposentadoria aguardar\u00e3o mais sete anos para ingressar com os pedidos.","breadcrumb":{"@id":"https:\/\/blogdosrsiape.net\/governo-ativa-antes-aposentadoria\/#breadcrumb"},"inLanguage":"pt-BR","potentialAction":[{"@type":"ReadAction","target":["https:\/\/blogdosrsiape.net\/governo-ativa-antes-aposentadoria\/"]}]},{"@type":"ImageObject","inLanguage":"pt-BR","@id":"https:\/\/blogdosrsiape.net\/governo-ativa-antes-aposentadoria\/#primaryimage","url":"https:\/\/11ponto11servidor.com.br\/blogsrsiape\/wp-content\/uploads\/sites\/2\/2019\/05\/velho-destaque.jpg","contentUrl":"https:\/\/11ponto11servidor.com.br\/blogsrsiape\/wp-content\/uploads\/sites\/2\/2019\/05\/velho-destaque.jpg","width":848,"height":450},{"@type":"BreadcrumbList","@id":"https:\/\/blogdosrsiape.net\/governo-ativa-antes-aposentadoria\/#breadcrumb","itemListElement":[{"@type":"ListItem","position":1,"name":"In\u00edcio","item":"https:\/\/blogdosrsiape.com\/"},{"@type":"ListItem","position":2,"name":"SIGAC: Governo prev\u00ea que servidores ficar\u00e3o em m\u00e9dia mais 7 anos na ativa antes de aposentadoria"}]},{"@type":"WebSite","@id":"https:\/\/blogdosrsiape.com\/#website","url":"https:\/\/blogdosrsiape.com\/","name":"Blog do sr. SIAPE","description":"SIAPE Servidor Federal","publisher":{"@id":"https:\/\/blogdosrsiape.com\/#organization"},"potentialAction":[{"@type":"SearchAction","target":{"@type":"EntryPoint","urlTemplate":"https:\/\/blogdosrsiape.com\/?s={search_term_string}"},"query-input":{"@type":"PropertyValueSpecification","valueRequired":true,"valueName":"search_term_string"}}],"inLanguage":"pt-BR"},{"@type":"Organization","@id":"https:\/\/blogdosrsiape.com\/#organization","name":"Blog do sr. SIAPE","url":"https:\/\/blogdosrsiape.com\/","logo":{"@type":"ImageObject","inLanguage":"pt-BR","@id":"https:\/\/blogdosrsiape.com\/#\/schema\/logo\/image\/","url":"https:\/\/11ponto11servidor.com.br\/blogsrsiape\/wp-content\/uploads\/sites\/2\/2024\/10\/logo-1.png","contentUrl":"https:\/\/11ponto11servidor.com.br\/blogsrsiape\/wp-content\/uploads\/sites\/2\/2024\/10\/logo-1.png","width":287,"height":116,"caption":"Blog do sr. SIAPE"},"image":{"@id":"https:\/\/blogdosrsiape.com\/#\/schema\/logo\/image\/"},"sameAs":["https:\/\/www.facebook.com\/blogsrsiape\/?locale=pt_BR","https:\/\/www.instagram.com\/srsiape\/"]},{"@type":"Person","@id":"https:\/\/blogdosrsiape.com\/#\/schema\/person\/641e1af8b22c69725a1d604fb8959bcf","name":"websitemix","sameAs":["https:\/\/11ponto11servidor.com.br"],"url":"https:\/\/11ponto11servidor.com.br\/blogsrsiape\/author\/websitemix\/"}]}},"_links":{"self":[{"href":"https:\/\/11ponto11servidor.com.br\/blogsrsiape\/wp-json\/wp\/v2\/posts\/9269"}],"collection":[{"href":"https:\/\/11ponto11servidor.com.br\/blogsrsiape\/wp-json\/wp\/v2\/posts"}],"about":[{"href":"https:\/\/11ponto11servidor.com.br\/blogsrsiape\/wp-json\/wp\/v2\/types\/post"}],"author":[{"embeddable":true,"href":"https:\/\/11ponto11servidor.com.br\/blogsrsiape\/wp-json\/wp\/v2\/users\/1"}],"replies":[{"embeddable":true,"href":"https:\/\/11ponto11servidor.com.br\/blogsrsiape\/wp-json\/wp\/v2\/comments?post=9269"}],"version-history":[{"count":0,"href":"https:\/\/11ponto11servidor.com.br\/blogsrsiape\/wp-json\/wp\/v2\/posts\/9269\/revisions"}],"wp:featuredmedia":[{"embeddable":true,"href":"https:\/\/11ponto11servidor.com.br\/blogsrsiape\/wp-json\/wp\/v2\/media\/9275"}],"wp:attachment":[{"href":"https:\/\/11ponto11servidor.com.br\/blogsrsiape\/wp-json\/wp\/v2\/media?parent=9269"}],"wp:term":[{"taxonomy":"category","embeddable":true,"href":"https:\/\/11ponto11servidor.com.br\/blogsrsiape\/wp-json\/wp\/v2\/categories?post=9269"},{"taxonomy":"post_tag","embeddable":true,"href":"https:\/\/11ponto11servidor.com.br\/blogsrsiape\/wp-json\/wp\/v2\/tags?post=9269"}],"curies":[{"name":"wp","href":"https:\/\/api.w.org\/{rel}","templated":true}]}}