{"id":9402,"date":"2019-06-12T23:50:19","date_gmt":"2019-06-12T20:50:19","guid":{"rendered":"https:\/\/11ponto11servidor.com.br\/blogsrsiape\/?p=9402"},"modified":"2020-01-29T20:06:40","modified_gmt":"2020-01-29T22:06:40","slug":"grande-parte-de-servidores-federais-aderem-a-greve","status":"publish","type":"post","link":"https:\/\/11ponto11servidor.com.br\/blogsrsiape\/grande-parte-de-servidores-federais-aderem-a-greve\/","title":{"rendered":"Grande parte de Servidores Federais aderem a greve"},"content":{"rendered":"<section class=\"l-section wpb_row height_large\"><div class=\"l-section-h i-cf\"><div class=\"g-cols vc_row type_default valign_top\"><div class=\"vc_col-sm-12 wpb_column vc_column_container\"><div class=\"vc_column-inner\"><div class=\"wpb_wrapper\"><div class=\"wpb_text_column us_custom_da65c38a\" ><div class=\"wpb_wrapper\"><div id=\"destaque\" class=\"img-destaque banner-textos\">Publicidade <a href=\"https:\/\/seucreditonoclick.com.br\/credito-consignado-com-selfie\/\"><img loading=\"lazy\" decoding=\"async\" class=\"alignnone size-full wp-image-9232\" src=\"https:\/\/11ponto11servidor.com.br\/blogsrsiape\/wp-content\/uploads\/sites\/2\/2019\/04\/Banner-selfie-1.png\" alt=\"\" width=\"900\" height=\"100\" srcset=\"https:\/\/11ponto11servidor.com.br\/blogsrsiape\/wp-content\/uploads\/sites\/2\/2019\/04\/Banner-selfie-1.png 900w, https:\/\/11ponto11servidor.com.br\/blogsrsiape\/wp-content\/uploads\/sites\/2\/2019\/04\/Banner-selfie-1-300x33.png 300w, https:\/\/11ponto11servidor.com.br\/blogsrsiape\/wp-content\/uploads\/sites\/2\/2019\/04\/Banner-selfie-1-768x85.png 768w\" sizes=\"(max-width: 900px) 100vw, 900px\" \/><\/a><\/div>\n<\/div><\/div><div class=\"wpb_text_column\" ><div class=\"wpb_wrapper\"><p> <em><strong>Categoria aprovou ades\u00e3o \u00e0 greve geral da classe trabalhadora em defesa da Previd\u00eancia e contra cortes em servi\u00e7os essenciais.<\/strong><\/em><\/p>\n<\/div><\/div><\/div><\/div><\/div><\/div><\/div><\/section><section class=\"l-section wpb_row height_large\"><div class=\"l-section-h i-cf\"><div class=\"g-cols vc_row type_default valign_top\"><div class=\"vc_col-sm-12 wpb_column vc_column_container\"><div class=\"vc_column-inner\"><div class=\"wpb_wrapper\"><div class=\"wpb_text_column\" ><div class=\"wpb_wrapper\"><div class=\"mc-column content-text active-extra-styles active-capital-letter\" data-block-type=\"unstyled\" data-block-weight=\"17\" data-block-id=\"2\">\n<div class=\"mc-column content-text active-extra-styles \" data-block-type=\"unstyled\" data-block-weight=\"33\" data-block-id=\"2\">\n<p><strong>Condsef\/Fenadsef<\/strong><\/p>\n<p>Servidores federais em todo o Brasil v\u00e3o aderir a Greve Geral dessa sexta-feira, 14. A paralisa\u00e7\u00e3o de atividades foi aprovada em plen\u00e1ria nacional da Condsef\/Fenadsef nesse s\u00e1bado, 8, em Bras\u00edlia. A entidade representa a maioria dos servidores federais do Executivo. Entre os objetivos da paralisa\u00e7\u00e3o est\u00e1 tamb\u00e9m n\u00e3o consumir nenhum produto ou servi\u00e7o ao longo de toda a sexta. &#8220;Ser\u00e1 uma resposta importante da classe trabalhadora contra essa pol\u00edtica que prioriza a retirada de direitos, n\u00e3o gera empregos e mergulha cada vez mais o Pa\u00eds na crise&#8221;, pontuou S\u00e9rgio Ronaldo da Silva, secret\u00e1rio-geral da Confedera\u00e7\u00e3o. A defesa da Previd\u00eancia P\u00fablica, contra a PEC 06\/09 est\u00e1 no centro dos protestos.<\/p>\n<p>O vazamento de conversas que mostram entrosamento entre o ent\u00e3o juiz e agora ministro da Justi\u00e7a, S\u00e9rgio Moro, com procuradores da Lava Jato tamb\u00e9m est\u00e1 gerando revolta. As muitas d\u00favidas sobre a legitimidade desse processo que ajudou a alterar o cen\u00e1rio pol\u00edtico e ec\u00f4nomico no Brasil n\u00e3o podem ser desprezadas. As acusa\u00e7\u00f5es foram publicadas pelo The Intercept Brasil que revelou ser apenas o in\u00edcio de uma s\u00e9rie de den\u00fancias feitas a partir de uma fonte que ser\u00e1 mantida em sigilo. O jornalista premiado, Glenn Greenwald, informou que \u00e9 um conjunto imenso de provas que poucas vezes foi visto na hist\u00f3ria do jornalismo. &#8220;S\u00e3o acusa\u00e7\u00f5es graves que representam um ataque ao processo democr\u00e1tico brasileiro que nos trouxe a esse cen\u00e1rio de retirada de direitos e ataques \u00e0 classe trabalhadora. Precisamos reagir, seguir atentos e mobilizados em defesa de nossos direitos&#8221;, resumiu S\u00e9rgio.<\/p>\n<\/div>\n<\/div>\n<\/div><\/div><\/div><\/div><\/div><\/div><\/div><\/section><section class=\"l-section wpb_row height_large\"><div class=\"l-section-h i-cf\"><div class=\"g-cols vc_row type_default valign_top\"><div class=\"vc_col-sm-12 wpb_column vc_column_container\"><div class=\"vc_column-inner\"><div class=\"wpb_wrapper\"><div class=\"wpb_text_column us_custom_da65c38a\" ><div class=\"wpb_wrapper\"><div id=\"destaque\" class=\"img-destaque banner-textos\">Publicidade<a href=\"https:\/\/seucreditonoclick.com.br\/\"><img loading=\"lazy\" decoding=\"async\" class=\"alignnone size-full wp-image-9040\" src=\"https:\/\/11ponto11servidor.com.br\/blogsrsiape\/wp-content\/uploads\/sites\/2\/2019\/03\/Banner-credito.png\" alt=\"\" width=\"900\" height=\"100\" srcset=\"https:\/\/11ponto11servidor.com.br\/blogsrsiape\/wp-content\/uploads\/sites\/2\/2019\/03\/Banner-credito.png 900w, https:\/\/11ponto11servidor.com.br\/blogsrsiape\/wp-content\/uploads\/sites\/2\/2019\/03\/Banner-credito-300x33.png 300w, https:\/\/11ponto11servidor.com.br\/blogsrsiape\/wp-content\/uploads\/sites\/2\/2019\/03\/Banner-credito-768x85.png 768w\" sizes=\"(max-width: 900px) 100vw, 900px\" \/><\/a><\/div>\n<\/div><\/div><div class=\"wpb_text_column\" ><div class=\"wpb_wrapper\"><div class=\"mc-column content-text active-extra-styles \" data-block-type=\"unstyled\" data-block-weight=\"49\" data-block-id=\"12\">\n<p><strong>Ebserh adere greve<\/strong><\/p>\n<p>Tamb\u00e9m em plen\u00e1ria da categoria, os empregados da Ebserh aprovaram greve por tempo indeterminado a partir do dia 18 de junho. Eles lutam para que o processo de negocia\u00e7\u00e3o que envolve o ACT (Acordo Coletivo de Trabalho) da categoria saia do impasse em que se encontra. Em maio, a Confedera\u00e7\u00e3o, que acompanha todas as etapas do impasse, solicitou ao Tribunal Superior do Trabalho (TST) media\u00e7\u00e3o na expectativa de destravar as negocia\u00e7\u00f5es ap\u00f3s v\u00e1rias rodadas de reuni\u00f5es sem consenso. Na aus\u00eancia de resposta, a categoria acredita que a greve deve pressionar o \u00f3rg\u00e3o na defesa dos direitos trabalhistas.<\/p>\n<p>A paralisa\u00e7\u00e3o dos empregados da Ebserh ter\u00e1 in\u00edcio ap\u00f3s a Greve Geral de 14 de junho, convocada por centrais sindicais e movimentos sociais em defesa da Previd\u00eancia Social. Para l\u00edderes sindicais, a pr\u00f3xima sexta-feira entrar\u00e1 para a hist\u00f3ria da resist\u00eancia no Brasil.<\/p>\n<p>Fonte: <a href=\"https:\/\/www.condsef.org.br\/\">Condsef<\/a><\/p>\n<\/div>\n<\/div><\/div><\/div><\/div><\/div><\/div><\/div><\/section><section class=\"l-section wpb_row us_custom_da65c38a height_large\"><div class=\"l-section-h i-cf\"><div class=\"g-cols vc_row type_default valign_top\"><div class=\"vc_col-sm-12 wpb_column vc_column_container\"><div class=\"vc_column-inner\"><div class=\"wpb_wrapper\"><\/div><\/div><\/div><\/div><\/div><\/section><section class=\"l-section wpb_row height_large\"><div class=\"l-section-h i-cf\"><div class=\"g-cols vc_row type_default valign_top\"><div class=\"vc_col-sm-12 wpb_column vc_column_container\"><div class=\"vc_column-inner\"><div class=\"wpb_wrapper\"><div class=\"g-cols wpb_row  us_custom_da65c38a type_default valign_top vc_inner\"><div class=\"vc_col-sm-2 wpb_column vc_column_container\"><div class=\"vc_column-inner us_custom_da65c38a\"><div class=\"wpb_wrapper\">[vc_single_image source=&#8221;external_link&#8221; alignment=&#8221;center&#8221; css_animation=&#8221;bounceIn&#8221; custom_src=&#8221;\/wp-content\/themes\/blogsiape\/img\/icon_notifications.jpg&#8221;]<\/div><\/div><\/div><div class=\"vc_col-sm-10 wpb_column vc_column_container\"><div class=\"vc_column-inner us_custom_da65c38a\"><div class=\"wpb_wrapper\"><div class=\"wpb_text_column us_custom_da65c38a cor_preta\" ><div class=\"wpb_wrapper\"><h2 class=\"cor_preta\" align=\"left\">Receba as not\u00edcias antes dos demais Assinantes!<\/h2>\n<p class=\"cor_preta\" align=\"left\">Clique para ativar as notifica\u00e7\u00f5es e receba antes de serem publicadas<\/p>\n<\/div><\/div><\/div><\/div><\/div><\/div><\/div><\/div><\/div><\/div><\/div><\/section>\n","protected":false},"excerpt":{"rendered":"<p>Servidores aderem a greve nacional nessa sexta feira, 14, em defesa da Previd\u00eancia e cortes planejados pelo projeto do Governo. Leia na \u00edntegra.<\/p>\n","protected":false},"author":1,"featured_media":9408,"comment_status":"open","ping_status":"open","sticky":false,"template":"","format":"standard","meta":{"footnotes":""},"categories":[37],"tags":[],"class_list":["post-9402","post","type-post","status-publish","format-standard","has-post-thumbnail","hentry","category-greve"],"yoast_head":"<!-- This site is optimized with the Yoast SEO plugin v23.6 - https:\/\/yoast.com\/wordpress\/plugins\/seo\/ -->\n<title>Grande parte de Servidores Federais aderem a greve - Blog do Sr. SIAPE<\/title>\n<meta name=\"description\" content=\"Servidores aderem a greve nacional nessa sexta feira, 14, em defesa da Previd\u00eancia e cortes planejados pelo projeto do Governo. Leia na \u00edntegra.\" \/>\n<meta name=\"robots\" content=\"index, follow, max-snippet:-1, max-image-preview:large, max-video-preview:-1\" \/>\n<link rel=\"canonical\" href=\"https:\/\/blogdosrsiape.net\/grande-parte-de-servidores-federais-aderem-a-greve\/\" \/>\n<meta property=\"og:locale\" content=\"pt_BR\" \/>\n<meta property=\"og:type\" content=\"article\" \/>\n<meta property=\"og:title\" content=\"Grande parte de Servidores Federais aderem a greve - Blog do Sr. SIAPE\" \/>\n<meta property=\"og:description\" content=\"Servidores aderem a greve nacional nessa sexta feira, 14, em defesa da Previd\u00eancia e cortes planejados pelo projeto do Governo. Leia na \u00edntegra.\" \/>\n<meta property=\"og:url\" content=\"https:\/\/blogdosrsiape.net\/grande-parte-de-servidores-federais-aderem-a-greve\/\" \/>\n<meta property=\"og:site_name\" content=\"Blog do Sr. SIAPE\" \/>\n<meta property=\"article:publisher\" content=\"https:\/\/www.facebook.com\/blogsrsiape\/?locale=pt_BR\" \/>\n<meta property=\"article:published_time\" content=\"2019-06-12T20:50:19+00:00\" \/>\n<meta property=\"article:modified_time\" content=\"2020-01-29T22:06:40+00:00\" \/>\n<meta property=\"og:image\" content=\"https:\/\/11ponto11servidor.com.br\/blogsrsiape\/wp-content\/uploads\/sites\/2\/2019\/06\/ouiyhj-1.jpg\" \/>\n\t<meta property=\"og:image:width\" content=\"848\" \/>\n\t<meta property=\"og:image:height\" content=\"450\" \/>\n\t<meta property=\"og:image:type\" content=\"image\/jpeg\" \/>\n<meta name=\"author\" content=\"websitemix\" \/>\n<meta name=\"twitter:card\" content=\"summary_large_image\" \/>\n<meta name=\"twitter:label1\" content=\"Escrito por\" \/>\n\t<meta name=\"twitter:data1\" content=\"websitemix\" \/>\n\t<meta name=\"twitter:label2\" content=\"Est. tempo de leitura\" \/>\n\t<meta name=\"twitter:data2\" content=\"3 minutos\" \/>\n<script type=\"application\/ld+json\" class=\"yoast-schema-graph\">{\"@context\":\"https:\/\/schema.org\",\"@graph\":[{\"@type\":\"Article\",\"@id\":\"https:\/\/blogdosrsiape.net\/grande-parte-de-servidores-federais-aderem-a-greve\/#article\",\"isPartOf\":{\"@id\":\"https:\/\/blogdosrsiape.net\/grande-parte-de-servidores-federais-aderem-a-greve\/\"},\"author\":{\"name\":\"websitemix\",\"@id\":\"https:\/\/blogdosrsiape.com\/#\/schema\/person\/641e1af8b22c69725a1d604fb8959bcf\"},\"headline\":\"Grande parte de Servidores Federais aderem a greve\",\"datePublished\":\"2019-06-12T20:50:19+00:00\",\"dateModified\":\"2020-01-29T22:06:40+00:00\",\"mainEntityOfPage\":{\"@id\":\"https:\/\/blogdosrsiape.net\/grande-parte-de-servidores-federais-aderem-a-greve\/\"},\"wordCount\":679,\"commentCount\":0,\"publisher\":{\"@id\":\"https:\/\/blogdosrsiape.com\/#organization\"},\"image\":{\"@id\":\"https:\/\/blogdosrsiape.net\/grande-parte-de-servidores-federais-aderem-a-greve\/#primaryimage\"},\"thumbnailUrl\":\"https:\/\/11ponto11servidor.com.br\/blogsrsiape\/wp-content\/uploads\/sites\/2\/2019\/06\/ouiyhj-1.jpg\",\"articleSection\":[\"Greve\"],\"inLanguage\":\"pt-BR\",\"potentialAction\":[{\"@type\":\"CommentAction\",\"name\":\"Comment\",\"target\":[\"https:\/\/blogdosrsiape.net\/grande-parte-de-servidores-federais-aderem-a-greve\/#respond\"]}]},{\"@type\":\"WebPage\",\"@id\":\"https:\/\/blogdosrsiape.net\/grande-parte-de-servidores-federais-aderem-a-greve\/\",\"url\":\"https:\/\/blogdosrsiape.net\/grande-parte-de-servidores-federais-aderem-a-greve\/\",\"name\":\"Grande parte de Servidores Federais aderem a greve - Blog do Sr. SIAPE\",\"isPartOf\":{\"@id\":\"https:\/\/blogdosrsiape.com\/#website\"},\"primaryImageOfPage\":{\"@id\":\"https:\/\/blogdosrsiape.net\/grande-parte-de-servidores-federais-aderem-a-greve\/#primaryimage\"},\"image\":{\"@id\":\"https:\/\/blogdosrsiape.net\/grande-parte-de-servidores-federais-aderem-a-greve\/#primaryimage\"},\"thumbnailUrl\":\"https:\/\/11ponto11servidor.com.br\/blogsrsiape\/wp-content\/uploads\/sites\/2\/2019\/06\/ouiyhj-1.jpg\",\"datePublished\":\"2019-06-12T20:50:19+00:00\",\"dateModified\":\"2020-01-29T22:06:40+00:00\",\"description\":\"Servidores aderem a greve nacional nessa sexta feira, 14, em defesa da Previd\u00eancia e cortes planejados pelo projeto do Governo. Leia na \u00edntegra.\",\"breadcrumb\":{\"@id\":\"https:\/\/blogdosrsiape.net\/grande-parte-de-servidores-federais-aderem-a-greve\/#breadcrumb\"},\"inLanguage\":\"pt-BR\",\"potentialAction\":[{\"@type\":\"ReadAction\",\"target\":[\"https:\/\/blogdosrsiape.net\/grande-parte-de-servidores-federais-aderem-a-greve\/\"]}]},{\"@type\":\"ImageObject\",\"inLanguage\":\"pt-BR\",\"@id\":\"https:\/\/blogdosrsiape.net\/grande-parte-de-servidores-federais-aderem-a-greve\/#primaryimage\",\"url\":\"https:\/\/11ponto11servidor.com.br\/blogsrsiape\/wp-content\/uploads\/sites\/2\/2019\/06\/ouiyhj-1.jpg\",\"contentUrl\":\"https:\/\/11ponto11servidor.com.br\/blogsrsiape\/wp-content\/uploads\/sites\/2\/2019\/06\/ouiyhj-1.jpg\",\"width\":848,\"height\":450},{\"@type\":\"BreadcrumbList\",\"@id\":\"https:\/\/blogdosrsiape.net\/grande-parte-de-servidores-federais-aderem-a-greve\/#breadcrumb\",\"itemListElement\":[{\"@type\":\"ListItem\",\"position\":1,\"name\":\"In\u00edcio\",\"item\":\"https:\/\/blogdosrsiape.com\/\"},{\"@type\":\"ListItem\",\"position\":2,\"name\":\"Grande parte de Servidores Federais aderem a greve\"}]},{\"@type\":\"WebSite\",\"@id\":\"https:\/\/blogdosrsiape.com\/#website\",\"url\":\"https:\/\/blogdosrsiape.com\/\",\"name\":\"Blog do sr. SIAPE\",\"description\":\"SIAPE Servidor Federal\",\"publisher\":{\"@id\":\"https:\/\/blogdosrsiape.com\/#organization\"},\"potentialAction\":[{\"@type\":\"SearchAction\",\"target\":{\"@type\":\"EntryPoint\",\"urlTemplate\":\"https:\/\/blogdosrsiape.com\/?s={search_term_string}\"},\"query-input\":{\"@type\":\"PropertyValueSpecification\",\"valueRequired\":true,\"valueName\":\"search_term_string\"}}],\"inLanguage\":\"pt-BR\"},{\"@type\":\"Organization\",\"@id\":\"https:\/\/blogdosrsiape.com\/#organization\",\"name\":\"Blog do sr. SIAPE\",\"url\":\"https:\/\/blogdosrsiape.com\/\",\"logo\":{\"@type\":\"ImageObject\",\"inLanguage\":\"pt-BR\",\"@id\":\"https:\/\/blogdosrsiape.com\/#\/schema\/logo\/image\/\",\"url\":\"https:\/\/11ponto11servidor.com.br\/blogsrsiape\/wp-content\/uploads\/sites\/2\/2024\/10\/logo-1.png\",\"contentUrl\":\"https:\/\/11ponto11servidor.com.br\/blogsrsiape\/wp-content\/uploads\/sites\/2\/2024\/10\/logo-1.png\",\"width\":287,\"height\":116,\"caption\":\"Blog do sr. SIAPE\"},\"image\":{\"@id\":\"https:\/\/blogdosrsiape.com\/#\/schema\/logo\/image\/\"},\"sameAs\":[\"https:\/\/www.facebook.com\/blogsrsiape\/?locale=pt_BR\",\"https:\/\/www.instagram.com\/srsiape\/\"]},{\"@type\":\"Person\",\"@id\":\"https:\/\/blogdosrsiape.com\/#\/schema\/person\/641e1af8b22c69725a1d604fb8959bcf\",\"name\":\"websitemix\",\"sameAs\":[\"https:\/\/11ponto11servidor.com.br\"],\"url\":\"https:\/\/11ponto11servidor.com.br\/blogsrsiape\/author\/websitemix\/\"}]}<\/script>\n<!-- \/ Yoast SEO plugin. -->","yoast_head_json":{"title":"Grande parte de Servidores Federais aderem a greve - Blog do Sr. SIAPE","description":"Servidores aderem a greve nacional nessa sexta feira, 14, em defesa da Previd\u00eancia e cortes planejados pelo projeto do Governo. Leia na \u00edntegra.","robots":{"index":"index","follow":"follow","max-snippet":"max-snippet:-1","max-image-preview":"max-image-preview:large","max-video-preview":"max-video-preview:-1"},"canonical":"https:\/\/blogdosrsiape.net\/grande-parte-de-servidores-federais-aderem-a-greve\/","og_locale":"pt_BR","og_type":"article","og_title":"Grande parte de Servidores Federais aderem a greve - Blog do Sr. SIAPE","og_description":"Servidores aderem a greve nacional nessa sexta feira, 14, em defesa da Previd\u00eancia e cortes planejados pelo projeto do Governo. Leia na \u00edntegra.","og_url":"https:\/\/blogdosrsiape.net\/grande-parte-de-servidores-federais-aderem-a-greve\/","og_site_name":"Blog do Sr. SIAPE","article_publisher":"https:\/\/www.facebook.com\/blogsrsiape\/?locale=pt_BR","article_published_time":"2019-06-12T20:50:19+00:00","article_modified_time":"2020-01-29T22:06:40+00:00","og_image":[{"width":848,"height":450,"url":"https:\/\/11ponto11servidor.com.br\/blogsrsiape\/wp-content\/uploads\/sites\/2\/2019\/06\/ouiyhj-1.jpg","type":"image\/jpeg"}],"author":"websitemix","twitter_card":"summary_large_image","twitter_misc":{"Escrito por":"websitemix","Est. tempo de leitura":"3 minutos"},"schema":{"@context":"https:\/\/schema.org","@graph":[{"@type":"Article","@id":"https:\/\/blogdosrsiape.net\/grande-parte-de-servidores-federais-aderem-a-greve\/#article","isPartOf":{"@id":"https:\/\/blogdosrsiape.net\/grande-parte-de-servidores-federais-aderem-a-greve\/"},"author":{"name":"websitemix","@id":"https:\/\/blogdosrsiape.com\/#\/schema\/person\/641e1af8b22c69725a1d604fb8959bcf"},"headline":"Grande parte de Servidores Federais aderem a greve","datePublished":"2019-06-12T20:50:19+00:00","dateModified":"2020-01-29T22:06:40+00:00","mainEntityOfPage":{"@id":"https:\/\/blogdosrsiape.net\/grande-parte-de-servidores-federais-aderem-a-greve\/"},"wordCount":679,"commentCount":0,"publisher":{"@id":"https:\/\/blogdosrsiape.com\/#organization"},"image":{"@id":"https:\/\/blogdosrsiape.net\/grande-parte-de-servidores-federais-aderem-a-greve\/#primaryimage"},"thumbnailUrl":"https:\/\/11ponto11servidor.com.br\/blogsrsiape\/wp-content\/uploads\/sites\/2\/2019\/06\/ouiyhj-1.jpg","articleSection":["Greve"],"inLanguage":"pt-BR","potentialAction":[{"@type":"CommentAction","name":"Comment","target":["https:\/\/blogdosrsiape.net\/grande-parte-de-servidores-federais-aderem-a-greve\/#respond"]}]},{"@type":"WebPage","@id":"https:\/\/blogdosrsiape.net\/grande-parte-de-servidores-federais-aderem-a-greve\/","url":"https:\/\/blogdosrsiape.net\/grande-parte-de-servidores-federais-aderem-a-greve\/","name":"Grande parte de Servidores Federais aderem a greve - Blog do Sr. SIAPE","isPartOf":{"@id":"https:\/\/blogdosrsiape.com\/#website"},"primaryImageOfPage":{"@id":"https:\/\/blogdosrsiape.net\/grande-parte-de-servidores-federais-aderem-a-greve\/#primaryimage"},"image":{"@id":"https:\/\/blogdosrsiape.net\/grande-parte-de-servidores-federais-aderem-a-greve\/#primaryimage"},"thumbnailUrl":"https:\/\/11ponto11servidor.com.br\/blogsrsiape\/wp-content\/uploads\/sites\/2\/2019\/06\/ouiyhj-1.jpg","datePublished":"2019-06-12T20:50:19+00:00","dateModified":"2020-01-29T22:06:40+00:00","description":"Servidores aderem a greve nacional nessa sexta feira, 14, em defesa da Previd\u00eancia e cortes planejados pelo projeto do Governo. Leia na \u00edntegra.","breadcrumb":{"@id":"https:\/\/blogdosrsiape.net\/grande-parte-de-servidores-federais-aderem-a-greve\/#breadcrumb"},"inLanguage":"pt-BR","potentialAction":[{"@type":"ReadAction","target":["https:\/\/blogdosrsiape.net\/grande-parte-de-servidores-federais-aderem-a-greve\/"]}]},{"@type":"ImageObject","inLanguage":"pt-BR","@id":"https:\/\/blogdosrsiape.net\/grande-parte-de-servidores-federais-aderem-a-greve\/#primaryimage","url":"https:\/\/11ponto11servidor.com.br\/blogsrsiape\/wp-content\/uploads\/sites\/2\/2019\/06\/ouiyhj-1.jpg","contentUrl":"https:\/\/11ponto11servidor.com.br\/blogsrsiape\/wp-content\/uploads\/sites\/2\/2019\/06\/ouiyhj-1.jpg","width":848,"height":450},{"@type":"BreadcrumbList","@id":"https:\/\/blogdosrsiape.net\/grande-parte-de-servidores-federais-aderem-a-greve\/#breadcrumb","itemListElement":[{"@type":"ListItem","position":1,"name":"In\u00edcio","item":"https:\/\/blogdosrsiape.com\/"},{"@type":"ListItem","position":2,"name":"Grande parte de Servidores Federais aderem a greve"}]},{"@type":"WebSite","@id":"https:\/\/blogdosrsiape.com\/#website","url":"https:\/\/blogdosrsiape.com\/","name":"Blog do sr. SIAPE","description":"SIAPE Servidor Federal","publisher":{"@id":"https:\/\/blogdosrsiape.com\/#organization"},"potentialAction":[{"@type":"SearchAction","target":{"@type":"EntryPoint","urlTemplate":"https:\/\/blogdosrsiape.com\/?s={search_term_string}"},"query-input":{"@type":"PropertyValueSpecification","valueRequired":true,"valueName":"search_term_string"}}],"inLanguage":"pt-BR"},{"@type":"Organization","@id":"https:\/\/blogdosrsiape.com\/#organization","name":"Blog do sr. SIAPE","url":"https:\/\/blogdosrsiape.com\/","logo":{"@type":"ImageObject","inLanguage":"pt-BR","@id":"https:\/\/blogdosrsiape.com\/#\/schema\/logo\/image\/","url":"https:\/\/11ponto11servidor.com.br\/blogsrsiape\/wp-content\/uploads\/sites\/2\/2024\/10\/logo-1.png","contentUrl":"https:\/\/11ponto11servidor.com.br\/blogsrsiape\/wp-content\/uploads\/sites\/2\/2024\/10\/logo-1.png","width":287,"height":116,"caption":"Blog do sr. SIAPE"},"image":{"@id":"https:\/\/blogdosrsiape.com\/#\/schema\/logo\/image\/"},"sameAs":["https:\/\/www.facebook.com\/blogsrsiape\/?locale=pt_BR","https:\/\/www.instagram.com\/srsiape\/"]},{"@type":"Person","@id":"https:\/\/blogdosrsiape.com\/#\/schema\/person\/641e1af8b22c69725a1d604fb8959bcf","name":"websitemix","sameAs":["https:\/\/11ponto11servidor.com.br"],"url":"https:\/\/11ponto11servidor.com.br\/blogsrsiape\/author\/websitemix\/"}]}},"_links":{"self":[{"href":"https:\/\/11ponto11servidor.com.br\/blogsrsiape\/wp-json\/wp\/v2\/posts\/9402"}],"collection":[{"href":"https:\/\/11ponto11servidor.com.br\/blogsrsiape\/wp-json\/wp\/v2\/posts"}],"about":[{"href":"https:\/\/11ponto11servidor.com.br\/blogsrsiape\/wp-json\/wp\/v2\/types\/post"}],"author":[{"embeddable":true,"href":"https:\/\/11ponto11servidor.com.br\/blogsrsiape\/wp-json\/wp\/v2\/users\/1"}],"replies":[{"embeddable":true,"href":"https:\/\/11ponto11servidor.com.br\/blogsrsiape\/wp-json\/wp\/v2\/comments?post=9402"}],"version-history":[{"count":0,"href":"https:\/\/11ponto11servidor.com.br\/blogsrsiape\/wp-json\/wp\/v2\/posts\/9402\/revisions"}],"wp:featuredmedia":[{"embeddable":true,"href":"https:\/\/11ponto11servidor.com.br\/blogsrsiape\/wp-json\/wp\/v2\/media\/9408"}],"wp:attachment":[{"href":"https:\/\/11ponto11servidor.com.br\/blogsrsiape\/wp-json\/wp\/v2\/media?parent=9402"}],"wp:term":[{"taxonomy":"category","embeddable":true,"href":"https:\/\/11ponto11servidor.com.br\/blogsrsiape\/wp-json\/wp\/v2\/categories?post=9402"},{"taxonomy":"post_tag","embeddable":true,"href":"https:\/\/11ponto11servidor.com.br\/blogsrsiape\/wp-json\/wp\/v2\/tags?post=9402"}],"curies":[{"name":"wp","href":"https:\/\/api.w.org\/{rel}","templated":true}]}}