{"id":9523,"date":"2019-07-25T00:27:22","date_gmt":"2019-07-24T21:27:22","guid":{"rendered":"https:\/\/11ponto11servidor.com.br\/blogsrsiape\/?p=9523"},"modified":"2020-01-29T20:06:45","modified_gmt":"2020-01-29T22:06:45","slug":"servidores-publicos-poderao-perder-contrato-de-trabalho-apos-aposentadoria","status":"publish","type":"post","link":"https:\/\/11ponto11servidor.com.br\/blogsrsiape\/servidores-publicos-poderao-perder-contrato-de-trabalho-apos-aposentadoria\/","title":{"rendered":"Servidores p\u00fablicos poder\u00e3o perder contrato de trabalho ap\u00f3s aposentadoria"},"content":{"rendered":"<section class=\"l-section wpb_row height_large\"><div class=\"l-section-h i-cf\"><div class=\"g-cols vc_row type_default valign_top\"><div class=\"vc_col-sm-12 wpb_column vc_column_container\"><div class=\"vc_column-inner\"><div class=\"wpb_wrapper\"><div class=\"wpb_text_column us_custom_da65c38a\" ><div class=\"wpb_wrapper\"><div id=\"destaque\" class=\"img-destaque banner-textos\">Publicidade<a href=\"https:\/\/suaviagemnoclick.com.br\/promocoes-de-pacotes\/\"><img loading=\"lazy\" decoding=\"async\" class=\"alignnone size-full wp-image-9498\" src=\"https:\/\/11ponto11servidor.com.br\/blogsrsiape\/wp-content\/uploads\/sites\/2\/2019\/07\/banner-1.jpg\" alt=\"\" width=\"900\" height=\"200\" srcset=\"https:\/\/11ponto11servidor.com.br\/blogsrsiape\/wp-content\/uploads\/sites\/2\/2019\/07\/banner-1.jpg 900w, https:\/\/11ponto11servidor.com.br\/blogsrsiape\/wp-content\/uploads\/sites\/2\/2019\/07\/banner-1-300x67.jpg 300w, https:\/\/11ponto11servidor.com.br\/blogsrsiape\/wp-content\/uploads\/sites\/2\/2019\/07\/banner-1-768x171.jpg 768w\" sizes=\"(max-width: 900px) 100vw, 900px\" \/><\/a><\/div>\n<\/div><\/div><div class=\"wpb_text_column\" ><div class=\"wpb_wrapper\"><p><strong>Emenda contida na proposta de reforma da Previd\u00eancia estuda retirar o direito a trabalho ap\u00f3s aposentadoria.<br \/>\n<\/strong><\/p>\n<\/div><\/div><\/div><\/div><\/div><\/div><\/div><\/section><section class=\"l-section wpb_row height_large\"><div class=\"l-section-h i-cf\"><div class=\"g-cols vc_row type_default valign_top\"><div class=\"vc_col-sm-12 wpb_column vc_column_container\"><div class=\"vc_column-inner\"><div class=\"wpb_wrapper\"><div class=\"wpb_text_column\" ><div class=\"wpb_wrapper\"><p>Regra contida no texto da reforma da Previd\u00eancia aprovado em primeiro turno pela C\u00e2mara dos Deputados exclui contrato de trabalho do empregado p\u00fablico que se aposentar ap\u00f3s a promulga\u00e7\u00e3o da emenda. Atualmente, grande parte dos empregados p\u00fablicos aposentados continuam trabalhando e recebem sal\u00e1rio junto ao benef\u00edcio do INSS, conforme permitem as regras atuais. Caso a PEC 6 seja aprovada como est\u00e1, empregados p\u00fablicos sofrer\u00e3o corte significativo de direitos.<\/p>\n<p>O analista pol\u00edtico e diretor de documenta\u00e7\u00e3o licenciado do Diap, Ant\u00f4nio Augusto de Queiroz, explica que a proposta original da reforma previa tr\u00eas normas com rela\u00e7\u00e3o aos empregados p\u00fablicos aposentados que permanecem com o v\u00ednculo de trabalho, mas no fim das altera\u00e7\u00f5es realizadas nas comiss\u00f5es de Constitui\u00e7\u00e3o e Justi\u00e7a e Especial, prevaleceram duas: uma regra permanente e outra de transi\u00e7\u00e3o.<\/p>\n<p>&#8220;A regra que permaneceu diz que o empregado p\u00fablico, ap\u00f3s a promulga\u00e7\u00e3o da emenda, n\u00e3o poder\u00e1 se aposentar e continuar trabalhando, ou seja, existe uma veda\u00e7\u00e3o quanto a isso. Dessa forma, quem pedir aposentadoria depois da promulga\u00e7\u00e3o, ter\u00e1 o v\u00ednculo empregat\u00edcio automaticamente rompido, independentemente da idade, mesmo que n\u00e3o atinja a idade de aposentadoria compuls\u00f3ria, que \u00e9 de 75 anos&#8221;, comenta.<\/p>\n<p>A exce\u00e7\u00e3o \u00e9 a regra de transi\u00e7\u00e3o, que incide sobre os empregados j\u00e1 aposentados atualmente e que continuam trabalhando. &#8220;Na regra de transi\u00e7\u00e3o, todos aqueles que na data da promulga\u00e7\u00e3o j\u00e1 estavam aposentados e com o v\u00ednculo empregat\u00edcio mantido, esses continuam como est\u00e3o at\u00e9 completarem 75 anos.&#8221;<\/p>\n<\/div><\/div><\/div><\/div><\/div><\/div><\/div><\/section><section class=\"l-section wpb_row height_large\"><div class=\"l-section-h i-cf\"><div class=\"g-cols vc_row type_default valign_top\"><div class=\"vc_col-sm-12 wpb_column vc_column_container\"><div class=\"vc_column-inner\"><div class=\"wpb_wrapper\"><div class=\"wpb_text_column us_custom_da65c38a\" ><div class=\"wpb_wrapper\"><div id=\"destaque\" class=\"img-destaque banner-textos\">Publicidade<a href=\"https:\/\/suaviagemnoclick.com.br\/promocoes-de-pacotes\/\"><img loading=\"lazy\" decoding=\"async\" class=\"alignnone size-full wp-image-9499\" src=\"https:\/\/11ponto11servidor.com.br\/blogsrsiape\/wp-content\/uploads\/sites\/2\/2019\/07\/df.jpg\" alt=\"\" width=\"900\" height=\"100\" srcset=\"https:\/\/11ponto11servidor.com.br\/blogsrsiape\/wp-content\/uploads\/sites\/2\/2019\/07\/df.jpg 900w, https:\/\/11ponto11servidor.com.br\/blogsrsiape\/wp-content\/uploads\/sites\/2\/2019\/07\/df-300x33.jpg 300w, https:\/\/11ponto11servidor.com.br\/blogsrsiape\/wp-content\/uploads\/sites\/2\/2019\/07\/df-768x85.jpg 768w\" sizes=\"(max-width: 900px) 100vw, 900px\" \/><\/a><\/div>\n<\/div><\/div><div class=\"wpb_text_column us_custom_da65c38a\" ><div class=\"wpb_wrapper\"><p><strong>Esgotamento das empresas p\u00fablicas<\/strong><\/p>\n<p>Desde o mudan\u00e7a de governo, tem sido adotada uma pol\u00edtica de Estado M\u00ednimo e de livre mercado, com aten\u00e7\u00e3o especial ao plano de privatiza\u00e7\u00e3o do patrim\u00f4nio p\u00fablico brasileiro. Ap\u00f3s anunciar diversas vezes a inten\u00e7\u00e3o de vender tudo e de substituir os servidores por sistemas informatizados, o governo anunciou nesta semana a privatiza\u00e7\u00e3o de subsidi\u00e1ria da Petrobras e venda de a\u00e7\u00f5es da mesma que somam mais de R$ 8 bilh\u00f5es.<\/p>\n<p>O neg\u00f3cio s\u00f3 foi poss\u00edvel ap\u00f3s recente compreens\u00e3o do STF de que privatiza\u00e7\u00e3o de subsidi\u00e1ria de empresa p\u00fablica n\u00e3o precisaria de aval do Congresso Nacional. &#8220;\u00c9 ir\u00f4nico que um presidente eleito com o lema &#8216;Brasil acima de tudo&#8217; esteja vendendo o Pa\u00eds que diz tanto amar. As empresas p\u00fablicas s\u00e3o bens preciosos para a nossa economia e t\u00eam valores solid\u00e1rios. Eventuais gest\u00f5es ruins e corruptas n\u00e3o podem ser usadas para desprezar o papel importante que essas empresas exercem na sociedade&#8221;, comenta S\u00e9rgio Ronaldo da Silva, Secret\u00e1rio-geral da Condsef\/Fenadsef.<\/p>\n<p>O diretor da Confedera\u00e7\u00e3o ressalta que privatiza\u00e7\u00f5es est\u00e3o longe de significar boa estrat\u00e9gia para melhorar a economia do Brasil. &#8220;Se as empresas p\u00fablicas fossem t\u00e3o ruins assim, n\u00e3o haveria uma fila imensa de capitalistas interessados na compra de cada uma. O mercado n\u00e3o \u00e9 bobo. Se querem comprar \u00e9 porque sabem que d\u00e3o muito lucro, que deveria retornar para a popula\u00e7\u00e3o, mas com a privatiza\u00e7\u00e3o vai para o bolso de fam\u00edlias mega-empres\u00e1rias&#8221;, explica.<\/p>\n<\/div><\/div><\/div><\/div><\/div><\/div><\/div><\/section>\n","protected":false},"excerpt":{"rendered":"<p>Servidores SIGAC poder\u00e3o ser &#8220;demitidos&#8221; ap\u00f3s se aposentarem! Como isso vai acontecer? A partir de quando isso vai ocorrer? Descubra Agora!<\/p>\n","protected":false},"author":1,"featured_media":9526,"comment_status":"open","ping_status":"open","sticky":false,"template":"","format":"standard","meta":{"footnotes":""},"categories":[5],"tags":[],"class_list":["post-9523","post","type-post","status-publish","format-standard","has-post-thumbnail","hentry","category-aposentadoria"],"yoast_head":"<!-- This site is optimized with the Yoast SEO plugin v23.6 - https:\/\/yoast.com\/wordpress\/plugins\/seo\/ -->\n<title>Servidores p\u00fablicos poder\u00e3o perder contrato de trabalho ap\u00f3s aposentadoria - Blog do Sr. SIAPE<\/title>\n<meta name=\"description\" content=\"Servidores SIGAC poder\u00e3o ser &quot;demitidos&quot; ap\u00f3s se aposentarem! Como isso vai acontecer? A partir de quando isso vai ocorrer? Descubra Agora!\" \/>\n<meta name=\"robots\" content=\"index, follow, max-snippet:-1, max-image-preview:large, max-video-preview:-1\" \/>\n<link rel=\"canonical\" href=\"https:\/\/blogdosrsiape.com\/servidores-publicos-poderao-perder-contrato-de-trabalho-apos-aposentadoria\/\" \/>\n<meta property=\"og:locale\" content=\"pt_BR\" \/>\n<meta property=\"og:type\" content=\"article\" \/>\n<meta property=\"og:title\" content=\"Servidores p\u00fablicos poder\u00e3o perder contrato de trabalho ap\u00f3s aposentadoria - Blog do Sr. SIAPE\" \/>\n<meta property=\"og:description\" content=\"Servidores SIGAC poder\u00e3o ser &quot;demitidos&quot; ap\u00f3s se aposentarem! Como isso vai acontecer? A partir de quando isso vai ocorrer? Descubra Agora!\" \/>\n<meta property=\"og:url\" content=\"https:\/\/blogdosrsiape.com\/servidores-publicos-poderao-perder-contrato-de-trabalho-apos-aposentadoria\/\" \/>\n<meta property=\"og:site_name\" content=\"Blog do Sr. SIAPE\" \/>\n<meta property=\"article:publisher\" content=\"https:\/\/www.facebook.com\/blogsrsiape\/?locale=pt_BR\" \/>\n<meta property=\"article:published_time\" content=\"2019-07-24T21:27:22+00:00\" \/>\n<meta property=\"article:modified_time\" content=\"2020-01-29T22:06:45+00:00\" \/>\n<meta property=\"og:image\" content=\"https:\/\/11ponto11servidor.com.br\/blogsrsiape\/wp-content\/uploads\/sites\/2\/2019\/07\/bxblue-reforma-da-previdencia-idade-minima-para-a-aposentadoria-definicao-1024x682.jpg\" \/>\n\t<meta property=\"og:image:width\" content=\"1024\" \/>\n\t<meta property=\"og:image:height\" content=\"682\" \/>\n\t<meta property=\"og:image:type\" content=\"image\/jpeg\" \/>\n<meta name=\"author\" content=\"websitemix\" \/>\n<meta name=\"twitter:card\" content=\"summary_large_image\" \/>\n<meta name=\"twitter:label1\" content=\"Escrito por\" \/>\n\t<meta name=\"twitter:data1\" content=\"websitemix\" \/>\n\t<meta name=\"twitter:label2\" content=\"Est. tempo de leitura\" \/>\n\t<meta name=\"twitter:data2\" content=\"3 minutos\" \/>\n<script type=\"application\/ld+json\" class=\"yoast-schema-graph\">{\"@context\":\"https:\/\/schema.org\",\"@graph\":[{\"@type\":\"Article\",\"@id\":\"https:\/\/blogdosrsiape.com\/servidores-publicos-poderao-perder-contrato-de-trabalho-apos-aposentadoria\/#article\",\"isPartOf\":{\"@id\":\"https:\/\/blogdosrsiape.com\/servidores-publicos-poderao-perder-contrato-de-trabalho-apos-aposentadoria\/\"},\"author\":{\"name\":\"websitemix\",\"@id\":\"https:\/\/blogdosrsiape.com\/#\/schema\/person\/641e1af8b22c69725a1d604fb8959bcf\"},\"headline\":\"Servidores p\u00fablicos poder\u00e3o perder contrato de trabalho ap\u00f3s aposentadoria\",\"datePublished\":\"2019-07-24T21:27:22+00:00\",\"dateModified\":\"2020-01-29T22:06:45+00:00\",\"mainEntityOfPage\":{\"@id\":\"https:\/\/blogdosrsiape.com\/servidores-publicos-poderao-perder-contrato-de-trabalho-apos-aposentadoria\/\"},\"wordCount\":659,\"commentCount\":0,\"publisher\":{\"@id\":\"https:\/\/blogdosrsiape.com\/#organization\"},\"image\":{\"@id\":\"https:\/\/blogdosrsiape.com\/servidores-publicos-poderao-perder-contrato-de-trabalho-apos-aposentadoria\/#primaryimage\"},\"thumbnailUrl\":\"https:\/\/11ponto11servidor.com.br\/blogsrsiape\/wp-content\/uploads\/sites\/2\/2019\/07\/bxblue-reforma-da-previdencia-idade-minima-para-a-aposentadoria-definicao-1024x682.jpg\",\"articleSection\":[\"Aposentadoria\"],\"inLanguage\":\"pt-BR\",\"potentialAction\":[{\"@type\":\"CommentAction\",\"name\":\"Comment\",\"target\":[\"https:\/\/blogdosrsiape.com\/servidores-publicos-poderao-perder-contrato-de-trabalho-apos-aposentadoria\/#respond\"]}]},{\"@type\":\"WebPage\",\"@id\":\"https:\/\/blogdosrsiape.com\/servidores-publicos-poderao-perder-contrato-de-trabalho-apos-aposentadoria\/\",\"url\":\"https:\/\/blogdosrsiape.com\/servidores-publicos-poderao-perder-contrato-de-trabalho-apos-aposentadoria\/\",\"name\":\"Servidores p\u00fablicos poder\u00e3o perder contrato de trabalho ap\u00f3s aposentadoria - Blog do Sr. SIAPE\",\"isPartOf\":{\"@id\":\"https:\/\/blogdosrsiape.com\/#website\"},\"primaryImageOfPage\":{\"@id\":\"https:\/\/blogdosrsiape.com\/servidores-publicos-poderao-perder-contrato-de-trabalho-apos-aposentadoria\/#primaryimage\"},\"image\":{\"@id\":\"https:\/\/blogdosrsiape.com\/servidores-publicos-poderao-perder-contrato-de-trabalho-apos-aposentadoria\/#primaryimage\"},\"thumbnailUrl\":\"https:\/\/11ponto11servidor.com.br\/blogsrsiape\/wp-content\/uploads\/sites\/2\/2019\/07\/bxblue-reforma-da-previdencia-idade-minima-para-a-aposentadoria-definicao-1024x682.jpg\",\"datePublished\":\"2019-07-24T21:27:22+00:00\",\"dateModified\":\"2020-01-29T22:06:45+00:00\",\"description\":\"Servidores SIGAC poder\u00e3o ser \\\"demitidos\\\" ap\u00f3s se aposentarem! Como isso vai acontecer? A partir de quando isso vai ocorrer? Descubra Agora!\",\"breadcrumb\":{\"@id\":\"https:\/\/blogdosrsiape.com\/servidores-publicos-poderao-perder-contrato-de-trabalho-apos-aposentadoria\/#breadcrumb\"},\"inLanguage\":\"pt-BR\",\"potentialAction\":[{\"@type\":\"ReadAction\",\"target\":[\"https:\/\/blogdosrsiape.com\/servidores-publicos-poderao-perder-contrato-de-trabalho-apos-aposentadoria\/\"]}]},{\"@type\":\"ImageObject\",\"inLanguage\":\"pt-BR\",\"@id\":\"https:\/\/blogdosrsiape.com\/servidores-publicos-poderao-perder-contrato-de-trabalho-apos-aposentadoria\/#primaryimage\",\"url\":\"https:\/\/11ponto11servidor.com.br\/blogsrsiape\/wp-content\/uploads\/sites\/2\/2019\/07\/bxblue-reforma-da-previdencia-idade-minima-para-a-aposentadoria-definicao-1024x682.jpg\",\"contentUrl\":\"https:\/\/11ponto11servidor.com.br\/blogsrsiape\/wp-content\/uploads\/sites\/2\/2019\/07\/bxblue-reforma-da-previdencia-idade-minima-para-a-aposentadoria-definicao-1024x682.jpg\",\"width\":1024,\"height\":682},{\"@type\":\"BreadcrumbList\",\"@id\":\"https:\/\/blogdosrsiape.com\/servidores-publicos-poderao-perder-contrato-de-trabalho-apos-aposentadoria\/#breadcrumb\",\"itemListElement\":[{\"@type\":\"ListItem\",\"position\":1,\"name\":\"In\u00edcio\",\"item\":\"https:\/\/blogdosrsiape.com\/\"},{\"@type\":\"ListItem\",\"position\":2,\"name\":\"Servidores p\u00fablicos poder\u00e3o perder contrato de trabalho ap\u00f3s aposentadoria\"}]},{\"@type\":\"WebSite\",\"@id\":\"https:\/\/blogdosrsiape.com\/#website\",\"url\":\"https:\/\/blogdosrsiape.com\/\",\"name\":\"Blog do sr. SIAPE\",\"description\":\"SIAPE Servidor Federal\",\"publisher\":{\"@id\":\"https:\/\/blogdosrsiape.com\/#organization\"},\"potentialAction\":[{\"@type\":\"SearchAction\",\"target\":{\"@type\":\"EntryPoint\",\"urlTemplate\":\"https:\/\/blogdosrsiape.com\/?s={search_term_string}\"},\"query-input\":{\"@type\":\"PropertyValueSpecification\",\"valueRequired\":true,\"valueName\":\"search_term_string\"}}],\"inLanguage\":\"pt-BR\"},{\"@type\":\"Organization\",\"@id\":\"https:\/\/blogdosrsiape.com\/#organization\",\"name\":\"Blog do sr. SIAPE\",\"url\":\"https:\/\/blogdosrsiape.com\/\",\"logo\":{\"@type\":\"ImageObject\",\"inLanguage\":\"pt-BR\",\"@id\":\"https:\/\/blogdosrsiape.com\/#\/schema\/logo\/image\/\",\"url\":\"https:\/\/11ponto11servidor.com.br\/blogsrsiape\/wp-content\/uploads\/sites\/2\/2024\/10\/logo-1.png\",\"contentUrl\":\"https:\/\/11ponto11servidor.com.br\/blogsrsiape\/wp-content\/uploads\/sites\/2\/2024\/10\/logo-1.png\",\"width\":287,\"height\":116,\"caption\":\"Blog do sr. SIAPE\"},\"image\":{\"@id\":\"https:\/\/blogdosrsiape.com\/#\/schema\/logo\/image\/\"},\"sameAs\":[\"https:\/\/www.facebook.com\/blogsrsiape\/?locale=pt_BR\",\"https:\/\/www.instagram.com\/srsiape\/\"]},{\"@type\":\"Person\",\"@id\":\"https:\/\/blogdosrsiape.com\/#\/schema\/person\/641e1af8b22c69725a1d604fb8959bcf\",\"name\":\"websitemix\",\"sameAs\":[\"https:\/\/11ponto11servidor.com.br\"],\"url\":\"https:\/\/11ponto11servidor.com.br\/blogsrsiape\/author\/websitemix\/\"}]}<\/script>\n<!-- \/ Yoast SEO plugin. -->","yoast_head_json":{"title":"Servidores p\u00fablicos poder\u00e3o perder contrato de trabalho ap\u00f3s aposentadoria - Blog do Sr. SIAPE","description":"Servidores SIGAC poder\u00e3o ser \"demitidos\" ap\u00f3s se aposentarem! Como isso vai acontecer? A partir de quando isso vai ocorrer? Descubra Agora!","robots":{"index":"index","follow":"follow","max-snippet":"max-snippet:-1","max-image-preview":"max-image-preview:large","max-video-preview":"max-video-preview:-1"},"canonical":"https:\/\/blogdosrsiape.com\/servidores-publicos-poderao-perder-contrato-de-trabalho-apos-aposentadoria\/","og_locale":"pt_BR","og_type":"article","og_title":"Servidores p\u00fablicos poder\u00e3o perder contrato de trabalho ap\u00f3s aposentadoria - Blog do Sr. SIAPE","og_description":"Servidores SIGAC poder\u00e3o ser \"demitidos\" ap\u00f3s se aposentarem! Como isso vai acontecer? A partir de quando isso vai ocorrer? Descubra Agora!","og_url":"https:\/\/blogdosrsiape.com\/servidores-publicos-poderao-perder-contrato-de-trabalho-apos-aposentadoria\/","og_site_name":"Blog do Sr. SIAPE","article_publisher":"https:\/\/www.facebook.com\/blogsrsiape\/?locale=pt_BR","article_published_time":"2019-07-24T21:27:22+00:00","article_modified_time":"2020-01-29T22:06:45+00:00","og_image":[{"width":1024,"height":682,"url":"https:\/\/11ponto11servidor.com.br\/blogsrsiape\/wp-content\/uploads\/sites\/2\/2019\/07\/bxblue-reforma-da-previdencia-idade-minima-para-a-aposentadoria-definicao-1024x682.jpg","type":"image\/jpeg"}],"author":"websitemix","twitter_card":"summary_large_image","twitter_misc":{"Escrito por":"websitemix","Est. tempo de leitura":"3 minutos"},"schema":{"@context":"https:\/\/schema.org","@graph":[{"@type":"Article","@id":"https:\/\/blogdosrsiape.com\/servidores-publicos-poderao-perder-contrato-de-trabalho-apos-aposentadoria\/#article","isPartOf":{"@id":"https:\/\/blogdosrsiape.com\/servidores-publicos-poderao-perder-contrato-de-trabalho-apos-aposentadoria\/"},"author":{"name":"websitemix","@id":"https:\/\/blogdosrsiape.com\/#\/schema\/person\/641e1af8b22c69725a1d604fb8959bcf"},"headline":"Servidores p\u00fablicos poder\u00e3o perder contrato de trabalho ap\u00f3s aposentadoria","datePublished":"2019-07-24T21:27:22+00:00","dateModified":"2020-01-29T22:06:45+00:00","mainEntityOfPage":{"@id":"https:\/\/blogdosrsiape.com\/servidores-publicos-poderao-perder-contrato-de-trabalho-apos-aposentadoria\/"},"wordCount":659,"commentCount":0,"publisher":{"@id":"https:\/\/blogdosrsiape.com\/#organization"},"image":{"@id":"https:\/\/blogdosrsiape.com\/servidores-publicos-poderao-perder-contrato-de-trabalho-apos-aposentadoria\/#primaryimage"},"thumbnailUrl":"https:\/\/11ponto11servidor.com.br\/blogsrsiape\/wp-content\/uploads\/sites\/2\/2019\/07\/bxblue-reforma-da-previdencia-idade-minima-para-a-aposentadoria-definicao-1024x682.jpg","articleSection":["Aposentadoria"],"inLanguage":"pt-BR","potentialAction":[{"@type":"CommentAction","name":"Comment","target":["https:\/\/blogdosrsiape.com\/servidores-publicos-poderao-perder-contrato-de-trabalho-apos-aposentadoria\/#respond"]}]},{"@type":"WebPage","@id":"https:\/\/blogdosrsiape.com\/servidores-publicos-poderao-perder-contrato-de-trabalho-apos-aposentadoria\/","url":"https:\/\/blogdosrsiape.com\/servidores-publicos-poderao-perder-contrato-de-trabalho-apos-aposentadoria\/","name":"Servidores p\u00fablicos poder\u00e3o perder contrato de trabalho ap\u00f3s aposentadoria - Blog do Sr. SIAPE","isPartOf":{"@id":"https:\/\/blogdosrsiape.com\/#website"},"primaryImageOfPage":{"@id":"https:\/\/blogdosrsiape.com\/servidores-publicos-poderao-perder-contrato-de-trabalho-apos-aposentadoria\/#primaryimage"},"image":{"@id":"https:\/\/blogdosrsiape.com\/servidores-publicos-poderao-perder-contrato-de-trabalho-apos-aposentadoria\/#primaryimage"},"thumbnailUrl":"https:\/\/11ponto11servidor.com.br\/blogsrsiape\/wp-content\/uploads\/sites\/2\/2019\/07\/bxblue-reforma-da-previdencia-idade-minima-para-a-aposentadoria-definicao-1024x682.jpg","datePublished":"2019-07-24T21:27:22+00:00","dateModified":"2020-01-29T22:06:45+00:00","description":"Servidores SIGAC poder\u00e3o ser \"demitidos\" ap\u00f3s se aposentarem! Como isso vai acontecer? A partir de quando isso vai ocorrer? Descubra Agora!","breadcrumb":{"@id":"https:\/\/blogdosrsiape.com\/servidores-publicos-poderao-perder-contrato-de-trabalho-apos-aposentadoria\/#breadcrumb"},"inLanguage":"pt-BR","potentialAction":[{"@type":"ReadAction","target":["https:\/\/blogdosrsiape.com\/servidores-publicos-poderao-perder-contrato-de-trabalho-apos-aposentadoria\/"]}]},{"@type":"ImageObject","inLanguage":"pt-BR","@id":"https:\/\/blogdosrsiape.com\/servidores-publicos-poderao-perder-contrato-de-trabalho-apos-aposentadoria\/#primaryimage","url":"https:\/\/11ponto11servidor.com.br\/blogsrsiape\/wp-content\/uploads\/sites\/2\/2019\/07\/bxblue-reforma-da-previdencia-idade-minima-para-a-aposentadoria-definicao-1024x682.jpg","contentUrl":"https:\/\/11ponto11servidor.com.br\/blogsrsiape\/wp-content\/uploads\/sites\/2\/2019\/07\/bxblue-reforma-da-previdencia-idade-minima-para-a-aposentadoria-definicao-1024x682.jpg","width":1024,"height":682},{"@type":"BreadcrumbList","@id":"https:\/\/blogdosrsiape.com\/servidores-publicos-poderao-perder-contrato-de-trabalho-apos-aposentadoria\/#breadcrumb","itemListElement":[{"@type":"ListItem","position":1,"name":"In\u00edcio","item":"https:\/\/blogdosrsiape.com\/"},{"@type":"ListItem","position":2,"name":"Servidores p\u00fablicos poder\u00e3o perder contrato de trabalho ap\u00f3s aposentadoria"}]},{"@type":"WebSite","@id":"https:\/\/blogdosrsiape.com\/#website","url":"https:\/\/blogdosrsiape.com\/","name":"Blog do sr. SIAPE","description":"SIAPE Servidor Federal","publisher":{"@id":"https:\/\/blogdosrsiape.com\/#organization"},"potentialAction":[{"@type":"SearchAction","target":{"@type":"EntryPoint","urlTemplate":"https:\/\/blogdosrsiape.com\/?s={search_term_string}"},"query-input":{"@type":"PropertyValueSpecification","valueRequired":true,"valueName":"search_term_string"}}],"inLanguage":"pt-BR"},{"@type":"Organization","@id":"https:\/\/blogdosrsiape.com\/#organization","name":"Blog do sr. SIAPE","url":"https:\/\/blogdosrsiape.com\/","logo":{"@type":"ImageObject","inLanguage":"pt-BR","@id":"https:\/\/blogdosrsiape.com\/#\/schema\/logo\/image\/","url":"https:\/\/11ponto11servidor.com.br\/blogsrsiape\/wp-content\/uploads\/sites\/2\/2024\/10\/logo-1.png","contentUrl":"https:\/\/11ponto11servidor.com.br\/blogsrsiape\/wp-content\/uploads\/sites\/2\/2024\/10\/logo-1.png","width":287,"height":116,"caption":"Blog do sr. SIAPE"},"image":{"@id":"https:\/\/blogdosrsiape.com\/#\/schema\/logo\/image\/"},"sameAs":["https:\/\/www.facebook.com\/blogsrsiape\/?locale=pt_BR","https:\/\/www.instagram.com\/srsiape\/"]},{"@type":"Person","@id":"https:\/\/blogdosrsiape.com\/#\/schema\/person\/641e1af8b22c69725a1d604fb8959bcf","name":"websitemix","sameAs":["https:\/\/11ponto11servidor.com.br"],"url":"https:\/\/11ponto11servidor.com.br\/blogsrsiape\/author\/websitemix\/"}]}},"_links":{"self":[{"href":"https:\/\/11ponto11servidor.com.br\/blogsrsiape\/wp-json\/wp\/v2\/posts\/9523"}],"collection":[{"href":"https:\/\/11ponto11servidor.com.br\/blogsrsiape\/wp-json\/wp\/v2\/posts"}],"about":[{"href":"https:\/\/11ponto11servidor.com.br\/blogsrsiape\/wp-json\/wp\/v2\/types\/post"}],"author":[{"embeddable":true,"href":"https:\/\/11ponto11servidor.com.br\/blogsrsiape\/wp-json\/wp\/v2\/users\/1"}],"replies":[{"embeddable":true,"href":"https:\/\/11ponto11servidor.com.br\/blogsrsiape\/wp-json\/wp\/v2\/comments?post=9523"}],"version-history":[{"count":0,"href":"https:\/\/11ponto11servidor.com.br\/blogsrsiape\/wp-json\/wp\/v2\/posts\/9523\/revisions"}],"wp:featuredmedia":[{"embeddable":true,"href":"https:\/\/11ponto11servidor.com.br\/blogsrsiape\/wp-json\/wp\/v2\/media\/9526"}],"wp:attachment":[{"href":"https:\/\/11ponto11servidor.com.br\/blogsrsiape\/wp-json\/wp\/v2\/media?parent=9523"}],"wp:term":[{"taxonomy":"category","embeddable":true,"href":"https:\/\/11ponto11servidor.com.br\/blogsrsiape\/wp-json\/wp\/v2\/categories?post=9523"},{"taxonomy":"post_tag","embeddable":true,"href":"https:\/\/11ponto11servidor.com.br\/blogsrsiape\/wp-json\/wp\/v2\/tags?post=9523"}],"curies":[{"name":"wp","href":"https:\/\/api.w.org\/{rel}","templated":true}]}}