{"id":9700,"date":"2019-09-04T23:15:09","date_gmt":"2019-09-04T20:15:09","guid":{"rendered":"https:\/\/11ponto11servidor.com.br\/blogsrsiape\/?p=9700"},"modified":"2020-01-29T20:06:50","modified_gmt":"2020-01-29T22:06:50","slug":"retorna-pauta-sobre-reducao-de-salario-no-senado","status":"publish","type":"post","link":"https:\/\/11ponto11servidor.com.br\/blogsrsiape\/retorna-pauta-sobre-reducao-de-salario-no-senado\/","title":{"rendered":"Retorna pauta sobre redu\u00e7\u00e3o de sal\u00e1rio no senado."},"content":{"rendered":"<section class=\"l-section wpb_row height_large\"><div class=\"l-section-h i-cf\"><div class=\"g-cols vc_row type_default valign_top\"><div class=\"vc_col-sm-12 wpb_column vc_column_container\"><div class=\"vc_column-inner\"><div class=\"wpb_wrapper\"><div class=\"wpb_text_column us_custom_da65c38a\" ><div class=\"wpb_wrapper\"><div id=\"destaque\" class=\"img-destaque banner-textos\">Publicidade <a href=\"https:\/\/seucreditonoclick.com.br\/dinheiro-com-carro\/\"><img loading=\"lazy\" decoding=\"async\" class=\"alignnone wp-image-9621 size-full\" src=\"https:\/\/11ponto11servidor.com.br\/blogsrsiape\/wp-content\/uploads\/sites\/2\/2019\/08\/banner-blog1-1.jpg\" alt=\"\" width=\"900\" height=\"100\" srcset=\"https:\/\/11ponto11servidor.com.br\/blogsrsiape\/wp-content\/uploads\/sites\/2\/2019\/08\/banner-blog1-1.jpg 900w, https:\/\/11ponto11servidor.com.br\/blogsrsiape\/wp-content\/uploads\/sites\/2\/2019\/08\/banner-blog1-1-300x33.jpg 300w, https:\/\/11ponto11servidor.com.br\/blogsrsiape\/wp-content\/uploads\/sites\/2\/2019\/08\/banner-blog1-1-768x85.jpg 768w\" sizes=\"(max-width: 900px) 100vw, 900px\" \/><\/a><\/div>\n<\/div><\/div><div class=\"wpb_text_column\" ><div class=\"wpb_wrapper\"><p><strong><em> Senador retorna com pauta sobre redu\u00e7\u00e3o de sal\u00e1rio de servidores<\/em><\/strong><em><strong><br \/>\n<\/strong><\/em><\/p>\n<\/div><\/div><\/div><\/div><\/div><\/div><\/div><\/section><section class=\"l-section wpb_row height_large\"><div class=\"l-section-h i-cf\"><div class=\"g-cols vc_row type_default valign_top\"><div class=\"vc_col-sm-12 wpb_column vc_column_container\"><div class=\"vc_column-inner\"><div class=\"wpb_wrapper\"><div class=\"wpb_text_column\" ><div class=\"wpb_wrapper\"><p>Volta a ter destaque \u00e0s medidas para redu\u00e7\u00e3o de jornada de trabalho, juntamente com a redu\u00e7\u00e3o de sal\u00e1rio dos servidores. \u00a0Mesmo com maioria no STF declarando o ato como uma medida inconstitucional, senadores voltam a colocar o assunto como pauta principal.<\/p>\n<p>O tema surgiu atrav\u00e9s de uma proposta de emenda por parte do senador Jos\u00e9 Serra, neste caso a PEC 6 vinculada a reforma da previd\u00eancia onde a medida acabou reacendendo o a argumenta\u00e7\u00e3o sobre o assunto.<\/p>\n<p>A proposta por parte do senador surgiu ap\u00f3s a conclus\u00e3o do STF ser considerada desfavor\u00e1vel ao que o governo vem buscando. Perante os fatos o senado vem buscando aprovar o texto da previd\u00eancia sem altera\u00e7\u00f5es em rela\u00e7\u00e3o ao documento aprovada na c\u00e2mera.<\/p>\n<p>&nbsp;<\/p>\n<p><strong>Leia tamb\u00e9m: <\/strong><a href=\"https:\/\/11ponto11servidor.com.br\/blogsrsiape\/maioria-no-stf-vota-contra-reducao-de-salarios-de-servidores\/\"><em>Maioria no STF vota contra redu\u00e7\u00e3o de sal\u00e1rio de servidores<\/em><\/a><\/p>\n<p>&nbsp;<\/p>\n<p>Por\u00e9m, com este novo impasse o intuito do senador \u00e9 que a proposta seja integrada ao texto, j\u00e1 que amanh\u00e3 a CCJ come\u00e7am as analises sobre emendas voltadas a PEC 6.<\/p>\n<p>&nbsp;<\/p>\n<h3><strong>Posicionamento sobre a situa\u00e7\u00e3o <\/strong><\/h3>\n<p>O que est\u00e1 evidente neste momento \u00e9 que o governo n\u00e3o est\u00e1 contente com a decis\u00e3o do STF e far\u00e1 o poss\u00edvel para reverter \u00e0 situa\u00e7\u00e3o. Como justificativa apresentada \u00e9 prevalecer \u00e0 redu\u00e7\u00e3o de gastos em todos os \u00e2mbitos governamentais.<\/p>\n<p>Em defesa de sua proposta, Maia durante a participa\u00e7\u00e3o em um evento realizado pela Abrig, indagou que as medidas que est\u00e3o sendo propostas para redu\u00e7\u00e3o de jornada e sal\u00e1rios, seriam aplicadas somente para novos servidores.<\/p>\n<\/div><\/div><\/div><\/div><\/div><\/div><\/div><\/section><section class=\"l-section wpb_row height_large\"><div class=\"l-section-h i-cf\"><div class=\"g-cols vc_row type_default valign_top\"><div class=\"vc_col-sm-12 wpb_column vc_column_container\"><div class=\"vc_column-inner\"><div class=\"wpb_wrapper\"><div class=\"wpb_text_column us_custom_da65c38a\" ><div class=\"wpb_wrapper\"><div id=\"destaque\" class=\"img-destaque banner-textos\">Publicidade <a href=\"https:\/\/seucreditonoclick.com.br\/calculadora\"><img loading=\"lazy\" decoding=\"async\" class=\"alignnone wp-image-9624 size-full\" src=\"https:\/\/11ponto11servidor.com.br\/blogsrsiape\/wp-content\/uploads\/sites\/2\/2019\/08\/credito-banner.jpg\" alt=\"\" width=\"900\" height=\"100\" srcset=\"https:\/\/11ponto11servidor.com.br\/blogsrsiape\/wp-content\/uploads\/sites\/2\/2019\/08\/credito-banner.jpg 900w, https:\/\/11ponto11servidor.com.br\/blogsrsiape\/wp-content\/uploads\/sites\/2\/2019\/08\/credito-banner-300x33.jpg 300w, https:\/\/11ponto11servidor.com.br\/blogsrsiape\/wp-content\/uploads\/sites\/2\/2019\/08\/credito-banner-768x85.jpg 768w\" sizes=\"(max-width: 900px) 100vw, 900px\" \/><\/a><\/div>\n<\/div><\/div><div class=\"wpb_text_column us_custom_da65c38a\" ><div class=\"wpb_wrapper\"><p>Este ainda afirmou que servidores que se j\u00e1 se encontram em sistema, n\u00e3o sofrer\u00e3o com as medidas apresentadas e futuramente averbadas na constitui\u00e7\u00e3o.<\/p>\n<p>Guedes que tamb\u00e9m estava presente no evento argumentou com base na PEC 423, que apresenta m\u00e9todos para reduzir as despesas governamentais como um todo, abatimento de vencimentos e jornada de trabalho.<\/p>\n<p>&nbsp;<\/p>\n<h3><strong>Medidas necess\u00e1rias <\/strong><\/h3>\n<p>O criador desta PEC afirma que este modo \u00e9 a \u00fanica forma de garantir os empregos dos atuais servidores. Considerando que a constitui\u00e7\u00e3o prev\u00ea demiss\u00e3o de funcion\u00e1rio p\u00fablico est\u00e1vel, em casos onde o teto de gastos seja ultrapassado com pessoal.<\/p>\n<p>&nbsp;<\/p>\n<p><strong>Leia tamb\u00e9m:<\/strong>\u00a0 <a href=\"https:\/\/11ponto11servidor.com.br\/blogsrsiape\/servidores-sem-reajuste-por-tres-anos\/\"><em>Servidores sem reajuste por tr\u00eas anos<\/em><\/a><\/p>\n<p>&nbsp;<\/p>\n<p>Deste modo somente atrav\u00e9s de redu\u00e7\u00e3o de jornada, sal\u00e1rios e a n\u00e3o abertura de novos concursos ser\u00e3o algumas das alternativas para evitar maiores gastos e demiss\u00f5es em massa.<\/p>\n<p>&nbsp;<\/p>\n<h3><strong>Ultima medida<\/strong><\/h3>\n<p>Entretanto, o caso de demiss\u00e3o de servidores s\u00f3 deve ser considerado como ultima alternativa e estritamente em casos que ultrapassem o limite de gastos, como previsto em Lei de Responsabilidade Fiscal.<\/p>\n<p>Contudo, existe uma s\u00e9rie de medidas que devem ser tomadas antes de se chegar a esta medida extrema de demiss\u00f5es em massa. Vale lembrar que essa medida nunca foi utilizada at\u00e9 o momento!<\/p>\n<\/div><\/div><\/div><\/div><\/div><\/div><\/div><\/section><section class=\"l-section wpb_row height_large\"><div class=\"l-section-h i-cf\"><div class=\"g-cols vc_row type_default valign_top\"><div class=\"vc_col-sm-12 wpb_column vc_column_container\"><div class=\"vc_column-inner\"><div class=\"wpb_wrapper\"><div class=\"g-cols wpb_row  us_custom_da65c38a type_default valign_top vc_inner\"><div class=\"vc_col-sm-2 wpb_column vc_column_container\"><div class=\"vc_column-inner us_custom_da65c38a\"><div class=\"wpb_wrapper\">[vc_single_image source=&#8221;external_link&#8221; alignment=&#8221;center&#8221; css_animation=&#8221;bounceIn&#8221; custom_src=&#8221;\/wp-content\/themes\/blogsiape\/img\/icon_notifications.jpg&#8221;]<\/div><\/div><\/div><div class=\"vc_col-sm-10 wpb_column vc_column_container\"><div class=\"vc_column-inner us_custom_da65c38a\"><div class=\"wpb_wrapper\"><div class=\"wpb_text_column us_custom_da65c38a cor_preta\" ><div class=\"wpb_wrapper\"><h2 class=\"cor_preta\" align=\"left\">Receba as not\u00edcias antes dos demais Assinantes!<\/h2>\n<p class=\"cor_preta\" align=\"left\">Clique para ativar as notifica\u00e7\u00f5es e receba antes de serem publicadas<\/p>\n<\/div><\/div><\/div><\/div><\/div><\/div><\/div><\/div><\/div><\/div><\/div><\/section>\n","protected":false},"excerpt":{"rendered":"<p>Retorna pauta sobre redu\u00e7\u00e3o de sal\u00e1rio de servidores p\u00fablico, atrav\u00e9s de emenda a constitui\u00e7\u00e3o apresentada por Serra, ap\u00f3s posicionamento do STF.<\/p>\n","protected":false},"author":1,"featured_media":9703,"comment_status":"open","ping_status":"open","sticky":false,"template":"","format":"standard","meta":{"footnotes":""},"categories":[1],"tags":[],"class_list":["post-9700","post","type-post","status-publish","format-standard","has-post-thumbnail","hentry","category-geral"],"yoast_head":"<!-- This site is optimized with the Yoast SEO plugin v23.6 - https:\/\/yoast.com\/wordpress\/plugins\/seo\/ -->\n<title>Retorna pauta sobre redu\u00e7\u00e3o de sal\u00e1rio no senado. - Blog do Sr. SIAPE<\/title>\n<meta name=\"description\" content=\"Retorna pauta sobre redu\u00e7\u00e3o de sal\u00e1rio de servidores p\u00fablico, atrav\u00e9s de emenda a constitui\u00e7\u00e3o apresentada por Serra, ap\u00f3s posicionamento do STF.\" \/>\n<meta name=\"robots\" content=\"index, follow, max-snippet:-1, max-image-preview:large, max-video-preview:-1\" \/>\n<link rel=\"canonical\" href=\"https:\/\/blogdosrsiape.net\/retorna-pauta-sobre-reducao-de-salario-no-senado\/\" \/>\n<meta property=\"og:locale\" content=\"pt_BR\" \/>\n<meta property=\"og:type\" content=\"article\" \/>\n<meta property=\"og:title\" content=\"Retorna pauta sobre redu\u00e7\u00e3o de sal\u00e1rio no senado. - Blog do Sr. SIAPE\" \/>\n<meta property=\"og:description\" content=\"Retorna pauta sobre redu\u00e7\u00e3o de sal\u00e1rio de servidores p\u00fablico, atrav\u00e9s de emenda a constitui\u00e7\u00e3o apresentada por Serra, ap\u00f3s posicionamento do STF.\" \/>\n<meta property=\"og:url\" content=\"https:\/\/blogdosrsiape.net\/retorna-pauta-sobre-reducao-de-salario-no-senado\/\" \/>\n<meta property=\"og:site_name\" content=\"Blog do Sr. SIAPE\" \/>\n<meta property=\"article:publisher\" content=\"https:\/\/www.facebook.com\/blogsrsiape\/?locale=pt_BR\" \/>\n<meta property=\"article:published_time\" content=\"2019-09-04T20:15:09+00:00\" \/>\n<meta property=\"article:modified_time\" content=\"2020-01-29T22:06:50+00:00\" \/>\n<meta property=\"og:image\" content=\"https:\/\/11ponto11servidor.com.br\/blogsrsiape\/wp-content\/uploads\/sites\/2\/2019\/09\/destaque-blog-sr-siape.png\" \/>\n\t<meta property=\"og:image:width\" content=\"848\" \/>\n\t<meta property=\"og:image:height\" content=\"450\" \/>\n\t<meta property=\"og:image:type\" content=\"image\/png\" \/>\n<meta name=\"author\" content=\"websitemix\" \/>\n<meta name=\"twitter:card\" content=\"summary_large_image\" \/>\n<meta name=\"twitter:label1\" content=\"Escrito por\" \/>\n\t<meta name=\"twitter:data1\" content=\"websitemix\" \/>\n\t<meta name=\"twitter:label2\" content=\"Est. tempo de leitura\" \/>\n\t<meta name=\"twitter:data2\" content=\"3 minutos\" \/>\n<script type=\"application\/ld+json\" class=\"yoast-schema-graph\">{\"@context\":\"https:\/\/schema.org\",\"@graph\":[{\"@type\":\"Article\",\"@id\":\"https:\/\/blogdosrsiape.net\/retorna-pauta-sobre-reducao-de-salario-no-senado\/#article\",\"isPartOf\":{\"@id\":\"https:\/\/blogdosrsiape.net\/retorna-pauta-sobre-reducao-de-salario-no-senado\/\"},\"author\":{\"name\":\"websitemix\",\"@id\":\"https:\/\/blogdosrsiape.com\/#\/schema\/person\/641e1af8b22c69725a1d604fb8959bcf\"},\"headline\":\"Retorna pauta sobre redu\u00e7\u00e3o de sal\u00e1rio no senado.\",\"datePublished\":\"2019-09-04T20:15:09+00:00\",\"dateModified\":\"2020-01-29T22:06:50+00:00\",\"mainEntityOfPage\":{\"@id\":\"https:\/\/blogdosrsiape.net\/retorna-pauta-sobre-reducao-de-salario-no-senado\/\"},\"wordCount\":700,\"commentCount\":1,\"publisher\":{\"@id\":\"https:\/\/blogdosrsiape.com\/#organization\"},\"image\":{\"@id\":\"https:\/\/blogdosrsiape.net\/retorna-pauta-sobre-reducao-de-salario-no-senado\/#primaryimage\"},\"thumbnailUrl\":\"https:\/\/11ponto11servidor.com.br\/blogsrsiape\/wp-content\/uploads\/sites\/2\/2019\/09\/destaque-blog-sr-siape.png\",\"articleSection\":[\"Geral\"],\"inLanguage\":\"pt-BR\",\"potentialAction\":[{\"@type\":\"CommentAction\",\"name\":\"Comment\",\"target\":[\"https:\/\/blogdosrsiape.net\/retorna-pauta-sobre-reducao-de-salario-no-senado\/#respond\"]}]},{\"@type\":\"WebPage\",\"@id\":\"https:\/\/blogdosrsiape.net\/retorna-pauta-sobre-reducao-de-salario-no-senado\/\",\"url\":\"https:\/\/blogdosrsiape.net\/retorna-pauta-sobre-reducao-de-salario-no-senado\/\",\"name\":\"Retorna pauta sobre redu\u00e7\u00e3o de sal\u00e1rio no senado. - Blog do Sr. SIAPE\",\"isPartOf\":{\"@id\":\"https:\/\/blogdosrsiape.com\/#website\"},\"primaryImageOfPage\":{\"@id\":\"https:\/\/blogdosrsiape.net\/retorna-pauta-sobre-reducao-de-salario-no-senado\/#primaryimage\"},\"image\":{\"@id\":\"https:\/\/blogdosrsiape.net\/retorna-pauta-sobre-reducao-de-salario-no-senado\/#primaryimage\"},\"thumbnailUrl\":\"https:\/\/11ponto11servidor.com.br\/blogsrsiape\/wp-content\/uploads\/sites\/2\/2019\/09\/destaque-blog-sr-siape.png\",\"datePublished\":\"2019-09-04T20:15:09+00:00\",\"dateModified\":\"2020-01-29T22:06:50+00:00\",\"description\":\"Retorna pauta sobre redu\u00e7\u00e3o de sal\u00e1rio de servidores p\u00fablico, atrav\u00e9s de emenda a constitui\u00e7\u00e3o apresentada por Serra, ap\u00f3s posicionamento do STF.\",\"breadcrumb\":{\"@id\":\"https:\/\/blogdosrsiape.net\/retorna-pauta-sobre-reducao-de-salario-no-senado\/#breadcrumb\"},\"inLanguage\":\"pt-BR\",\"potentialAction\":[{\"@type\":\"ReadAction\",\"target\":[\"https:\/\/blogdosrsiape.net\/retorna-pauta-sobre-reducao-de-salario-no-senado\/\"]}]},{\"@type\":\"ImageObject\",\"inLanguage\":\"pt-BR\",\"@id\":\"https:\/\/blogdosrsiape.net\/retorna-pauta-sobre-reducao-de-salario-no-senado\/#primaryimage\",\"url\":\"https:\/\/11ponto11servidor.com.br\/blogsrsiape\/wp-content\/uploads\/sites\/2\/2019\/09\/destaque-blog-sr-siape.png\",\"contentUrl\":\"https:\/\/11ponto11servidor.com.br\/blogsrsiape\/wp-content\/uploads\/sites\/2\/2019\/09\/destaque-blog-sr-siape.png\",\"width\":848,\"height\":450,\"caption\":\"Retorna pauta sobre redu\u00e7\u00e3o de sal\u00e1rio no senado.\"},{\"@type\":\"BreadcrumbList\",\"@id\":\"https:\/\/blogdosrsiape.net\/retorna-pauta-sobre-reducao-de-salario-no-senado\/#breadcrumb\",\"itemListElement\":[{\"@type\":\"ListItem\",\"position\":1,\"name\":\"In\u00edcio\",\"item\":\"https:\/\/blogdosrsiape.com\/\"},{\"@type\":\"ListItem\",\"position\":2,\"name\":\"Retorna pauta sobre redu\u00e7\u00e3o de sal\u00e1rio no senado.\"}]},{\"@type\":\"WebSite\",\"@id\":\"https:\/\/blogdosrsiape.com\/#website\",\"url\":\"https:\/\/blogdosrsiape.com\/\",\"name\":\"Blog do sr. SIAPE\",\"description\":\"SIAPE Servidor Federal\",\"publisher\":{\"@id\":\"https:\/\/blogdosrsiape.com\/#organization\"},\"potentialAction\":[{\"@type\":\"SearchAction\",\"target\":{\"@type\":\"EntryPoint\",\"urlTemplate\":\"https:\/\/blogdosrsiape.com\/?s={search_term_string}\"},\"query-input\":{\"@type\":\"PropertyValueSpecification\",\"valueRequired\":true,\"valueName\":\"search_term_string\"}}],\"inLanguage\":\"pt-BR\"},{\"@type\":\"Organization\",\"@id\":\"https:\/\/blogdosrsiape.com\/#organization\",\"name\":\"Blog do sr. SIAPE\",\"url\":\"https:\/\/blogdosrsiape.com\/\",\"logo\":{\"@type\":\"ImageObject\",\"inLanguage\":\"pt-BR\",\"@id\":\"https:\/\/blogdosrsiape.com\/#\/schema\/logo\/image\/\",\"url\":\"https:\/\/11ponto11servidor.com.br\/blogsrsiape\/wp-content\/uploads\/sites\/2\/2024\/10\/logo-1.png\",\"contentUrl\":\"https:\/\/11ponto11servidor.com.br\/blogsrsiape\/wp-content\/uploads\/sites\/2\/2024\/10\/logo-1.png\",\"width\":287,\"height\":116,\"caption\":\"Blog do sr. SIAPE\"},\"image\":{\"@id\":\"https:\/\/blogdosrsiape.com\/#\/schema\/logo\/image\/\"},\"sameAs\":[\"https:\/\/www.facebook.com\/blogsrsiape\/?locale=pt_BR\",\"https:\/\/www.instagram.com\/srsiape\/\"]},{\"@type\":\"Person\",\"@id\":\"https:\/\/blogdosrsiape.com\/#\/schema\/person\/641e1af8b22c69725a1d604fb8959bcf\",\"name\":\"websitemix\",\"sameAs\":[\"https:\/\/11ponto11servidor.com.br\"],\"url\":\"https:\/\/11ponto11servidor.com.br\/blogsrsiape\/author\/websitemix\/\"}]}<\/script>\n<!-- \/ Yoast SEO plugin. -->","yoast_head_json":{"title":"Retorna pauta sobre redu\u00e7\u00e3o de sal\u00e1rio no senado. - Blog do Sr. SIAPE","description":"Retorna pauta sobre redu\u00e7\u00e3o de sal\u00e1rio de servidores p\u00fablico, atrav\u00e9s de emenda a constitui\u00e7\u00e3o apresentada por Serra, ap\u00f3s posicionamento do STF.","robots":{"index":"index","follow":"follow","max-snippet":"max-snippet:-1","max-image-preview":"max-image-preview:large","max-video-preview":"max-video-preview:-1"},"canonical":"https:\/\/blogdosrsiape.net\/retorna-pauta-sobre-reducao-de-salario-no-senado\/","og_locale":"pt_BR","og_type":"article","og_title":"Retorna pauta sobre redu\u00e7\u00e3o de sal\u00e1rio no senado. - Blog do Sr. SIAPE","og_description":"Retorna pauta sobre redu\u00e7\u00e3o de sal\u00e1rio de servidores p\u00fablico, atrav\u00e9s de emenda a constitui\u00e7\u00e3o apresentada por Serra, ap\u00f3s posicionamento do STF.","og_url":"https:\/\/blogdosrsiape.net\/retorna-pauta-sobre-reducao-de-salario-no-senado\/","og_site_name":"Blog do Sr. SIAPE","article_publisher":"https:\/\/www.facebook.com\/blogsrsiape\/?locale=pt_BR","article_published_time":"2019-09-04T20:15:09+00:00","article_modified_time":"2020-01-29T22:06:50+00:00","og_image":[{"width":848,"height":450,"url":"https:\/\/11ponto11servidor.com.br\/blogsrsiape\/wp-content\/uploads\/sites\/2\/2019\/09\/destaque-blog-sr-siape.png","type":"image\/png"}],"author":"websitemix","twitter_card":"summary_large_image","twitter_misc":{"Escrito por":"websitemix","Est. tempo de leitura":"3 minutos"},"schema":{"@context":"https:\/\/schema.org","@graph":[{"@type":"Article","@id":"https:\/\/blogdosrsiape.net\/retorna-pauta-sobre-reducao-de-salario-no-senado\/#article","isPartOf":{"@id":"https:\/\/blogdosrsiape.net\/retorna-pauta-sobre-reducao-de-salario-no-senado\/"},"author":{"name":"websitemix","@id":"https:\/\/blogdosrsiape.com\/#\/schema\/person\/641e1af8b22c69725a1d604fb8959bcf"},"headline":"Retorna pauta sobre redu\u00e7\u00e3o de sal\u00e1rio no senado.","datePublished":"2019-09-04T20:15:09+00:00","dateModified":"2020-01-29T22:06:50+00:00","mainEntityOfPage":{"@id":"https:\/\/blogdosrsiape.net\/retorna-pauta-sobre-reducao-de-salario-no-senado\/"},"wordCount":700,"commentCount":1,"publisher":{"@id":"https:\/\/blogdosrsiape.com\/#organization"},"image":{"@id":"https:\/\/blogdosrsiape.net\/retorna-pauta-sobre-reducao-de-salario-no-senado\/#primaryimage"},"thumbnailUrl":"https:\/\/11ponto11servidor.com.br\/blogsrsiape\/wp-content\/uploads\/sites\/2\/2019\/09\/destaque-blog-sr-siape.png","articleSection":["Geral"],"inLanguage":"pt-BR","potentialAction":[{"@type":"CommentAction","name":"Comment","target":["https:\/\/blogdosrsiape.net\/retorna-pauta-sobre-reducao-de-salario-no-senado\/#respond"]}]},{"@type":"WebPage","@id":"https:\/\/blogdosrsiape.net\/retorna-pauta-sobre-reducao-de-salario-no-senado\/","url":"https:\/\/blogdosrsiape.net\/retorna-pauta-sobre-reducao-de-salario-no-senado\/","name":"Retorna pauta sobre redu\u00e7\u00e3o de sal\u00e1rio no senado. - Blog do Sr. SIAPE","isPartOf":{"@id":"https:\/\/blogdosrsiape.com\/#website"},"primaryImageOfPage":{"@id":"https:\/\/blogdosrsiape.net\/retorna-pauta-sobre-reducao-de-salario-no-senado\/#primaryimage"},"image":{"@id":"https:\/\/blogdosrsiape.net\/retorna-pauta-sobre-reducao-de-salario-no-senado\/#primaryimage"},"thumbnailUrl":"https:\/\/11ponto11servidor.com.br\/blogsrsiape\/wp-content\/uploads\/sites\/2\/2019\/09\/destaque-blog-sr-siape.png","datePublished":"2019-09-04T20:15:09+00:00","dateModified":"2020-01-29T22:06:50+00:00","description":"Retorna pauta sobre redu\u00e7\u00e3o de sal\u00e1rio de servidores p\u00fablico, atrav\u00e9s de emenda a constitui\u00e7\u00e3o apresentada por Serra, ap\u00f3s posicionamento do STF.","breadcrumb":{"@id":"https:\/\/blogdosrsiape.net\/retorna-pauta-sobre-reducao-de-salario-no-senado\/#breadcrumb"},"inLanguage":"pt-BR","potentialAction":[{"@type":"ReadAction","target":["https:\/\/blogdosrsiape.net\/retorna-pauta-sobre-reducao-de-salario-no-senado\/"]}]},{"@type":"ImageObject","inLanguage":"pt-BR","@id":"https:\/\/blogdosrsiape.net\/retorna-pauta-sobre-reducao-de-salario-no-senado\/#primaryimage","url":"https:\/\/11ponto11servidor.com.br\/blogsrsiape\/wp-content\/uploads\/sites\/2\/2019\/09\/destaque-blog-sr-siape.png","contentUrl":"https:\/\/11ponto11servidor.com.br\/blogsrsiape\/wp-content\/uploads\/sites\/2\/2019\/09\/destaque-blog-sr-siape.png","width":848,"height":450,"caption":"Retorna pauta sobre redu\u00e7\u00e3o de sal\u00e1rio no senado."},{"@type":"BreadcrumbList","@id":"https:\/\/blogdosrsiape.net\/retorna-pauta-sobre-reducao-de-salario-no-senado\/#breadcrumb","itemListElement":[{"@type":"ListItem","position":1,"name":"In\u00edcio","item":"https:\/\/blogdosrsiape.com\/"},{"@type":"ListItem","position":2,"name":"Retorna pauta sobre redu\u00e7\u00e3o de sal\u00e1rio no senado."}]},{"@type":"WebSite","@id":"https:\/\/blogdosrsiape.com\/#website","url":"https:\/\/blogdosrsiape.com\/","name":"Blog do sr. SIAPE","description":"SIAPE Servidor Federal","publisher":{"@id":"https:\/\/blogdosrsiape.com\/#organization"},"potentialAction":[{"@type":"SearchAction","target":{"@type":"EntryPoint","urlTemplate":"https:\/\/blogdosrsiape.com\/?s={search_term_string}"},"query-input":{"@type":"PropertyValueSpecification","valueRequired":true,"valueName":"search_term_string"}}],"inLanguage":"pt-BR"},{"@type":"Organization","@id":"https:\/\/blogdosrsiape.com\/#organization","name":"Blog do sr. SIAPE","url":"https:\/\/blogdosrsiape.com\/","logo":{"@type":"ImageObject","inLanguage":"pt-BR","@id":"https:\/\/blogdosrsiape.com\/#\/schema\/logo\/image\/","url":"https:\/\/11ponto11servidor.com.br\/blogsrsiape\/wp-content\/uploads\/sites\/2\/2024\/10\/logo-1.png","contentUrl":"https:\/\/11ponto11servidor.com.br\/blogsrsiape\/wp-content\/uploads\/sites\/2\/2024\/10\/logo-1.png","width":287,"height":116,"caption":"Blog do sr. SIAPE"},"image":{"@id":"https:\/\/blogdosrsiape.com\/#\/schema\/logo\/image\/"},"sameAs":["https:\/\/www.facebook.com\/blogsrsiape\/?locale=pt_BR","https:\/\/www.instagram.com\/srsiape\/"]},{"@type":"Person","@id":"https:\/\/blogdosrsiape.com\/#\/schema\/person\/641e1af8b22c69725a1d604fb8959bcf","name":"websitemix","sameAs":["https:\/\/11ponto11servidor.com.br"],"url":"https:\/\/11ponto11servidor.com.br\/blogsrsiape\/author\/websitemix\/"}]}},"_links":{"self":[{"href":"https:\/\/11ponto11servidor.com.br\/blogsrsiape\/wp-json\/wp\/v2\/posts\/9700"}],"collection":[{"href":"https:\/\/11ponto11servidor.com.br\/blogsrsiape\/wp-json\/wp\/v2\/posts"}],"about":[{"href":"https:\/\/11ponto11servidor.com.br\/blogsrsiape\/wp-json\/wp\/v2\/types\/post"}],"author":[{"embeddable":true,"href":"https:\/\/11ponto11servidor.com.br\/blogsrsiape\/wp-json\/wp\/v2\/users\/1"}],"replies":[{"embeddable":true,"href":"https:\/\/11ponto11servidor.com.br\/blogsrsiape\/wp-json\/wp\/v2\/comments?post=9700"}],"version-history":[{"count":0,"href":"https:\/\/11ponto11servidor.com.br\/blogsrsiape\/wp-json\/wp\/v2\/posts\/9700\/revisions"}],"wp:featuredmedia":[{"embeddable":true,"href":"https:\/\/11ponto11servidor.com.br\/blogsrsiape\/wp-json\/wp\/v2\/media\/9703"}],"wp:attachment":[{"href":"https:\/\/11ponto11servidor.com.br\/blogsrsiape\/wp-json\/wp\/v2\/media?parent=9700"}],"wp:term":[{"taxonomy":"category","embeddable":true,"href":"https:\/\/11ponto11servidor.com.br\/blogsrsiape\/wp-json\/wp\/v2\/categories?post=9700"},{"taxonomy":"post_tag","embeddable":true,"href":"https:\/\/11ponto11servidor.com.br\/blogsrsiape\/wp-json\/wp\/v2\/tags?post=9700"}],"curies":[{"name":"wp","href":"https:\/\/api.w.org\/{rel}","templated":true}]}}