{"id":9724,"date":"2019-09-10T00:41:16","date_gmt":"2019-09-09T21:41:16","guid":{"rendered":"https:\/\/11ponto11servidor.com.br\/blogsrsiape\/?p=9724"},"modified":"2020-01-29T20:06:51","modified_gmt":"2020-01-29T22:06:51","slug":"mobilizacao-de-servidores-contra-perda-de-estabilidade","status":"publish","type":"post","link":"https:\/\/11ponto11servidor.com.br\/blogsrsiape\/mobilizacao-de-servidores-contra-perda-de-estabilidade\/","title":{"rendered":"Mobiliza\u00e7\u00e3o de servidores contra perda de estabilidade"},"content":{"rendered":"<section class=\"l-section wpb_row height_large\"><div class=\"l-section-h i-cf\"><div class=\"g-cols vc_row type_default valign_top\"><div class=\"vc_col-sm-12 wpb_column vc_column_container\"><div class=\"vc_column-inner\"><div class=\"wpb_wrapper\"><div class=\"wpb_text_column us_custom_da65c38a\" ><div class=\"wpb_wrapper\"><div id=\"destaque\" class=\"img-destaque banner-textos\">Publicidade <a href=\"https:\/\/seuseguronoclick.com.br\/\"><img loading=\"lazy\" decoding=\"async\" class=\"alignnone size-full wp-image-9733\" src=\"https:\/\/11ponto11servidor.com.br\/blogsrsiape\/wp-content\/uploads\/sites\/2\/2019\/09\/banner-materia.png\" alt=\"\" width=\"2048\" height=\"228\" srcset=\"https:\/\/11ponto11servidor.com.br\/blogsrsiape\/wp-content\/uploads\/sites\/2\/2019\/09\/banner-materia.png 2048w, https:\/\/11ponto11servidor.com.br\/blogsrsiape\/wp-content\/uploads\/sites\/2\/2019\/09\/banner-materia-300x33.png 300w, https:\/\/11ponto11servidor.com.br\/blogsrsiape\/wp-content\/uploads\/sites\/2\/2019\/09\/banner-materia-768x85.png 768w, https:\/\/11ponto11servidor.com.br\/blogsrsiape\/wp-content\/uploads\/sites\/2\/2019\/09\/banner-materia-1024x114.png 1024w\" sizes=\"(max-width: 2048px) 100vw, 2048px\" \/><\/a><\/div>\n<\/div><\/div><div class=\"wpb_text_column\" ><div class=\"wpb_wrapper\"><p><strong><em> Servidores mobilizam frente parlamentar em busca de impedir perda de estabilidade. <\/em><\/strong><em><strong><br \/>\n<\/strong><\/em><\/p>\n<\/div><\/div><\/div><\/div><\/div><\/div><\/div><\/section><section class=\"l-section wpb_row height_large\"><div class=\"l-section-h i-cf\"><div class=\"g-cols vc_row type_default valign_top\"><div class=\"vc_col-sm-12 wpb_column vc_column_container\"><div class=\"vc_column-inner\"><div class=\"wpb_wrapper\"><div class=\"wpb_text_column\" ><div class=\"wpb_wrapper\"><p>Com a reforma administrativa que o atual governo vem prometendo concretizar, os servidores federais, os quais ser\u00e3o os mais afetados, vem reunindo for\u00e7as para amenizar o quanto puderem esta situa\u00e7\u00e3o.<\/p>\n<p>As medidas propostas pelo minist\u00e9rio da economia s\u00e3o consideras muito \u201cr\u00edgidas\u201d pelos servidores federais.<\/p>\n<p>Visto que as medidas preveem terminar com estabilidade do servidor, al\u00e9m de n\u00e3o haver reajuste salarial por cerca de tr\u00eas anos. Progress\u00f5es de carreias mais longas e sal\u00e1rios mais baixos tamb\u00e9m est\u00e3o no projeto para novos servidores.<\/p>\n<p>&nbsp;<\/p>\n<h3><strong>Leia tamb\u00e9m: <\/strong><a href=\"https:\/\/11ponto11servidor.com.br\/blogsrsiape\/pergunte-o-que-desejar-ao-sr-siape\/\"><em>Pergunte o que desejar ao Sr. Siape<\/em><\/a><\/h3>\n<p>&nbsp;<\/p>\n<p>O governo sustenta que a reforma administrativa \u00e9 extremamente necess\u00e1ria, pois caso seja atingido o limite do teto de gastos firmado por lei, poder\u00e1 haver paralisa\u00e7\u00e3o de diversos \u00f3rg\u00e3os por falta de verbas.<\/p>\n<p>A maior afli\u00e7\u00e3o desta categoria est\u00e1 sobre o t\u00e9rmino da estabilidade e redu\u00e7\u00e3o de vencimentos. Por este motivo, os servidores come\u00e7aram a articular um lobby no Congresso.<\/p>\n<p>&nbsp;<\/p>\n<h3><strong>Nova frente parlamentar<\/strong><\/h3>\n<p>Toda essa agita\u00e7\u00e3o conseguiu criar a frente parlamentar mista em defesa do Servi\u00e7o P\u00fablico, com a ades\u00e3o de 235 deputados e ao menos seis senadores at\u00e9 o momento.<\/p>\n<p>O deputado Israel Batista, como coordenador da frente defende a seguinte tese: \u201cas inten\u00e7\u00f5es da reforma deveria focar nos rendimentos e melhorias no atendimento e n\u00e3o somente em cortes de custas\u201d.<\/p>\n<\/div><\/div><\/div><\/div><\/div><\/div><\/div><\/section><section class=\"l-section wpb_row height_large\"><div class=\"l-section-h i-cf\"><div class=\"g-cols vc_row type_default valign_top\"><div class=\"vc_col-sm-12 wpb_column vc_column_container\"><div class=\"vc_column-inner\"><div class=\"wpb_wrapper\"><div class=\"wpb_text_column us_custom_da65c38a\" ><div class=\"wpb_wrapper\"><div id=\"destaque\" class=\"img-destaque banner-textos\">Publicidade <a href=\"https:\/\/seuseguronoclick.com.br\/\"><img loading=\"lazy\" decoding=\"async\" class=\"alignnone size-full wp-image-9736\" src=\"https:\/\/11ponto11servidor.com.br\/blogsrsiape\/wp-content\/uploads\/sites\/2\/2019\/09\/banner-normal.png\" alt=\"\" width=\"900\" height=\"100\" srcset=\"https:\/\/11ponto11servidor.com.br\/blogsrsiape\/wp-content\/uploads\/sites\/2\/2019\/09\/banner-normal.png 900w, https:\/\/11ponto11servidor.com.br\/blogsrsiape\/wp-content\/uploads\/sites\/2\/2019\/09\/banner-normal-300x33.png 300w, https:\/\/11ponto11servidor.com.br\/blogsrsiape\/wp-content\/uploads\/sites\/2\/2019\/09\/banner-normal-768x85.png 768w\" sizes=\"(max-width: 900px) 100vw, 900px\" \/><\/a><\/div>\n<\/div><\/div><div class=\"wpb_text_column us_custom_da65c38a\" ><div class=\"wpb_wrapper\"><p>Os pol\u00edticos envolvidos na frente afirmam que alguns pontos ser\u00e3o improv\u00e1veis de modifica\u00e7\u00e3o, como por exemplo, a redu\u00e7\u00e3o salarial dos servidores vigentes.<\/p>\n<p>No entanto, existe a probabilidade de reaver discuss\u00f5es sobre a reformula\u00e7\u00e3o de carreira, juntamente com os sal\u00e1rios iniciais e promo\u00e7\u00f5es com maiores espa\u00e7os de tempo.<\/p>\n<p>A categoria considera sofrer in\u00fameros ataques de forma institucional, onde busca neste momento, mostrar que n\u00e3o s\u00e3o eles os verdadeiros vil\u00f5es dos gastos p\u00fablicos.<\/p>\n<p>&nbsp;<\/p>\n<h3><strong>Leia tamb\u00e9m:<\/strong> <a href=\"https:\/\/11ponto11servidor.com.br\/blogsrsiape\/retorna-pauta-sobre-reducao-de-salario-no-senado\/\"><em>Retorna pauta sobre redu\u00e7\u00e3o de sal\u00e1rio no senado<\/em><\/a><\/h3>\n<p>&nbsp;<\/p>\n<h3><strong>Reajustes<\/strong><\/h3>\n<p>Em 2020 com o projeto de Lei or\u00e7amentaria anual, est\u00e1 previsto reajustes salariais somente para os militares, que j\u00e1 contam com um projeto de lei tramitando no parlamento em rela\u00e7\u00e3o \u00e0 reestrutura\u00e7\u00e3o de carreiras.<\/p>\n<p>O fato de n\u00e3o ocorrer reajustes para os servidores federais civis, envolvem muitos outros fatores que necessitam de reinvindica\u00e7\u00e3o por parte desta categoria.<\/p>\n<p>Alguns destes motivos seriam: os v\u00e1rios cortes em in\u00fameros minist\u00e9rios e n\u00e3o realiza\u00e7\u00e3o de novos concursos. Com isto, esta diferencia\u00e7\u00e3o entre servidores e militares s\u00f3 aumenta a desmotiva\u00e7\u00e3o.<\/p>\n<p>Contudo, Marques afirma que se entende que obter nos reajustes salarias ficou mais dif\u00edcil por conta da greve situa\u00e7\u00e3o fiscal do nosso pa\u00eds, fazendo com que os gastos p\u00fablicos cheguem pr\u00f3ximos a limite do teto.<\/p>\n<\/div><\/div><\/div><\/div><\/div><\/div><\/div><\/section><section class=\"l-section wpb_row height_large\"><div class=\"l-section-h i-cf\"><div class=\"g-cols vc_row type_default valign_top\"><div class=\"vc_col-sm-12 wpb_column vc_column_container\"><div class=\"vc_column-inner\"><div class=\"wpb_wrapper\"><div class=\"g-cols wpb_row  us_custom_da65c38a type_default valign_top vc_inner\"><div class=\"vc_col-sm-2 wpb_column vc_column_container\"><div class=\"vc_column-inner us_custom_da65c38a\"><div class=\"wpb_wrapper\">[vc_single_image source=&#8221;external_link&#8221; alignment=&#8221;center&#8221; css_animation=&#8221;bounceIn&#8221; custom_src=&#8221;\/wp-content\/themes\/blogsiape\/img\/icon_notifications.jpg&#8221;]<\/div><\/div><\/div><div class=\"vc_col-sm-10 wpb_column vc_column_container\"><div class=\"vc_column-inner us_custom_da65c38a\"><div class=\"wpb_wrapper\"><div class=\"wpb_text_column us_custom_da65c38a cor_preta\" ><div class=\"wpb_wrapper\"><h2 class=\"cor_preta\" align=\"left\">Receba as not\u00edcias antes dos demais Assinantes!<\/h2>\n<p class=\"cor_preta\" align=\"left\">Clique para ativar as notifica\u00e7\u00f5es e receba antes de serem publicadas<\/p>\n<\/div><\/div><\/div><\/div><\/div><\/div><\/div><\/div><\/div><\/div><\/div><\/section>\n","protected":false},"excerpt":{"rendered":"<p>Com a reforma administrativa tramitando no minist\u00e9rio da economia, servidores mobilizam frente parlamentar para impedir perda de estabilidade.<\/p>\n","protected":false},"author":1,"featured_media":9732,"comment_status":"open","ping_status":"open","sticky":false,"template":"","format":"standard","meta":{"footnotes":""},"categories":[1],"tags":[],"class_list":["post-9724","post","type-post","status-publish","format-standard","has-post-thumbnail","hentry","category-geral"],"yoast_head":"<!-- This site is optimized with the Yoast SEO plugin v23.6 - https:\/\/yoast.com\/wordpress\/plugins\/seo\/ -->\n<title>Mobiliza\u00e7\u00e3o de servidores contra perda de estabilidade - Blog do Sr. SIAPE<\/title>\n<meta name=\"description\" content=\"Com a reforma administrativa tramitando no minist\u00e9rio da economia, servidores mobilizam frente parlamentar para impedir perda de estabilidade.\" \/>\n<meta name=\"robots\" content=\"index, follow, max-snippet:-1, max-image-preview:large, max-video-preview:-1\" \/>\n<link rel=\"canonical\" href=\"https:\/\/blogdosrsiape.net\/mobilizacao-de-servidores-contra-perda-de-estabilidade\/\" \/>\n<meta property=\"og:locale\" content=\"pt_BR\" \/>\n<meta property=\"og:type\" content=\"article\" \/>\n<meta property=\"og:title\" content=\"Mobiliza\u00e7\u00e3o de servidores contra perda de estabilidade - Blog do Sr. SIAPE\" \/>\n<meta property=\"og:description\" content=\"Com a reforma administrativa tramitando no minist\u00e9rio da economia, servidores mobilizam frente parlamentar para impedir perda de estabilidade.\" \/>\n<meta property=\"og:url\" content=\"https:\/\/blogdosrsiape.net\/mobilizacao-de-servidores-contra-perda-de-estabilidade\/\" \/>\n<meta property=\"og:site_name\" content=\"Blog do Sr. SIAPE\" \/>\n<meta property=\"article:publisher\" content=\"https:\/\/www.facebook.com\/blogsrsiape\/?locale=pt_BR\" \/>\n<meta property=\"article:published_time\" content=\"2019-09-09T21:41:16+00:00\" \/>\n<meta property=\"article:modified_time\" content=\"2020-01-29T22:06:51+00:00\" \/>\n<meta property=\"og:image\" content=\"https:\/\/11ponto11servidor.com.br\/blogsrsiape\/wp-content\/uploads\/sites\/2\/2019\/09\/destaque-servidores1.jpg\" \/>\n\t<meta property=\"og:image:width\" content=\"848\" \/>\n\t<meta property=\"og:image:height\" content=\"450\" \/>\n\t<meta property=\"og:image:type\" content=\"image\/jpeg\" \/>\n<meta name=\"author\" content=\"websitemix\" \/>\n<meta name=\"twitter:card\" content=\"summary_large_image\" \/>\n<meta name=\"twitter:label1\" content=\"Escrito por\" \/>\n\t<meta name=\"twitter:data1\" content=\"websitemix\" \/>\n\t<meta name=\"twitter:label2\" content=\"Est. tempo de leitura\" \/>\n\t<meta name=\"twitter:data2\" content=\"3 minutos\" \/>\n<script type=\"application\/ld+json\" class=\"yoast-schema-graph\">{\"@context\":\"https:\/\/schema.org\",\"@graph\":[{\"@type\":\"Article\",\"@id\":\"https:\/\/blogdosrsiape.net\/mobilizacao-de-servidores-contra-perda-de-estabilidade\/#article\",\"isPartOf\":{\"@id\":\"https:\/\/blogdosrsiape.net\/mobilizacao-de-servidores-contra-perda-de-estabilidade\/\"},\"author\":{\"name\":\"websitemix\",\"@id\":\"https:\/\/blogdosrsiape.com\/#\/schema\/person\/641e1af8b22c69725a1d604fb8959bcf\"},\"headline\":\"Mobiliza\u00e7\u00e3o de servidores contra perda de estabilidade\",\"datePublished\":\"2019-09-09T21:41:16+00:00\",\"dateModified\":\"2020-01-29T22:06:51+00:00\",\"mainEntityOfPage\":{\"@id\":\"https:\/\/blogdosrsiape.net\/mobilizacao-de-servidores-contra-perda-de-estabilidade\/\"},\"wordCount\":687,\"commentCount\":1,\"publisher\":{\"@id\":\"https:\/\/blogdosrsiape.com\/#organization\"},\"image\":{\"@id\":\"https:\/\/blogdosrsiape.net\/mobilizacao-de-servidores-contra-perda-de-estabilidade\/#primaryimage\"},\"thumbnailUrl\":\"https:\/\/11ponto11servidor.com.br\/blogsrsiape\/wp-content\/uploads\/sites\/2\/2019\/09\/destaque-servidores1.jpg\",\"articleSection\":[\"Geral\"],\"inLanguage\":\"pt-BR\",\"potentialAction\":[{\"@type\":\"CommentAction\",\"name\":\"Comment\",\"target\":[\"https:\/\/blogdosrsiape.net\/mobilizacao-de-servidores-contra-perda-de-estabilidade\/#respond\"]}]},{\"@type\":\"WebPage\",\"@id\":\"https:\/\/blogdosrsiape.net\/mobilizacao-de-servidores-contra-perda-de-estabilidade\/\",\"url\":\"https:\/\/blogdosrsiape.net\/mobilizacao-de-servidores-contra-perda-de-estabilidade\/\",\"name\":\"Mobiliza\u00e7\u00e3o de servidores contra perda de estabilidade - Blog do Sr. SIAPE\",\"isPartOf\":{\"@id\":\"https:\/\/blogdosrsiape.com\/#website\"},\"primaryImageOfPage\":{\"@id\":\"https:\/\/blogdosrsiape.net\/mobilizacao-de-servidores-contra-perda-de-estabilidade\/#primaryimage\"},\"image\":{\"@id\":\"https:\/\/blogdosrsiape.net\/mobilizacao-de-servidores-contra-perda-de-estabilidade\/#primaryimage\"},\"thumbnailUrl\":\"https:\/\/11ponto11servidor.com.br\/blogsrsiape\/wp-content\/uploads\/sites\/2\/2019\/09\/destaque-servidores1.jpg\",\"datePublished\":\"2019-09-09T21:41:16+00:00\",\"dateModified\":\"2020-01-29T22:06:51+00:00\",\"description\":\"Com a reforma administrativa tramitando no minist\u00e9rio da economia, servidores mobilizam frente parlamentar para impedir perda de estabilidade.\",\"breadcrumb\":{\"@id\":\"https:\/\/blogdosrsiape.net\/mobilizacao-de-servidores-contra-perda-de-estabilidade\/#breadcrumb\"},\"inLanguage\":\"pt-BR\",\"potentialAction\":[{\"@type\":\"ReadAction\",\"target\":[\"https:\/\/blogdosrsiape.net\/mobilizacao-de-servidores-contra-perda-de-estabilidade\/\"]}]},{\"@type\":\"ImageObject\",\"inLanguage\":\"pt-BR\",\"@id\":\"https:\/\/blogdosrsiape.net\/mobilizacao-de-servidores-contra-perda-de-estabilidade\/#primaryimage\",\"url\":\"https:\/\/11ponto11servidor.com.br\/blogsrsiape\/wp-content\/uploads\/sites\/2\/2019\/09\/destaque-servidores1.jpg\",\"contentUrl\":\"https:\/\/11ponto11servidor.com.br\/blogsrsiape\/wp-content\/uploads\/sites\/2\/2019\/09\/destaque-servidores1.jpg\",\"width\":848,\"height\":450,\"caption\":\"Mobiliza\u00e7\u00e3o de servidores contra perda de estabilidade\"},{\"@type\":\"BreadcrumbList\",\"@id\":\"https:\/\/blogdosrsiape.net\/mobilizacao-de-servidores-contra-perda-de-estabilidade\/#breadcrumb\",\"itemListElement\":[{\"@type\":\"ListItem\",\"position\":1,\"name\":\"In\u00edcio\",\"item\":\"https:\/\/blogdosrsiape.com\/\"},{\"@type\":\"ListItem\",\"position\":2,\"name\":\"Mobiliza\u00e7\u00e3o de servidores contra perda de estabilidade\"}]},{\"@type\":\"WebSite\",\"@id\":\"https:\/\/blogdosrsiape.com\/#website\",\"url\":\"https:\/\/blogdosrsiape.com\/\",\"name\":\"Blog do sr. SIAPE\",\"description\":\"SIAPE Servidor Federal\",\"publisher\":{\"@id\":\"https:\/\/blogdosrsiape.com\/#organization\"},\"potentialAction\":[{\"@type\":\"SearchAction\",\"target\":{\"@type\":\"EntryPoint\",\"urlTemplate\":\"https:\/\/blogdosrsiape.com\/?s={search_term_string}\"},\"query-input\":{\"@type\":\"PropertyValueSpecification\",\"valueRequired\":true,\"valueName\":\"search_term_string\"}}],\"inLanguage\":\"pt-BR\"},{\"@type\":\"Organization\",\"@id\":\"https:\/\/blogdosrsiape.com\/#organization\",\"name\":\"Blog do sr. SIAPE\",\"url\":\"https:\/\/blogdosrsiape.com\/\",\"logo\":{\"@type\":\"ImageObject\",\"inLanguage\":\"pt-BR\",\"@id\":\"https:\/\/blogdosrsiape.com\/#\/schema\/logo\/image\/\",\"url\":\"https:\/\/11ponto11servidor.com.br\/blogsrsiape\/wp-content\/uploads\/sites\/2\/2024\/10\/logo-1.png\",\"contentUrl\":\"https:\/\/11ponto11servidor.com.br\/blogsrsiape\/wp-content\/uploads\/sites\/2\/2024\/10\/logo-1.png\",\"width\":287,\"height\":116,\"caption\":\"Blog do sr. SIAPE\"},\"image\":{\"@id\":\"https:\/\/blogdosrsiape.com\/#\/schema\/logo\/image\/\"},\"sameAs\":[\"https:\/\/www.facebook.com\/blogsrsiape\/?locale=pt_BR\",\"https:\/\/www.instagram.com\/srsiape\/\"]},{\"@type\":\"Person\",\"@id\":\"https:\/\/blogdosrsiape.com\/#\/schema\/person\/641e1af8b22c69725a1d604fb8959bcf\",\"name\":\"websitemix\",\"sameAs\":[\"https:\/\/11ponto11servidor.com.br\"],\"url\":\"https:\/\/11ponto11servidor.com.br\/blogsrsiape\/author\/websitemix\/\"}]}<\/script>\n<!-- \/ Yoast SEO plugin. -->","yoast_head_json":{"title":"Mobiliza\u00e7\u00e3o de servidores contra perda de estabilidade - Blog do Sr. SIAPE","description":"Com a reforma administrativa tramitando no minist\u00e9rio da economia, servidores mobilizam frente parlamentar para impedir perda de estabilidade.","robots":{"index":"index","follow":"follow","max-snippet":"max-snippet:-1","max-image-preview":"max-image-preview:large","max-video-preview":"max-video-preview:-1"},"canonical":"https:\/\/blogdosrsiape.net\/mobilizacao-de-servidores-contra-perda-de-estabilidade\/","og_locale":"pt_BR","og_type":"article","og_title":"Mobiliza\u00e7\u00e3o de servidores contra perda de estabilidade - Blog do Sr. SIAPE","og_description":"Com a reforma administrativa tramitando no minist\u00e9rio da economia, servidores mobilizam frente parlamentar para impedir perda de estabilidade.","og_url":"https:\/\/blogdosrsiape.net\/mobilizacao-de-servidores-contra-perda-de-estabilidade\/","og_site_name":"Blog do Sr. SIAPE","article_publisher":"https:\/\/www.facebook.com\/blogsrsiape\/?locale=pt_BR","article_published_time":"2019-09-09T21:41:16+00:00","article_modified_time":"2020-01-29T22:06:51+00:00","og_image":[{"width":848,"height":450,"url":"https:\/\/11ponto11servidor.com.br\/blogsrsiape\/wp-content\/uploads\/sites\/2\/2019\/09\/destaque-servidores1.jpg","type":"image\/jpeg"}],"author":"websitemix","twitter_card":"summary_large_image","twitter_misc":{"Escrito por":"websitemix","Est. tempo de leitura":"3 minutos"},"schema":{"@context":"https:\/\/schema.org","@graph":[{"@type":"Article","@id":"https:\/\/blogdosrsiape.net\/mobilizacao-de-servidores-contra-perda-de-estabilidade\/#article","isPartOf":{"@id":"https:\/\/blogdosrsiape.net\/mobilizacao-de-servidores-contra-perda-de-estabilidade\/"},"author":{"name":"websitemix","@id":"https:\/\/blogdosrsiape.com\/#\/schema\/person\/641e1af8b22c69725a1d604fb8959bcf"},"headline":"Mobiliza\u00e7\u00e3o de servidores contra perda de estabilidade","datePublished":"2019-09-09T21:41:16+00:00","dateModified":"2020-01-29T22:06:51+00:00","mainEntityOfPage":{"@id":"https:\/\/blogdosrsiape.net\/mobilizacao-de-servidores-contra-perda-de-estabilidade\/"},"wordCount":687,"commentCount":1,"publisher":{"@id":"https:\/\/blogdosrsiape.com\/#organization"},"image":{"@id":"https:\/\/blogdosrsiape.net\/mobilizacao-de-servidores-contra-perda-de-estabilidade\/#primaryimage"},"thumbnailUrl":"https:\/\/11ponto11servidor.com.br\/blogsrsiape\/wp-content\/uploads\/sites\/2\/2019\/09\/destaque-servidores1.jpg","articleSection":["Geral"],"inLanguage":"pt-BR","potentialAction":[{"@type":"CommentAction","name":"Comment","target":["https:\/\/blogdosrsiape.net\/mobilizacao-de-servidores-contra-perda-de-estabilidade\/#respond"]}]},{"@type":"WebPage","@id":"https:\/\/blogdosrsiape.net\/mobilizacao-de-servidores-contra-perda-de-estabilidade\/","url":"https:\/\/blogdosrsiape.net\/mobilizacao-de-servidores-contra-perda-de-estabilidade\/","name":"Mobiliza\u00e7\u00e3o de servidores contra perda de estabilidade - Blog do Sr. SIAPE","isPartOf":{"@id":"https:\/\/blogdosrsiape.com\/#website"},"primaryImageOfPage":{"@id":"https:\/\/blogdosrsiape.net\/mobilizacao-de-servidores-contra-perda-de-estabilidade\/#primaryimage"},"image":{"@id":"https:\/\/blogdosrsiape.net\/mobilizacao-de-servidores-contra-perda-de-estabilidade\/#primaryimage"},"thumbnailUrl":"https:\/\/11ponto11servidor.com.br\/blogsrsiape\/wp-content\/uploads\/sites\/2\/2019\/09\/destaque-servidores1.jpg","datePublished":"2019-09-09T21:41:16+00:00","dateModified":"2020-01-29T22:06:51+00:00","description":"Com a reforma administrativa tramitando no minist\u00e9rio da economia, servidores mobilizam frente parlamentar para impedir perda de estabilidade.","breadcrumb":{"@id":"https:\/\/blogdosrsiape.net\/mobilizacao-de-servidores-contra-perda-de-estabilidade\/#breadcrumb"},"inLanguage":"pt-BR","potentialAction":[{"@type":"ReadAction","target":["https:\/\/blogdosrsiape.net\/mobilizacao-de-servidores-contra-perda-de-estabilidade\/"]}]},{"@type":"ImageObject","inLanguage":"pt-BR","@id":"https:\/\/blogdosrsiape.net\/mobilizacao-de-servidores-contra-perda-de-estabilidade\/#primaryimage","url":"https:\/\/11ponto11servidor.com.br\/blogsrsiape\/wp-content\/uploads\/sites\/2\/2019\/09\/destaque-servidores1.jpg","contentUrl":"https:\/\/11ponto11servidor.com.br\/blogsrsiape\/wp-content\/uploads\/sites\/2\/2019\/09\/destaque-servidores1.jpg","width":848,"height":450,"caption":"Mobiliza\u00e7\u00e3o de servidores contra perda de estabilidade"},{"@type":"BreadcrumbList","@id":"https:\/\/blogdosrsiape.net\/mobilizacao-de-servidores-contra-perda-de-estabilidade\/#breadcrumb","itemListElement":[{"@type":"ListItem","position":1,"name":"In\u00edcio","item":"https:\/\/blogdosrsiape.com\/"},{"@type":"ListItem","position":2,"name":"Mobiliza\u00e7\u00e3o de servidores contra perda de estabilidade"}]},{"@type":"WebSite","@id":"https:\/\/blogdosrsiape.com\/#website","url":"https:\/\/blogdosrsiape.com\/","name":"Blog do sr. SIAPE","description":"SIAPE Servidor Federal","publisher":{"@id":"https:\/\/blogdosrsiape.com\/#organization"},"potentialAction":[{"@type":"SearchAction","target":{"@type":"EntryPoint","urlTemplate":"https:\/\/blogdosrsiape.com\/?s={search_term_string}"},"query-input":{"@type":"PropertyValueSpecification","valueRequired":true,"valueName":"search_term_string"}}],"inLanguage":"pt-BR"},{"@type":"Organization","@id":"https:\/\/blogdosrsiape.com\/#organization","name":"Blog do sr. SIAPE","url":"https:\/\/blogdosrsiape.com\/","logo":{"@type":"ImageObject","inLanguage":"pt-BR","@id":"https:\/\/blogdosrsiape.com\/#\/schema\/logo\/image\/","url":"https:\/\/11ponto11servidor.com.br\/blogsrsiape\/wp-content\/uploads\/sites\/2\/2024\/10\/logo-1.png","contentUrl":"https:\/\/11ponto11servidor.com.br\/blogsrsiape\/wp-content\/uploads\/sites\/2\/2024\/10\/logo-1.png","width":287,"height":116,"caption":"Blog do sr. SIAPE"},"image":{"@id":"https:\/\/blogdosrsiape.com\/#\/schema\/logo\/image\/"},"sameAs":["https:\/\/www.facebook.com\/blogsrsiape\/?locale=pt_BR","https:\/\/www.instagram.com\/srsiape\/"]},{"@type":"Person","@id":"https:\/\/blogdosrsiape.com\/#\/schema\/person\/641e1af8b22c69725a1d604fb8959bcf","name":"websitemix","sameAs":["https:\/\/11ponto11servidor.com.br"],"url":"https:\/\/11ponto11servidor.com.br\/blogsrsiape\/author\/websitemix\/"}]}},"_links":{"self":[{"href":"https:\/\/11ponto11servidor.com.br\/blogsrsiape\/wp-json\/wp\/v2\/posts\/9724"}],"collection":[{"href":"https:\/\/11ponto11servidor.com.br\/blogsrsiape\/wp-json\/wp\/v2\/posts"}],"about":[{"href":"https:\/\/11ponto11servidor.com.br\/blogsrsiape\/wp-json\/wp\/v2\/types\/post"}],"author":[{"embeddable":true,"href":"https:\/\/11ponto11servidor.com.br\/blogsrsiape\/wp-json\/wp\/v2\/users\/1"}],"replies":[{"embeddable":true,"href":"https:\/\/11ponto11servidor.com.br\/blogsrsiape\/wp-json\/wp\/v2\/comments?post=9724"}],"version-history":[{"count":0,"href":"https:\/\/11ponto11servidor.com.br\/blogsrsiape\/wp-json\/wp\/v2\/posts\/9724\/revisions"}],"wp:featuredmedia":[{"embeddable":true,"href":"https:\/\/11ponto11servidor.com.br\/blogsrsiape\/wp-json\/wp\/v2\/media\/9732"}],"wp:attachment":[{"href":"https:\/\/11ponto11servidor.com.br\/blogsrsiape\/wp-json\/wp\/v2\/media?parent=9724"}],"wp:term":[{"taxonomy":"category","embeddable":true,"href":"https:\/\/11ponto11servidor.com.br\/blogsrsiape\/wp-json\/wp\/v2\/categories?post=9724"},{"taxonomy":"post_tag","embeddable":true,"href":"https:\/\/11ponto11servidor.com.br\/blogsrsiape\/wp-json\/wp\/v2\/tags?post=9724"}],"curies":[{"name":"wp","href":"https:\/\/api.w.org\/{rel}","templated":true}]}}