{"id":9739,"date":"2019-09-11T22:21:58","date_gmt":"2019-09-11T19:21:58","guid":{"rendered":"https:\/\/11ponto11servidor.com.br\/blogsrsiape\/?p=9739"},"modified":"2020-01-29T20:06:52","modified_gmt":"2020-01-29T22:06:52","slug":"reducao-de-salarios-e-jornada-avancam-na-camara","status":"publish","type":"post","link":"https:\/\/11ponto11servidor.com.br\/blogsrsiape\/reducao-de-salarios-e-jornada-avancam-na-camara\/","title":{"rendered":"Redu\u00e7\u00e3o de sal\u00e1rios e jornada avan\u00e7am na C\u00e2mara."},"content":{"rendered":"<section class=\"l-section wpb_row height_large\"><div class=\"l-section-h i-cf\"><div class=\"g-cols vc_row type_default valign_top\"><div class=\"vc_col-sm-12 wpb_column vc_column_container\"><div class=\"vc_column-inner\"><div class=\"wpb_wrapper\"><div class=\"wpb_text_column us_custom_da65c38a\" ><div class=\"wpb_wrapper\"><div id=\"destaque\" class=\"img-destaque banner-textos\">Publicidade <a href=\"https:\/\/seuseguronoclick.com.br\/\"><img loading=\"lazy\" decoding=\"async\" class=\"alignnone size-full wp-image-9733\" src=\"https:\/\/11ponto11servidor.com.br\/blogsrsiape\/wp-content\/uploads\/sites\/2\/2019\/09\/banner-materia.png\" alt=\"\" width=\"2048\" height=\"228\" srcset=\"https:\/\/11ponto11servidor.com.br\/blogsrsiape\/wp-content\/uploads\/sites\/2\/2019\/09\/banner-materia.png 2048w, https:\/\/11ponto11servidor.com.br\/blogsrsiape\/wp-content\/uploads\/sites\/2\/2019\/09\/banner-materia-300x33.png 300w, https:\/\/11ponto11servidor.com.br\/blogsrsiape\/wp-content\/uploads\/sites\/2\/2019\/09\/banner-materia-768x85.png 768w, https:\/\/11ponto11servidor.com.br\/blogsrsiape\/wp-content\/uploads\/sites\/2\/2019\/09\/banner-materia-1024x114.png 1024w\" sizes=\"(max-width: 2048px) 100vw, 2048px\" \/><\/a><\/div>\n<\/div><\/div><div class=\"wpb_text_column\" ><div class=\"wpb_wrapper\"><p><strong><em> Ap\u00f3s decis\u00e3o do STF governo decide procurar novas sa\u00eddas para redu\u00e7\u00e3o de sal\u00e1rios e jornada de trabalho dos servidores com pauta na CCJ<\/em><\/strong><em><strong><br \/>\n<\/strong><\/em><\/p>\n<\/div><\/div><\/div><\/div><\/div><\/div><\/div><\/section><section class=\"l-section wpb_row height_large\"><div class=\"l-section-h i-cf\"><div class=\"g-cols vc_row type_default valign_top\"><div class=\"vc_col-sm-12 wpb_column vc_column_container\"><div class=\"vc_column-inner\"><div class=\"wpb_wrapper\"><div class=\"wpb_text_column\" ><div class=\"wpb_wrapper\"><p>Come\u00e7a a avan\u00e7ar na C\u00e2mara, pauta sobre redu\u00e7\u00f5es de sal\u00e1rios e jornada de trabalho dos servidores. Como muitos j\u00e1 sabem o assunto foi instaurado desde o governo anterior e dado prosseguimento pelo presidente Bolsonaro.<\/p>\n<p>A proposta \u00e9 que todas as medidas da pauta sejam inclu\u00eddas na PEC 438 de 2018. Por este motivo que a CCJ come\u00e7ou as analises sobre o parecer apresentado pelo relator na semana passada.<\/p>\n<p>Por conta do grande apoio de governistas, tudo est\u00e1 indicando que a CCJ conceder\u00e1 autoriza\u00e7\u00e3o para os cortes nos sal\u00e1rios apoiados na PEC 438.<\/p>\n<p>&nbsp;<\/p>\n<h3><strong>Leia tamb\u00e9m: <\/strong><a href=\"https:\/\/11ponto11servidor.com.br\/blogsrsiape\/pergunte-o-que-desejar-ao-sr-siape\/\"><em>Pergunte o que desejar ao Sr. Siape<\/em><\/a><\/h3>\n<p>&nbsp;<\/p>\n<p>Analisando de modo amplo as medidas alteram a constitui\u00e7\u00e3o, com o objetivo de conter as despesas obrigat\u00f3rias do governo.<\/p>\n<p>Portanto, com as novas medidas para os servidores, ocorrer\u00e1 a regulariza\u00e7\u00e3o da regra de ouro na qual impede que a uni\u00e3o como um todo contraia dividas para custear gastos em sal\u00e1rios, por exemplo.<\/p>\n<p>De acordo com o texto apresentado, a redu\u00e7\u00e3o de jornada juntamente a adapta\u00e7\u00e3o de sal\u00e1rios, seria uma das alternativas para casos de descumprimento a regra de ouro.<\/p>\n<p>Tendo em considera\u00e7\u00e3o que o STF apresentou-se maioria contraria as novas medidas, o governo est\u00e1 em busca de outra sa\u00edda atrav\u00e9s do CCJ.<\/p>\n<\/div><\/div><\/div><\/div><\/div><\/div><\/div><\/section><section class=\"l-section wpb_row height_large\"><div class=\"l-section-h i-cf\"><div class=\"g-cols vc_row type_default valign_top\"><div class=\"vc_col-sm-12 wpb_column vc_column_container\"><div class=\"vc_column-inner\"><div class=\"wpb_wrapper\"><div class=\"wpb_text_column us_custom_da65c38a\" ><div class=\"wpb_wrapper\"><div id=\"destaque\" class=\"img-destaque banner-textos\">Publicidade <a href=\"https:\/\/seuseguronoclick.com.br\/\"><img loading=\"lazy\" decoding=\"async\" class=\"alignnone size-full wp-image-9736\" src=\"https:\/\/11ponto11servidor.com.br\/blogsrsiape\/wp-content\/uploads\/sites\/2\/2019\/09\/banner-normal.png\" alt=\"\" width=\"900\" height=\"100\" srcset=\"https:\/\/11ponto11servidor.com.br\/blogsrsiape\/wp-content\/uploads\/sites\/2\/2019\/09\/banner-normal.png 900w, https:\/\/11ponto11servidor.com.br\/blogsrsiape\/wp-content\/uploads\/sites\/2\/2019\/09\/banner-normal-300x33.png 300w, https:\/\/11ponto11servidor.com.br\/blogsrsiape\/wp-content\/uploads\/sites\/2\/2019\/09\/banner-normal-768x85.png 768w\" sizes=\"(max-width: 900px) 100vw, 900px\" \/><\/a><\/div>\n<\/div><\/div><div class=\"wpb_text_column us_custom_da65c38a\" ><div class=\"wpb_wrapper\"><p>Logo, a tramita\u00e7\u00e3o da proposta atrav\u00e9s do legislativo como objetivo de inclui-la na constitui\u00e7\u00e3o seria uma destas sa\u00eddas.<\/p>\n<p>O funcionalismo \u00e9 contrario as medidas e vem buscando formas de impedir a iniciativa perante a c\u00e2mara atrav\u00e9s de uma frente parlamentar.<\/p>\n<h3><\/h3>\n<h3><strong>Alternativa \u00e0 demiss\u00e3o<\/strong><\/h3>\n<p>Um ponto em defesa da medida, \u00e9 que a redu\u00e7\u00e3o de sal\u00e1rio ser\u00e1 um caminho a ser seguido, antes de ocorrer demiss\u00f5es de servidores. Sendo esta medida final prevista na constitui\u00e7\u00e3o brasileira.<\/p>\n<p>Segundo Pedro Paulo as medidas s\u00e3o de cunho tempor\u00e1rio e apenas em situa\u00e7\u00f5es de descumprimento a regra de ouro, afastando assim, os riscos de demiss\u00f5es.<\/p>\n<p>&nbsp;<\/p>\n<h3><strong>Leia tamb\u00e9m:<\/strong> <a href=\"https:\/\/11ponto11servidor.com.br\/blogsrsiape\/retorna-pauta-sobre-reducao-de-salario-no-senado\/\"><em>Retorna pauta sobre redu\u00e7\u00e3o de sal\u00e1rio no senado<\/em><\/a><\/h3>\n<p>&nbsp;<\/p>\n<p>Ainda em defesa de seus argumentos, \u00a0Pedro comenta que a PEC remete-se ao maior problema de nosso pa\u00eds, sendo as despesas obrigat\u00f3rias.<\/p>\n<p>Contudo, chegar ao ponto de demiss\u00f5es ser\u00e1 a ultimas das medidas a serem tomadas ao ultrapassar o teto de gastos com o funcionalismo. Deste modo vale ressaltar que a medida nunca foi utilizada.<\/p>\n<\/div><\/div><\/div><\/div><\/div><\/div><\/div><\/section><section class=\"l-section wpb_row height_large\"><div class=\"l-section-h i-cf\"><div class=\"g-cols vc_row type_default valign_top\"><div class=\"vc_col-sm-12 wpb_column vc_column_container\"><div class=\"vc_column-inner\"><div class=\"wpb_wrapper\"><div class=\"g-cols wpb_row  us_custom_da65c38a type_default valign_top vc_inner\"><div class=\"vc_col-sm-2 wpb_column vc_column_container\"><div class=\"vc_column-inner us_custom_da65c38a\"><div class=\"wpb_wrapper\">[vc_single_image source=&#8221;external_link&#8221; alignment=&#8221;center&#8221; css_animation=&#8221;bounceIn&#8221; custom_src=&#8221;\/wp-content\/themes\/blogsiape\/img\/icon_notifications.jpg&#8221;]<\/div><\/div><\/div><div class=\"vc_col-sm-10 wpb_column vc_column_container\"><div class=\"vc_column-inner us_custom_da65c38a\"><div class=\"wpb_wrapper\"><div class=\"wpb_text_column us_custom_da65c38a cor_preta\" ><div class=\"wpb_wrapper\"><h2 class=\"cor_preta\" align=\"left\">Receba as not\u00edcias antes dos demais Assinantes!<\/h2>\n<p class=\"cor_preta\" align=\"left\">Clique para ativar as notifica\u00e7\u00f5es e receba antes de serem publicadas<\/p>\n<\/div><\/div><\/div><\/div><\/div><\/div><\/div><\/div><\/div><\/div><\/div><\/section>\n","protected":false},"excerpt":{"rendered":"<p>Nesta semana come\u00e7ou a avan\u00e7ar na c\u00e2mara a pauta sobre a redu\u00e7\u00e3o de sal\u00e1rios e jornada de trabalho para conten\u00e7\u00e3o de gastos durante os pr\u00f3ximos anos.<\/p>\n","protected":false},"author":1,"featured_media":9744,"comment_status":"open","ping_status":"open","sticky":false,"template":"","format":"standard","meta":{"footnotes":""},"categories":[1],"tags":[],"class_list":["post-9739","post","type-post","status-publish","format-standard","has-post-thumbnail","hentry","category-geral"],"yoast_head":"<!-- This site is optimized with the Yoast SEO plugin v23.6 - https:\/\/yoast.com\/wordpress\/plugins\/seo\/ -->\n<title>Redu\u00e7\u00e3o de sal\u00e1rios e jornada avan\u00e7am na C\u00e2mara. - Blog do Sr. SIAPE<\/title>\n<meta name=\"description\" content=\"Nesta semana come\u00e7ou a avan\u00e7ar na c\u00e2mara a pauta sobre a redu\u00e7\u00e3o de sal\u00e1rios e jornada de trabalho para conten\u00e7\u00e3o de gastos durante os pr\u00f3ximos anos.\" \/>\n<meta name=\"robots\" content=\"index, follow, max-snippet:-1, max-image-preview:large, max-video-preview:-1\" \/>\n<link rel=\"canonical\" href=\"https:\/\/blogdosrsiape.net\/reducao-de-salarios-e-jornada-avancam-na-camara\/\" \/>\n<meta property=\"og:locale\" content=\"pt_BR\" \/>\n<meta property=\"og:type\" content=\"article\" \/>\n<meta property=\"og:title\" content=\"Redu\u00e7\u00e3o de sal\u00e1rios e jornada avan\u00e7am na C\u00e2mara. - Blog do Sr. SIAPE\" \/>\n<meta property=\"og:description\" content=\"Nesta semana come\u00e7ou a avan\u00e7ar na c\u00e2mara a pauta sobre a redu\u00e7\u00e3o de sal\u00e1rios e jornada de trabalho para conten\u00e7\u00e3o de gastos durante os pr\u00f3ximos anos.\" \/>\n<meta property=\"og:url\" content=\"https:\/\/blogdosrsiape.net\/reducao-de-salarios-e-jornada-avancam-na-camara\/\" \/>\n<meta property=\"og:site_name\" content=\"Blog do Sr. SIAPE\" \/>\n<meta property=\"article:publisher\" content=\"https:\/\/www.facebook.com\/blogsrsiape\/?locale=pt_BR\" \/>\n<meta property=\"article:published_time\" content=\"2019-09-11T19:21:58+00:00\" \/>\n<meta property=\"article:modified_time\" content=\"2020-01-29T22:06:52+00:00\" \/>\n<meta property=\"og:image\" content=\"https:\/\/11ponto11servidor.com.br\/blogsrsiape\/wp-content\/uploads\/sites\/2\/2019\/09\/destaque.jpg\" \/>\n\t<meta property=\"og:image:width\" content=\"848\" \/>\n\t<meta property=\"og:image:height\" content=\"450\" \/>\n\t<meta property=\"og:image:type\" content=\"image\/jpeg\" \/>\n<meta name=\"author\" content=\"websitemix\" \/>\n<meta name=\"twitter:card\" content=\"summary_large_image\" \/>\n<meta name=\"twitter:label1\" content=\"Escrito por\" \/>\n\t<meta name=\"twitter:data1\" content=\"websitemix\" \/>\n\t<meta name=\"twitter:label2\" content=\"Est. tempo de leitura\" \/>\n\t<meta name=\"twitter:data2\" content=\"3 minutos\" \/>\n<script type=\"application\/ld+json\" class=\"yoast-schema-graph\">{\"@context\":\"https:\/\/schema.org\",\"@graph\":[{\"@type\":\"Article\",\"@id\":\"https:\/\/blogdosrsiape.net\/reducao-de-salarios-e-jornada-avancam-na-camara\/#article\",\"isPartOf\":{\"@id\":\"https:\/\/blogdosrsiape.net\/reducao-de-salarios-e-jornada-avancam-na-camara\/\"},\"author\":{\"name\":\"websitemix\",\"@id\":\"https:\/\/blogdosrsiape.com\/#\/schema\/person\/641e1af8b22c69725a1d604fb8959bcf\"},\"headline\":\"Redu\u00e7\u00e3o de sal\u00e1rios e jornada avan\u00e7am na C\u00e2mara.\",\"datePublished\":\"2019-09-11T19:21:58+00:00\",\"dateModified\":\"2020-01-29T22:06:52+00:00\",\"mainEntityOfPage\":{\"@id\":\"https:\/\/blogdosrsiape.net\/reducao-de-salarios-e-jornada-avancam-na-camara\/\"},\"wordCount\":638,\"commentCount\":1,\"publisher\":{\"@id\":\"https:\/\/blogdosrsiape.com\/#organization\"},\"image\":{\"@id\":\"https:\/\/blogdosrsiape.net\/reducao-de-salarios-e-jornada-avancam-na-camara\/#primaryimage\"},\"thumbnailUrl\":\"https:\/\/11ponto11servidor.com.br\/blogsrsiape\/wp-content\/uploads\/sites\/2\/2019\/09\/destaque.jpg\",\"articleSection\":[\"Geral\"],\"inLanguage\":\"pt-BR\",\"potentialAction\":[{\"@type\":\"CommentAction\",\"name\":\"Comment\",\"target\":[\"https:\/\/blogdosrsiape.net\/reducao-de-salarios-e-jornada-avancam-na-camara\/#respond\"]}]},{\"@type\":\"WebPage\",\"@id\":\"https:\/\/blogdosrsiape.net\/reducao-de-salarios-e-jornada-avancam-na-camara\/\",\"url\":\"https:\/\/blogdosrsiape.net\/reducao-de-salarios-e-jornada-avancam-na-camara\/\",\"name\":\"Redu\u00e7\u00e3o de sal\u00e1rios e jornada avan\u00e7am na C\u00e2mara. - Blog do Sr. SIAPE\",\"isPartOf\":{\"@id\":\"https:\/\/blogdosrsiape.com\/#website\"},\"primaryImageOfPage\":{\"@id\":\"https:\/\/blogdosrsiape.net\/reducao-de-salarios-e-jornada-avancam-na-camara\/#primaryimage\"},\"image\":{\"@id\":\"https:\/\/blogdosrsiape.net\/reducao-de-salarios-e-jornada-avancam-na-camara\/#primaryimage\"},\"thumbnailUrl\":\"https:\/\/11ponto11servidor.com.br\/blogsrsiape\/wp-content\/uploads\/sites\/2\/2019\/09\/destaque.jpg\",\"datePublished\":\"2019-09-11T19:21:58+00:00\",\"dateModified\":\"2020-01-29T22:06:52+00:00\",\"description\":\"Nesta semana come\u00e7ou a avan\u00e7ar na c\u00e2mara a pauta sobre a redu\u00e7\u00e3o de sal\u00e1rios e jornada de trabalho para conten\u00e7\u00e3o de gastos durante os pr\u00f3ximos anos.\",\"breadcrumb\":{\"@id\":\"https:\/\/blogdosrsiape.net\/reducao-de-salarios-e-jornada-avancam-na-camara\/#breadcrumb\"},\"inLanguage\":\"pt-BR\",\"potentialAction\":[{\"@type\":\"ReadAction\",\"target\":[\"https:\/\/blogdosrsiape.net\/reducao-de-salarios-e-jornada-avancam-na-camara\/\"]}]},{\"@type\":\"ImageObject\",\"inLanguage\":\"pt-BR\",\"@id\":\"https:\/\/blogdosrsiape.net\/reducao-de-salarios-e-jornada-avancam-na-camara\/#primaryimage\",\"url\":\"https:\/\/11ponto11servidor.com.br\/blogsrsiape\/wp-content\/uploads\/sites\/2\/2019\/09\/destaque.jpg\",\"contentUrl\":\"https:\/\/11ponto11servidor.com.br\/blogsrsiape\/wp-content\/uploads\/sites\/2\/2019\/09\/destaque.jpg\",\"width\":848,\"height\":450,\"caption\":\"Redu\u00e7\u00e3o de sal\u00e1rios e jornada avan\u00e7am na C\u00e2mara.\"},{\"@type\":\"BreadcrumbList\",\"@id\":\"https:\/\/blogdosrsiape.net\/reducao-de-salarios-e-jornada-avancam-na-camara\/#breadcrumb\",\"itemListElement\":[{\"@type\":\"ListItem\",\"position\":1,\"name\":\"In\u00edcio\",\"item\":\"https:\/\/blogdosrsiape.com\/\"},{\"@type\":\"ListItem\",\"position\":2,\"name\":\"Redu\u00e7\u00e3o de sal\u00e1rios e jornada avan\u00e7am na C\u00e2mara.\"}]},{\"@type\":\"WebSite\",\"@id\":\"https:\/\/blogdosrsiape.com\/#website\",\"url\":\"https:\/\/blogdosrsiape.com\/\",\"name\":\"Blog do sr. SIAPE\",\"description\":\"SIAPE Servidor Federal\",\"publisher\":{\"@id\":\"https:\/\/blogdosrsiape.com\/#organization\"},\"potentialAction\":[{\"@type\":\"SearchAction\",\"target\":{\"@type\":\"EntryPoint\",\"urlTemplate\":\"https:\/\/blogdosrsiape.com\/?s={search_term_string}\"},\"query-input\":{\"@type\":\"PropertyValueSpecification\",\"valueRequired\":true,\"valueName\":\"search_term_string\"}}],\"inLanguage\":\"pt-BR\"},{\"@type\":\"Organization\",\"@id\":\"https:\/\/blogdosrsiape.com\/#organization\",\"name\":\"Blog do sr. SIAPE\",\"url\":\"https:\/\/blogdosrsiape.com\/\",\"logo\":{\"@type\":\"ImageObject\",\"inLanguage\":\"pt-BR\",\"@id\":\"https:\/\/blogdosrsiape.com\/#\/schema\/logo\/image\/\",\"url\":\"https:\/\/11ponto11servidor.com.br\/blogsrsiape\/wp-content\/uploads\/sites\/2\/2024\/10\/logo-1.png\",\"contentUrl\":\"https:\/\/11ponto11servidor.com.br\/blogsrsiape\/wp-content\/uploads\/sites\/2\/2024\/10\/logo-1.png\",\"width\":287,\"height\":116,\"caption\":\"Blog do sr. SIAPE\"},\"image\":{\"@id\":\"https:\/\/blogdosrsiape.com\/#\/schema\/logo\/image\/\"},\"sameAs\":[\"https:\/\/www.facebook.com\/blogsrsiape\/?locale=pt_BR\",\"https:\/\/www.instagram.com\/srsiape\/\"]},{\"@type\":\"Person\",\"@id\":\"https:\/\/blogdosrsiape.com\/#\/schema\/person\/641e1af8b22c69725a1d604fb8959bcf\",\"name\":\"websitemix\",\"sameAs\":[\"https:\/\/11ponto11servidor.com.br\"],\"url\":\"https:\/\/11ponto11servidor.com.br\/blogsrsiape\/author\/websitemix\/\"}]}<\/script>\n<!-- \/ Yoast SEO plugin. -->","yoast_head_json":{"title":"Redu\u00e7\u00e3o de sal\u00e1rios e jornada avan\u00e7am na C\u00e2mara. - Blog do Sr. SIAPE","description":"Nesta semana come\u00e7ou a avan\u00e7ar na c\u00e2mara a pauta sobre a redu\u00e7\u00e3o de sal\u00e1rios e jornada de trabalho para conten\u00e7\u00e3o de gastos durante os pr\u00f3ximos anos.","robots":{"index":"index","follow":"follow","max-snippet":"max-snippet:-1","max-image-preview":"max-image-preview:large","max-video-preview":"max-video-preview:-1"},"canonical":"https:\/\/blogdosrsiape.net\/reducao-de-salarios-e-jornada-avancam-na-camara\/","og_locale":"pt_BR","og_type":"article","og_title":"Redu\u00e7\u00e3o de sal\u00e1rios e jornada avan\u00e7am na C\u00e2mara. - Blog do Sr. SIAPE","og_description":"Nesta semana come\u00e7ou a avan\u00e7ar na c\u00e2mara a pauta sobre a redu\u00e7\u00e3o de sal\u00e1rios e jornada de trabalho para conten\u00e7\u00e3o de gastos durante os pr\u00f3ximos anos.","og_url":"https:\/\/blogdosrsiape.net\/reducao-de-salarios-e-jornada-avancam-na-camara\/","og_site_name":"Blog do Sr. SIAPE","article_publisher":"https:\/\/www.facebook.com\/blogsrsiape\/?locale=pt_BR","article_published_time":"2019-09-11T19:21:58+00:00","article_modified_time":"2020-01-29T22:06:52+00:00","og_image":[{"width":848,"height":450,"url":"https:\/\/11ponto11servidor.com.br\/blogsrsiape\/wp-content\/uploads\/sites\/2\/2019\/09\/destaque.jpg","type":"image\/jpeg"}],"author":"websitemix","twitter_card":"summary_large_image","twitter_misc":{"Escrito por":"websitemix","Est. tempo de leitura":"3 minutos"},"schema":{"@context":"https:\/\/schema.org","@graph":[{"@type":"Article","@id":"https:\/\/blogdosrsiape.net\/reducao-de-salarios-e-jornada-avancam-na-camara\/#article","isPartOf":{"@id":"https:\/\/blogdosrsiape.net\/reducao-de-salarios-e-jornada-avancam-na-camara\/"},"author":{"name":"websitemix","@id":"https:\/\/blogdosrsiape.com\/#\/schema\/person\/641e1af8b22c69725a1d604fb8959bcf"},"headline":"Redu\u00e7\u00e3o de sal\u00e1rios e jornada avan\u00e7am na C\u00e2mara.","datePublished":"2019-09-11T19:21:58+00:00","dateModified":"2020-01-29T22:06:52+00:00","mainEntityOfPage":{"@id":"https:\/\/blogdosrsiape.net\/reducao-de-salarios-e-jornada-avancam-na-camara\/"},"wordCount":638,"commentCount":1,"publisher":{"@id":"https:\/\/blogdosrsiape.com\/#organization"},"image":{"@id":"https:\/\/blogdosrsiape.net\/reducao-de-salarios-e-jornada-avancam-na-camara\/#primaryimage"},"thumbnailUrl":"https:\/\/11ponto11servidor.com.br\/blogsrsiape\/wp-content\/uploads\/sites\/2\/2019\/09\/destaque.jpg","articleSection":["Geral"],"inLanguage":"pt-BR","potentialAction":[{"@type":"CommentAction","name":"Comment","target":["https:\/\/blogdosrsiape.net\/reducao-de-salarios-e-jornada-avancam-na-camara\/#respond"]}]},{"@type":"WebPage","@id":"https:\/\/blogdosrsiape.net\/reducao-de-salarios-e-jornada-avancam-na-camara\/","url":"https:\/\/blogdosrsiape.net\/reducao-de-salarios-e-jornada-avancam-na-camara\/","name":"Redu\u00e7\u00e3o de sal\u00e1rios e jornada avan\u00e7am na C\u00e2mara. - Blog do Sr. SIAPE","isPartOf":{"@id":"https:\/\/blogdosrsiape.com\/#website"},"primaryImageOfPage":{"@id":"https:\/\/blogdosrsiape.net\/reducao-de-salarios-e-jornada-avancam-na-camara\/#primaryimage"},"image":{"@id":"https:\/\/blogdosrsiape.net\/reducao-de-salarios-e-jornada-avancam-na-camara\/#primaryimage"},"thumbnailUrl":"https:\/\/11ponto11servidor.com.br\/blogsrsiape\/wp-content\/uploads\/sites\/2\/2019\/09\/destaque.jpg","datePublished":"2019-09-11T19:21:58+00:00","dateModified":"2020-01-29T22:06:52+00:00","description":"Nesta semana come\u00e7ou a avan\u00e7ar na c\u00e2mara a pauta sobre a redu\u00e7\u00e3o de sal\u00e1rios e jornada de trabalho para conten\u00e7\u00e3o de gastos durante os pr\u00f3ximos anos.","breadcrumb":{"@id":"https:\/\/blogdosrsiape.net\/reducao-de-salarios-e-jornada-avancam-na-camara\/#breadcrumb"},"inLanguage":"pt-BR","potentialAction":[{"@type":"ReadAction","target":["https:\/\/blogdosrsiape.net\/reducao-de-salarios-e-jornada-avancam-na-camara\/"]}]},{"@type":"ImageObject","inLanguage":"pt-BR","@id":"https:\/\/blogdosrsiape.net\/reducao-de-salarios-e-jornada-avancam-na-camara\/#primaryimage","url":"https:\/\/11ponto11servidor.com.br\/blogsrsiape\/wp-content\/uploads\/sites\/2\/2019\/09\/destaque.jpg","contentUrl":"https:\/\/11ponto11servidor.com.br\/blogsrsiape\/wp-content\/uploads\/sites\/2\/2019\/09\/destaque.jpg","width":848,"height":450,"caption":"Redu\u00e7\u00e3o de sal\u00e1rios e jornada avan\u00e7am na C\u00e2mara."},{"@type":"BreadcrumbList","@id":"https:\/\/blogdosrsiape.net\/reducao-de-salarios-e-jornada-avancam-na-camara\/#breadcrumb","itemListElement":[{"@type":"ListItem","position":1,"name":"In\u00edcio","item":"https:\/\/blogdosrsiape.com\/"},{"@type":"ListItem","position":2,"name":"Redu\u00e7\u00e3o de sal\u00e1rios e jornada avan\u00e7am na C\u00e2mara."}]},{"@type":"WebSite","@id":"https:\/\/blogdosrsiape.com\/#website","url":"https:\/\/blogdosrsiape.com\/","name":"Blog do sr. SIAPE","description":"SIAPE Servidor Federal","publisher":{"@id":"https:\/\/blogdosrsiape.com\/#organization"},"potentialAction":[{"@type":"SearchAction","target":{"@type":"EntryPoint","urlTemplate":"https:\/\/blogdosrsiape.com\/?s={search_term_string}"},"query-input":{"@type":"PropertyValueSpecification","valueRequired":true,"valueName":"search_term_string"}}],"inLanguage":"pt-BR"},{"@type":"Organization","@id":"https:\/\/blogdosrsiape.com\/#organization","name":"Blog do sr. SIAPE","url":"https:\/\/blogdosrsiape.com\/","logo":{"@type":"ImageObject","inLanguage":"pt-BR","@id":"https:\/\/blogdosrsiape.com\/#\/schema\/logo\/image\/","url":"https:\/\/11ponto11servidor.com.br\/blogsrsiape\/wp-content\/uploads\/sites\/2\/2024\/10\/logo-1.png","contentUrl":"https:\/\/11ponto11servidor.com.br\/blogsrsiape\/wp-content\/uploads\/sites\/2\/2024\/10\/logo-1.png","width":287,"height":116,"caption":"Blog do sr. SIAPE"},"image":{"@id":"https:\/\/blogdosrsiape.com\/#\/schema\/logo\/image\/"},"sameAs":["https:\/\/www.facebook.com\/blogsrsiape\/?locale=pt_BR","https:\/\/www.instagram.com\/srsiape\/"]},{"@type":"Person","@id":"https:\/\/blogdosrsiape.com\/#\/schema\/person\/641e1af8b22c69725a1d604fb8959bcf","name":"websitemix","sameAs":["https:\/\/11ponto11servidor.com.br"],"url":"https:\/\/11ponto11servidor.com.br\/blogsrsiape\/author\/websitemix\/"}]}},"_links":{"self":[{"href":"https:\/\/11ponto11servidor.com.br\/blogsrsiape\/wp-json\/wp\/v2\/posts\/9739"}],"collection":[{"href":"https:\/\/11ponto11servidor.com.br\/blogsrsiape\/wp-json\/wp\/v2\/posts"}],"about":[{"href":"https:\/\/11ponto11servidor.com.br\/blogsrsiape\/wp-json\/wp\/v2\/types\/post"}],"author":[{"embeddable":true,"href":"https:\/\/11ponto11servidor.com.br\/blogsrsiape\/wp-json\/wp\/v2\/users\/1"}],"replies":[{"embeddable":true,"href":"https:\/\/11ponto11servidor.com.br\/blogsrsiape\/wp-json\/wp\/v2\/comments?post=9739"}],"version-history":[{"count":0,"href":"https:\/\/11ponto11servidor.com.br\/blogsrsiape\/wp-json\/wp\/v2\/posts\/9739\/revisions"}],"wp:featuredmedia":[{"embeddable":true,"href":"https:\/\/11ponto11servidor.com.br\/blogsrsiape\/wp-json\/wp\/v2\/media\/9744"}],"wp:attachment":[{"href":"https:\/\/11ponto11servidor.com.br\/blogsrsiape\/wp-json\/wp\/v2\/media?parent=9739"}],"wp:term":[{"taxonomy":"category","embeddable":true,"href":"https:\/\/11ponto11servidor.com.br\/blogsrsiape\/wp-json\/wp\/v2\/categories?post=9739"},{"taxonomy":"post_tag","embeddable":true,"href":"https:\/\/11ponto11servidor.com.br\/blogsrsiape\/wp-json\/wp\/v2\/tags?post=9739"}],"curies":[{"name":"wp","href":"https:\/\/api.w.org\/{rel}","templated":true}]}}