{"id":3056,"date":"2017-12-14T10:29:00","date_gmt":"2017-12-14T12:29:00","guid":{"rendered":"https:\/\/11ponto11servidor.com.br\/inst\/justica-barra-elevacao-de-aliquota-previdenciaria-para-alguns-servidores\/"},"modified":"2017-12-21T08:57:07","modified_gmt":"2017-12-21T10:57:07","slug":"justica-barra-elevacao-de-aliquota-previdenciaria-para-alguns-servidores","status":"publish","type":"post","link":"https:\/\/11ponto11servidor.com.br\/inst\/justica-barra-elevacao-de-aliquota-previdenciaria-para-alguns-servidores\/","title":{"rendered":"Justi\u00e7a barra eleva\u00e7\u00e3o de al\u00edquota previdenci\u00e1ria para alguns Servidores"},"content":{"rendered":"<div class=\"ttr_start\"><\/div>\n<p>Justi\u00e7a barra eleva\u00e7\u00e3o de al\u00edquota previdenci\u00e1ria para alguns Servidores \u2013 A Justi\u00e7a Federal de Bras\u00edlia concedeu nesta quarta-feira uma liminar para barrar a eleva\u00e7\u00e3o da al\u00edquota previdenci\u00e1ria para delegados da Pol\u00edcia Federal de S\u00e3o Paulo, decis\u00e3o que poder\u00e1 abrir um precedente para demais categorias.<\/p>\n<p>A decis\u00e3o foi dada pela ju\u00edza federal Diana Wanderlei ao atender pedido apresentado pelo sindicato da categoria.<\/p>\n<p>O sindicato questionava o aumento da al\u00edquota de 11 por cento para 14 por cento determinada pela <a href=\"https:\/\/blogdosrsiape.com\/previdencia-social\/\">Medida Provis\u00f3ria 807, de 2017<\/a>. Essa MP est\u00e1 em tramita\u00e7\u00e3o no Congresso Nacional \u2013 ainda est\u00e1 em fase de an\u00e1lise pela comiss\u00e3o mista.<\/p>\n<p>Na decis\u00e3o, a magistrada afirmou que o aumento da contribui\u00e7\u00e3o previdenci\u00e1ria \u201cn\u00e3o est\u00e1 dentro do padr\u00e3o de razoabilidade e da proporcionalidade\u201d. Isso porque, nas contas da ju\u00edza, o servidor p\u00fablico federal se sujeitar\u00e1 a al\u00edquota de 27,5 por cento de Imposto de Renda mais 14 por cento de contribui\u00e7\u00e3o previdenci\u00e1ria.<\/p>\n<p>\u201cMuito se tem divulgado sobre a remunera\u00e7\u00e3o bruta do servidor p\u00fablico\u2026 mas se esquecem de informar tamb\u00e9m o grande valor\u2026 que o pr\u00f3prio governo retira atrav\u00e9s de tributos que incidem com regras pr\u00f3prias, haja vista que a remunera\u00e7\u00e3o l\u00edquida \u00e9 a que, de fato, est\u00e1 dispon\u00edvel na conta do servidor p\u00fablico, para que ele possa honrar as suas despesas elementares\u201d, disse ela, em decis\u00e3o obtida pela Reuters.<\/p>\n<p>\u201cAssim, a r\u00e9, pela casu\u00edstica trazida \u00e0 baila, deseja penalizar agora o servidor p\u00fablico federal, com mais encargos tribut\u00e1rios, a fim de se chegar ao patamar confiscat\u00f3rio de 41,50 por cento de tributo direto, apenas destinado \u00e0 Uni\u00e3o (fora os que paga aos demais entes pol\u00edticos e os diversos tributos indiretos), valendo-se de informa\u00e7\u00f5es gen\u00e9ricas, e que s\u00e3o questionadas at\u00e9 pelo pr\u00f3prio Congresso Nacional, a exemplo das conclus\u00f5es corroboradas pela CPI que analisa a <a href=\"http:\/\/www.previdencia.gov.br\/\" target=\"_blank\" rel=\"noopener\">Previd\u00eancia Social<\/a>\u201c, completou.<\/p>\n<p>Publicado por Jornal Extra em 13\/12\/2017<\/p>\n<div class=\"ttr_end\"><\/div>\n<p>O post <a rel=\"nofollow\" href=\"https:\/\/blogdosrsiape.com\/previdencia-social\/justica-barra-elevacao-de-aliquota-previdenciaria-para-alguns-servidores\/\">Justi\u00e7a barra eleva\u00e7\u00e3o de al\u00edquota previdenci\u00e1ria para alguns Servidores<\/a> apareceu primeiro em <a rel=\"nofollow\" href=\"https:\/\/blogdosrsiape.com\">Blog do sr. SIAPE<\/a>.<\/p>\n","protected":false},"excerpt":{"rendered":"<p>Justi\u00e7a barra eleva\u00e7\u00e3o de al\u00edquota previdenci\u00e1ria para alguns Servidores \u2013 A Justi\u00e7a Federal de Bras\u00edlia concedeu nesta quarta-feira uma liminar para barrar a eleva\u00e7\u00e3o da al\u00edquota previdenci\u00e1ria para delegados da Pol\u00edcia Federal de S\u00e3o Paulo, decis\u00e3o que poder\u00e1 abrir um precedente para demais categorias. A decis\u00e3o foi dada pela ju\u00edza federal Diana Wanderlei ao atender&#8230;<\/p>\n","protected":false},"author":5,"featured_media":0,"comment_status":"open","ping_status":"open","sticky":false,"template":"","format":"standard","meta":{"footnotes":""},"categories":[1],"tags":[],"class_list":["post-3056","post","type-post","status-publish","format-standard","hentry","category-geral"],"_links":{"self":[{"href":"https:\/\/11ponto11servidor.com.br\/inst\/wp-json\/wp\/v2\/posts\/3056"}],"collection":[{"href":"https:\/\/11ponto11servidor.com.br\/inst\/wp-json\/wp\/v2\/posts"}],"about":[{"href":"https:\/\/11ponto11servidor.com.br\/inst\/wp-json\/wp\/v2\/types\/post"}],"author":[{"embeddable":true,"href":"https:\/\/11ponto11servidor.com.br\/inst\/wp-json\/wp\/v2\/users\/5"}],"replies":[{"embeddable":true,"href":"https:\/\/11ponto11servidor.com.br\/inst\/wp-json\/wp\/v2\/comments?post=3056"}],"version-history":[{"count":0,"href":"https:\/\/11ponto11servidor.com.br\/inst\/wp-json\/wp\/v2\/posts\/3056\/revisions"}],"wp:attachment":[{"href":"https:\/\/11ponto11servidor.com.br\/inst\/wp-json\/wp\/v2\/media?parent=3056"}],"wp:term":[{"taxonomy":"category","embeddable":true,"href":"https:\/\/11ponto11servidor.com.br\/inst\/wp-json\/wp\/v2\/categories?post=3056"},{"taxonomy":"post_tag","embeddable":true,"href":"https:\/\/11ponto11servidor.com.br\/inst\/wp-json\/wp\/v2\/tags?post=3056"}],"curies":[{"name":"wp","href":"https:\/\/api.w.org\/{rel}","templated":true}]}}