{"id":3291,"date":"2018-02-01T13:45:00","date_gmt":"2018-02-01T15:45:00","guid":{"rendered":"https:\/\/11ponto11servidor.com.br\/inst\/10-mercados-municipais-pelo-brasil-que-valem-uma-visita\/"},"modified":"2018-02-09T17:33:33","modified_gmt":"2018-02-09T19:33:33","slug":"10-mercados-municipais-pelo-brasil-que-valem-uma-visita","status":"publish","type":"post","link":"https:\/\/11ponto11servidor.com.br\/inst\/10-mercados-municipais-pelo-brasil-que-valem-uma-visita\/","title":{"rendered":"10 mercados municipais pelo Brasil que valem uma visita"},"content":{"rendered":"<div class=\"ttr_start\"><\/div>\n<div class=\"vc_row wpb_row vc_row-fluid\">\n<div class=\"wpb_column vc_column_container vc_col-sm-12\">\n<div class=\"vc_column-inner \">\n<div class=\"wpb_wrapper\">\n<div class=\"wpb_text_column wpb_content_element  wpb_animate_when_almost_visible wpb_slideInUp slideInUp\">\n<div class=\"wpb_wrapper\">\n<h3>Cl\u00e1ssicos: Mercados Municipais<\/h3>\n<p>Esses mercados municipais pelo Brasil carregam riqueza gastron\u00f4mica, hist\u00f3rica e cultural. Saiba quais s\u00e3o e n\u00e3o deixe de visit\u00e1-los em sua pr\u00f3xima viagem!<\/p>\n<p>Pr\u00e9dios lindos com o Mercado P\u00fablico de Florian\u00f3polis merecem estar na sua lista de lugares para visitar<\/p>\n<p>Na d\u00favida do que visitar primeiro quando chegar a uma nova cidade? Basta seguir para os mercados municipais para ter um gostinho das culturas locais! Nas principais capitais brasileiras, os grandes mercados s\u00e3o o ponto de encontro da popula\u00e7\u00e3o e seus visitantes, muitas vezes instalados em pr\u00e9dios repletos de hist\u00f3ria e que se tornaram atra\u00e7\u00f5es tur\u00edsticas.<\/p>\n<p>Conhe\u00e7a 10 dos principais mercados municipais pelo Brasil que com certeza merecem uma visita:<\/p>\n<h3>Mercado Modelo, Salvador (Bahia)<\/h3>\n<p><img decoding=\"async\" class=\"alignnone wp-image-4723 size-full\" src=\"https:\/\/11ponto11servidor.com.br\/wp-content\/uploads\/sites\/2\/2018\/02\/municipal_salvador.png\" alt=\"Mercados\" width=\"700\" height=\"380\" \/><\/p>\n<p>De frente para a Ba\u00eda de Todos os Santos, e vizinho do Elevador Lacerda e do Pelourinho, o Mercado Modelo de Salvador \u00e9 daquelas atra\u00e7\u00f5es tur\u00edsticas obrigat\u00f3rias na capital baiana. Inaugurado em 1912, inicialmente como Casa da Alf\u00e2ndega, o mercado ainda mant\u00e9m a arquitetura neocl\u00e1ssica original mesmo depois de ter sido reconstru\u00eddo em fun\u00e7\u00e3o de diferentes inc\u00eandios.<\/p>\n<p>S\u00e3o 263 lojas em dois andares, especializadas em artesanato, souvenirs e, claro, gastronomia \u2013 destaque para restaurantes tradicional\u00edssimos da culin\u00e1ria baiana, como o Camafeu de Oxossi e o Maria de S\u00e3o Pedro.<\/p>\n<p>Aos s\u00e1bados, n\u00e3o d\u00e1 para perder as rodas de capoeira que acontecem atr\u00e1s do mercado.<\/p>\n<p>Onde fica: Pra\u00e7a Visconde de Cayru s\/n, Cidade Baixa, Salvador<br \/>\nTelefone: (71) 3241-0242<br \/>\nFuncionamento: segunda a s\u00e1bado, das 9h \u00e0s 19h; domingo das 9h \u00e0s 14h<\/p>\n<\/p><\/div><\/div>\n<\/div>\n<\/div>\n<\/div>\n<\/div>\n<div class=\"vc_row wpb_row vc_row-fluid\">\n<div class=\"wpb_column vc_column_container vc_col-sm-12\">\n<div class=\"vc_column-inner \">\n<div class=\"wpb_wrapper\">\n<div class=\" ubtn-ctn-left \"><a class=\"ubtn-link ult-adjust-bottom-margin ubtn-left ubtn-large \"><button type=\"button\" id=\"ubtn-5012\" class=\"ubtn ult-adjust-bottom-margin ult-responsive ubtn-large ubtn-no-hover-bg  none  ubtn-sep-icon ubtn-sep-icon-right-push  ubtn-shd  ubtn-left  shd-bottom tooltip-5a7df78bdb63c\" style=\"font-weight:bold;border:none;background: #dbc30d;color: #223a0f\"><span class=\"ubtn-data ubtn-icon\"><i class=\"Defaults-smile-o\" style=\"font-size:27px;color:#223a0f\"><\/i><\/span><span class=\"ubtn-hover\" style=\"background-color:\"><\/span><span class=\"ubtn-data ubtn-text \">Passagens para Salvador<\/span><\/button><\/a><\/div>\n<\/div>\n<\/div>\n<\/div>\n<\/div>\n<div class=\"vc_row wpb_row vc_row-fluid\">\n<div class=\"wpb_column vc_column_container vc_col-sm-12\">\n<div class=\"vc_column-inner \">\n<div class=\"wpb_wrapper\">\n<div class=\"wpb_text_column wpb_content_element  wpb_animate_when_almost_visible wpb_slideInUp slideInUp\">\n<div class=\"wpb_wrapper\">\n<h3>Mercado Municipal de S\u00e3o Paulo (S\u00e3o Paulo)<\/h3>\n<p><img decoding=\"async\" class=\"alignnone wp-image-4722 size-full\" src=\"https:\/\/11ponto11servidor.com.br\/wp-content\/uploads\/sites\/2\/2018\/02\/municipal_sp.png\" alt=\"Mercado\" width=\"700\" height=\"380\" \/><\/p>\n<p>Polo gastron\u00f4mico e cultural da capital paulista, o Mercado Municipal de S\u00e3o Paulo \u2013 ou simplesmente Mercad\u00e3o de SP \u2013 foi inaugurado em 1933 e mant\u00e9m-se como ponto de encontro entre moradores e turistas.<\/p>\n<p>O pr\u00e9dio de estilo neocl\u00e1ssico com toques g\u00f3ticos impressiona pela beleza dos 55 vitrais que mostram v\u00e1rios aspectos da produ\u00e7\u00e3o de alimentos. Tamanhos detalhes podem ser observados em visitas guiadas que acontecem durante a semana.<\/p>\n<p>S\u00e3o cerca de 280 boxes e mais de 50 mil visitantes semanais. Entre os menus dos bares e restaurantes do local, imposs\u00edvel n\u00e3o mencionar o popular (e gigante) sandu\u00edche de mortadela e o maravilhoso pastel de bacalhau.<\/p>\n<p>Onde fica: Rua Cantareira 306, Centro, S\u00e3o Paulo<br \/>\nTelefone: Telefone: (11) 3313-3365<br \/>\nFuncionamento: segunda a s\u00e1bado, das 6h \u00e0s 18h; domingo das 6h \u00e0s 16h<\/p>\n<\/p><\/div><\/div>\n<\/div>\n<\/div>\n<\/div>\n<\/div>\n<div class=\"vc_row wpb_row vc_row-fluid\">\n<div class=\"wpb_column vc_column_container vc_col-sm-12\">\n<div class=\"vc_column-inner \">\n<div class=\"wpb_wrapper\">\n<div class=\" ubtn-ctn-left \"><a class=\"ubtn-link ult-adjust-bottom-margin ubtn-left ubtn-large \"><button type=\"button\" id=\"ubtn-9131\" class=\"ubtn ult-adjust-bottom-margin ult-responsive ubtn-large ubtn-no-hover-bg  none  ubtn-sep-icon ubtn-sep-icon-right-push  ubtn-shd  ubtn-left  shd-bottom tooltip-5a7df78bdcb86\" style=\"font-weight:bold;border:none;background: #dbc30d;color: #223a0f\"><span class=\"ubtn-data ubtn-icon\"><i class=\"Defaults-smile-o\" style=\"font-size:27px;color:#223a0f\"><\/i><\/span><span class=\"ubtn-hover\" style=\"background-color:\"><\/span><span class=\"ubtn-data ubtn-text \">Passagens para S\u00e3o Paulo<\/span><\/button><\/a><\/div>\n<\/div>\n<\/div>\n<\/div>\n<\/div>\n<div class=\"vc_row wpb_row vc_row-fluid\">\n<div class=\"wpb_column vc_column_container vc_col-sm-12\">\n<div class=\"vc_column-inner \">\n<div class=\"wpb_wrapper\">\n<div class=\"wpb_text_column wpb_content_element  wpb_animate_when_almost_visible wpb_slideInUp slideInUp\">\n<div class=\"wpb_wrapper\">\n<h3>Mercado Ver-o-Peso, Bel\u00e9m (Par\u00e1)<\/h3>\n<p><img decoding=\"async\" class=\"alignnone size-full wp-image-4724\" src=\"https:\/\/11ponto11servidor.com.br\/wp-content\/uploads\/sites\/2\/2018\/02\/municipal_belem.png\" alt=\"\" width=\"700\" height=\"380\" \/><\/p>\n<p>Verdadeiro \u00edcone cultural de Bel\u00e9m, o Mercado Ver-o-Peso est\u00e1 \u00e0s margens da ba\u00eda do Guajar\u00e1 e foi um dos primeiros mercados p\u00fablicos do Brasil. Trata-se do maior mercado a c\u00e9u aberto da Am\u00e9rica Latina, com um complexo arquitet\u00f4nico e paisag\u00edstico de 35 mil metros quadrados.<\/p>\n<p>D\u00e1 para passar o dia por l\u00e1, passeando pelos diferentes pr\u00e9dios \u2013 a Pra\u00e7a do Rel\u00f3gio, o Mercado de Carne, a Feira do A\u00e7a\u00ed, a Pra\u00e7a do Pescador, a Ladeira do Castelo, entre outros.<\/p>\n<p>Entre as muitas tendas de alimentos e especiarias, destaque para a infinidade de ervas medicinais, que v\u00eam de todas as partes do interior do Par\u00e1 de forma fluvial.<\/p>\n<p>Onde fica: Av. Blvd. Castilhos Fran\u00e7a s\/n, Cidade Velha, Bel\u00e9m<br \/>\nFuncionamento: diariamente das 6h \u00e0s 21h30<\/p>\n<\/p><\/div><\/div>\n<\/div>\n<\/div>\n<\/div>\n<\/div>\n<div class=\"vc_row wpb_row vc_row-fluid\">\n<div class=\"wpb_column vc_column_container vc_col-sm-12\">\n<div class=\"vc_column-inner \">\n<div class=\"wpb_wrapper\">\n<div class=\" ubtn-ctn-left \"><a class=\"ubtn-link ult-adjust-bottom-margin ubtn-left ubtn-large \"><button type=\"button\" id=\"ubtn-6593\" class=\"ubtn ult-adjust-bottom-margin ult-responsive ubtn-large ubtn-no-hover-bg  none  ubtn-sep-icon ubtn-sep-icon-right-push  ubtn-shd  ubtn-left  shd-bottom tooltip-5a7df78bddc91\" style=\"font-weight:bold;border:none;background: #dbc30d;color: #223a0f\"><span class=\"ubtn-data ubtn-icon\"><i class=\"Defaults-smile-o\" style=\"font-size:27px;color:#223a0f\"><\/i><\/span><span class=\"ubtn-hover\" style=\"background-color:\"><\/span><span class=\"ubtn-data ubtn-text \">Passagens para Bel\u00e9m<\/span><\/button><\/a><\/div>\n<\/div>\n<\/div>\n<\/div>\n<\/div>\n<div class=\"vc_row wpb_row vc_row-fluid\">\n<div class=\"wpb_column vc_column_container vc_col-sm-12\">\n<div class=\"vc_column-inner \">\n<div class=\"wpb_wrapper\">\n<div class=\"wpb_text_column wpb_content_element  wpb_animate_when_almost_visible wpb_slideInUp slideInUp\">\n<div class=\"wpb_wrapper\">\n<h3>Mercado Central de Belo Horizonte (Minas Gerais)<\/h3>\n<p><img decoding=\"async\" class=\"alignnone size-full wp-image-4733\" src=\"https:\/\/11ponto11servidor.com.br\/wp-content\/uploads\/sites\/2\/2018\/02\/municipal_bh.png\" alt=\"\" width=\"700\" height=\"380\" \/><\/p>\n<p>Visitar o Mercado Central de Belo Horizonte \u00e9 a chance de conhecer mais a fundo a cultura de Minas Gerais e sua capital. Criado em 1929 e ocupando quase um quarteir\u00e3o inteiro do centro de BH, o mercado \u00e9 um espa\u00e7o dos mais democr\u00e1ticos, misturando religiosidade, cultura popular e tradi\u00e7\u00e3o.<\/p>\n<p>S\u00e3o mais de 400 lojas, de artesanato a ervas medicinais at\u00e9 o melhor da gastronomia mineira, seja para comer em um dos gostosos bares ou restaurantes do local ou levar as maravilhas para casa.<\/p>\n<p>Entre cacha\u00e7as, queijos e tantas iguarias, fica dif\u00edcil mencionar um item para n\u00e3o deixar de provar, mas o quibe recheado \u00e9 quase uma unanimidade.<\/p>\n<p>Onde fica: Av. Augusto de Lima 744, Centro, Belo Horizonte<br \/>\nTelefone: (31) 3274-9497<br \/>\nFuncionamento: segunda a s\u00e1bado, das 7h \u00e0s 18h; domingo das 7h \u00e0s 13h<\/p>\n<\/p><\/div><\/div>\n<\/div>\n<\/div>\n<\/div>\n<\/div>\n<div class=\"vc_row wpb_row vc_row-fluid\">\n<div class=\"wpb_column vc_column_container vc_col-sm-12\">\n<div class=\"vc_column-inner \">\n<div class=\"wpb_wrapper\">\n<div class=\" ubtn-ctn-left \"><a class=\"ubtn-link ult-adjust-bottom-margin ubtn-left ubtn-large \"><button type=\"button\" id=\"ubtn-4494\" class=\"ubtn ult-adjust-bottom-margin ult-responsive ubtn-large ubtn-no-hover-bg  none  ubtn-sep-icon ubtn-sep-icon-right-push  ubtn-shd  ubtn-left  shd-bottom tooltip-5a7df78bdedf2\" style=\"font-weight:bold;border:none;background: #dbc30d;color: #223a0f\"><span class=\"ubtn-data ubtn-icon\"><i class=\"Defaults-smile-o\" style=\"font-size:27px;color:#223a0f\"><\/i><\/span><span class=\"ubtn-hover\" style=\"background-color:\"><\/span><span class=\"ubtn-data ubtn-text \">Passagens para Belo Horizonte<\/span><\/button><\/a><\/div>\n<\/div>\n<\/div>\n<\/div>\n<\/div>\n<div class=\"vc_row wpb_row vc_row-fluid\">\n<div class=\"wpb_column vc_column_container vc_col-sm-12\">\n<div class=\"vc_column-inner \">\n<div class=\"wpb_wrapper\">\n<div class=\"wpb_text_column wpb_content_element  wpb_animate_when_almost_visible wpb_slideInUp slideInUp\">\n<div class=\"wpb_wrapper\">\n<h3>Mercado P\u00fablico de Porto Alegre (Rio Grande do Sul)<\/h3>\n<p><img decoding=\"async\" class=\"alignnone size-full wp-image-4726\" src=\"https:\/\/11ponto11servidor.com.br\/wp-content\/uploads\/sites\/2\/2018\/02\/municipal_portoalegre.png\" alt=\"\" width=\"700\" height=\"380\" \/><\/p>\n<p>Patrim\u00f4nio Hist\u00f3rico e Cultural da cidade, o Mercado P\u00fablico de Porto Alegre \u00e9 um ponto de encontro cl\u00e1ssico dos ga\u00fachos e seus visitantes. Inaugurado em 1869, funciona at\u00e9 hoje como um grande shopping center, com seus 110 estabelecimentos (padarias, bancas de frutas, peixarias, pet shops, barbearia etc.).<\/p>\n<p>Destaque para o Bar Naval, com mais de um s\u00e9culo de hist\u00f3ria, e a Banca 40, outro ponto super tradicional do mercado. A gastronomia n\u00e3o poderia ser mais variada, indo da cozinha japonesa \u00e0 macrobi\u00f3tica e portuguesa, passando por bares e lanchonetes que movimentam o centro hist\u00f3rico porto-alegrense todos os dias.<\/p>\n<p>Onde fica: Largo Jornalista Gl\u00eanio Peres, Centro, Porto Alegre<br \/>\nTelefone: (51) 3289-4801<br \/>\nFuncionamento: segunda \u00e0 sexta das 7h30 \u00e0s 19h30; s\u00e1bado das 7h30 \u00e0s 18h30<\/p>\n<\/p><\/div><\/div>\n<\/div>\n<\/div>\n<\/div>\n<\/div>\n<div class=\"vc_row wpb_row vc_row-fluid\">\n<div class=\"wpb_column vc_column_container vc_col-sm-12\">\n<div class=\"vc_column-inner \">\n<div class=\"wpb_wrapper\">\n<div class=\" ubtn-ctn-left \"><a class=\"ubtn-link ult-adjust-bottom-margin ubtn-left ubtn-large \"><button type=\"button\" id=\"ubtn-9787\" class=\"ubtn ult-adjust-bottom-margin ult-responsive ubtn-large ubtn-no-hover-bg  none  ubtn-sep-icon ubtn-sep-icon-right-push  ubtn-shd  ubtn-left  shd-bottom tooltip-5a7df78be00d4\" style=\"font-weight:bold;border:none;background: #dbc30d;color: #223a0f\"><span class=\"ubtn-data ubtn-icon\"><i class=\"Defaults-smile-o\" style=\"font-size:27px;color:#223a0f\"><\/i><\/span><span class=\"ubtn-hover\" style=\"background-color:\"><\/span><span class=\"ubtn-data ubtn-text \">Passagens para Porto Alegre<\/span><\/button><\/a><\/div>\n<\/div>\n<\/div>\n<\/div>\n<\/div>\n<div class=\"vc_row wpb_row vc_row-fluid\">\n<div class=\"wpb_column vc_column_container vc_col-sm-12\">\n<div class=\"vc_column-inner \">\n<div class=\"wpb_wrapper\">\n<div class=\"wpb_text_column wpb_content_element  wpb_animate_when_almost_visible wpb_slideInUp slideInUp\">\n<div class=\"wpb_wrapper\">\n<h3>Mercado P\u00fablico de Florian\u00f3polis (Santa Catarina)<\/h3>\n<p><img decoding=\"async\" class=\"alignnone size-full wp-image-4727\" src=\"https:\/\/11ponto11servidor.com.br\/wp-content\/uploads\/sites\/2\/2018\/02\/municipal_floripa.png\" alt=\"\" width=\"700\" height=\"380\" \/><\/p>\n<p>Com mais de um s\u00e9culo de hist\u00f3ria e reformado depois de graves inc\u00eandios, o Mercado P\u00fablico de Florian\u00f3polis mant\u00eam seu charme e continua um dos mais agrad\u00e1veis pontos de encontro na capital catarinense.<\/p>\n<p>Al\u00e9m de funcionar como centro de com\u00e9rcio e gastronomia \u2013 diversos bares e restaurantes bacanas oferecem o melhor da culin\u00e1ria local, como o famoso pastel de berbig\u00e3o \u2013 o mercado \u00e9 um grande palco de cultura e lazer.<\/p>\n<p>O v\u00e3o central do mercado costuma receber apresenta\u00e7\u00f5es art\u00edsticas folcl\u00f3ricas com talentos da regi\u00e3o, do tradicional boi-de-mam\u00e3o a animadas rodas de samba.<\/p>\n<p>Onde fica: Rua Jer\u00f4nimo Coelho 60, Centro, Florian\u00f3polis<br \/>\nTelefone: (48) 3225-8464<br \/>\nFuncionamento: segunda \u00e0 sexta, das 7h \u00e0s 22h; s\u00e1bado das 7h \u00e0s 17h<\/p>\n<\/p><\/div><\/div>\n<\/div>\n<\/div>\n<\/div>\n<\/div>\n<div class=\"vc_row wpb_row vc_row-fluid\">\n<div class=\"wpb_column vc_column_container vc_col-sm-12\">\n<div class=\"vc_column-inner \">\n<div class=\"wpb_wrapper\">\n<div class=\" ubtn-ctn-left \"><a class=\"ubtn-link ult-adjust-bottom-margin ubtn-left ubtn-large \"><button type=\"button\" id=\"ubtn-5285\" class=\"ubtn ult-adjust-bottom-margin ult-responsive ubtn-large ubtn-no-hover-bg  none  ubtn-sep-icon ubtn-sep-icon-right-push  ubtn-shd  ubtn-left  shd-bottom tooltip-5a7df78be126d\" style=\"font-weight:bold;border:none;background: #dbc30d;color: #223a0f\"><span class=\"ubtn-data ubtn-icon\"><i class=\"Defaults-smile-o\" style=\"font-size:27px;color:#223a0f\"><\/i><\/span><span class=\"ubtn-hover\" style=\"background-color:\"><\/span><span class=\"ubtn-data ubtn-text \">Passagens para Florian\u00f3polis<\/span><\/button><\/a><\/div>\n<\/div>\n<\/div>\n<\/div>\n<\/div>\n<div class=\"vc_row wpb_row vc_row-fluid\">\n<div class=\"wpb_column vc_column_container vc_col-sm-12\">\n<div class=\"vc_column-inner \">\n<div class=\"wpb_wrapper\">\n<div class=\"wpb_text_column wpb_content_element  wpb_animate_when_almost_visible wpb_slideInUp slideInUp\">\n<div class=\"wpb_wrapper\">\n<h3>Mercado Municipal de Curitiba (Paran\u00e1)<\/h3>\n<p><img decoding=\"async\" class=\"alignnone size-full wp-image-4728\" src=\"https:\/\/11ponto11servidor.com.br\/wp-content\/uploads\/sites\/2\/2018\/02\/municipal_curitiba.png\" alt=\"\" width=\"700\" height=\"380\" \/><\/p>\n<p>Nenhuma visita \u00e0 capital paranaense \u00e9 completa sem uma passada (de prefer\u00eancia demorada) pelo Mercado Municipal de Curitiba. O pr\u00e9dio no centro da cidade foi recentemente reformado e conta com um setor de produtos org\u00e2nicos.<\/p>\n<p>As lojas comercializam de tudo \u2013 temperos, queijos, frutas, verduras, doces, chocolates, embutidos, carnes ex\u00f3ticas, roupas, eletr\u00f4nicos, artesanato, artigos para casa e por a\u00ed vai. Sem falar, claro, nos v\u00e1rios quiosques e restaurantes, onde pode-se provar as del\u00edcias locais, como o barreado ou a carne de on\u00e7a, terminando com um espresso no Caf\u00e9 do Mercado.<\/p>\n<p>Onde fica: Av. Sete de Setembro 1865, Centro, Curitiba<br \/>\nTelefone: (41) 3363-3764<br \/>\nFuncionamento: de ter\u00e7a a s\u00e1bado, das 7h \u00e0s 18h; segunda das 7h \u00e0s 14h; domingo das 7h \u00e0s 13h<\/p>\n<\/p><\/div><\/div>\n<\/div>\n<\/div>\n<\/div>\n<\/div>\n<div class=\"vc_row wpb_row vc_row-fluid\">\n<div class=\"wpb_column vc_column_container vc_col-sm-12\">\n<div class=\"vc_column-inner \">\n<div class=\"wpb_wrapper\">\n<div class=\" ubtn-ctn-left \"><a class=\"ubtn-link ult-adjust-bottom-margin ubtn-left ubtn-large \"><button type=\"button\" id=\"ubtn-2101\" class=\"ubtn ult-adjust-bottom-margin ult-responsive ubtn-large ubtn-no-hover-bg  none  ubtn-sep-icon ubtn-sep-icon-right-push  ubtn-shd  ubtn-left  shd-bottom tooltip-5a7df78be23ec\" style=\"font-weight:bold;border:none;background: #dbc30d;color: #223a0f\"><span class=\"ubtn-data ubtn-icon\"><i class=\"Defaults-smile-o\" style=\"font-size:27px;color:#223a0f\"><\/i><\/span><span class=\"ubtn-hover\" style=\"background-color:\"><\/span><span class=\"ubtn-data ubtn-text \">Passagens para Curitiba<\/span><\/button><\/a><\/div>\n<\/div>\n<\/div>\n<\/div>\n<\/div>\n<div class=\"vc_row wpb_row vc_row-fluid\">\n<div class=\"wpb_column vc_column_container vc_col-sm-12\">\n<div class=\"vc_column-inner \">\n<div class=\"wpb_wrapper\">\n<div class=\"wpb_text_column wpb_content_element  wpb_animate_when_almost_visible wpb_slideInUp slideInUp\">\n<div class=\"wpb_wrapper\">\n<h3>Mercado de S\u00e3o Jos\u00e9, Recife (Pernambuco)<\/h3>\n<p><img decoding=\"async\" class=\"alignnone size-full wp-image-4729\" src=\"https:\/\/11ponto11servidor.com.br\/wp-content\/uploads\/sites\/2\/2018\/02\/municipal_recife.png\" alt=\"\" width=\"700\" height=\"380\" \/><\/p>\n<p>O mais popular entre os 24 mercados p\u00fablicos de Recife, o Mercado de S\u00e3o Jos\u00e9 ocupa aquele que \u00e9 considerado o mais antigo edif\u00edcio pr\u00e9-fabricado em ferro no Brasil. Foi inaugurado em 1875, adotando uma arquitetura neocl\u00e1ssica inspirada no mercado p\u00fablico de Grenelle, em Paris.<\/p>\n<p>Localizado na \u00e1rea conhecida como Pra\u00e7a do Mercado, onde fica tamb\u00e9m a Bas\u00edlica de Nossa Senhora da Penha, o mercado possui mais de 500 boxes e lojas, vendendo frutas, carnes, peixes, bebidas, roupas, folhetos de cordel, produtos esot\u00e9ricos, entre outros.<\/p>\n<p>Entregue-se tamb\u00e9m ao momento nostalgia posando para um tradicional fot\u00f3grafo \u201clambe-lambe\u201d.<\/p>\n<p>Onde fica: Pra\u00e7a Dom Vital s\/n, S\u00e3o Jos\u00e9, Recife<br \/>\nTelefone: (81) 3424-1928<br \/>\nFuncionamento: segunda a s\u00e1bado, das 6h \u00e0s 18h; domingo das 6h \u00e0s 12h<\/p>\n<\/p><\/div><\/div>\n<\/div>\n<\/div>\n<\/div>\n<\/div>\n<div class=\"vc_row wpb_row vc_row-fluid\">\n<div class=\"wpb_column vc_column_container vc_col-sm-12\">\n<div class=\"vc_column-inner \">\n<div class=\"wpb_wrapper\">\n<div class=\" ubtn-ctn-left \"><a class=\"ubtn-link ult-adjust-bottom-margin ubtn-left ubtn-large \"><button type=\"button\" id=\"ubtn-3605\" class=\"ubtn ult-adjust-bottom-margin ult-responsive ubtn-large ubtn-no-hover-bg  none  ubtn-sep-icon ubtn-sep-icon-right-push  ubtn-shd  ubtn-left  shd-bottom tooltip-5a7df78be360a\" style=\"font-weight:bold;border:none;background: #dbc30d;color: #223a0f\"><span class=\"ubtn-data ubtn-icon\"><i class=\"Defaults-smile-o\" style=\"font-size:27px;color:#223a0f\"><\/i><\/span><span class=\"ubtn-hover\" style=\"background-color:\"><\/span><span class=\"ubtn-data ubtn-text \">Passagens para Recife<\/span><\/button><\/a><\/div>\n<\/div>\n<\/div>\n<\/div>\n<\/div>\n<div class=\"vc_row wpb_row vc_row-fluid\">\n<div class=\"wpb_column vc_column_container vc_col-sm-12\">\n<div class=\"vc_column-inner \">\n<div class=\"wpb_wrapper\">\n<div class=\"wpb_text_column wpb_content_element  wpb_animate_when_almost_visible wpb_slideInUp slideInUp\">\n<div class=\"wpb_wrapper\">\n<h3>Mercado Central de Fortaleza (Cear\u00e1)<\/h3>\n<p><img decoding=\"async\" class=\"alignnone size-full wp-image-4730\" src=\"https:\/\/11ponto11servidor.com.br\/wp-content\/uploads\/sites\/2\/2018\/02\/municipal_fortaleza.png\" alt=\"\" width=\"700\" height=\"380\" \/><\/p>\n<p>Um dos maiores do Nordeste brasileiro, o Mercado Central de Fortaleza ocupa um pr\u00e9dio de cinco pavimentos no centro da cidade, ao lado da Fortaleza de Nossa Senhora de Assun\u00e7\u00e3o e da Catedral.<\/p>\n<p>S\u00e3o 553 boxes, que comercializam produtos t\u00edpicos cearenses a pre\u00e7os populares. Entre eles, artigos em couro, rendas e bordados, souvenirs t\u00edpicos como as mini-jangadas, e in\u00fameros tipos de cacha\u00e7a e castanhas. Quando bater a fome, basta escolher um dos restaurantes para provar alguma das deliciosas comidas nordestinas.<\/p>\n<p>Onde fica: Av. Alberto Nepomuceno 199, Centro, Fortaleza<br \/>\nTelefone: (85) 3454-8586<br \/>\nFuncionamento: de segunda \u00e0 sexta, das 8h \u00e0s 18h; s\u00e1bado das 8h \u00e0s 16h; domingo das 8h \u00e0s 13h<\/p>\n<\/p><\/div><\/div>\n<\/div>\n<\/div>\n<\/div>\n<\/div>\n<div class=\"vc_row wpb_row vc_row-fluid\">\n<div class=\"wpb_column vc_column_container vc_col-sm-12\">\n<div class=\"vc_column-inner \">\n<div class=\"wpb_wrapper\">\n<div class=\" ubtn-ctn-left \"><a class=\"ubtn-link ult-adjust-bottom-margin ubtn-left ubtn-large \"><button type=\"button\" id=\"ubtn-1788\" class=\"ubtn ult-adjust-bottom-margin ult-responsive ubtn-large ubtn-no-hover-bg  none  ubtn-sep-icon ubtn-sep-icon-right-push  ubtn-shd  ubtn-left  shd-bottom tooltip-5a7df78be483d\" style=\"font-weight:bold;border:none;background: #dbc30d;color: #223a0f\"><span class=\"ubtn-data ubtn-icon\"><i class=\"Defaults-smile-o\" style=\"font-size:27px;color:#223a0f\"><\/i><\/span><span class=\"ubtn-hover\" style=\"background-color:\"><\/span><span class=\"ubtn-data ubtn-text \">Passagens para Fortaleza<\/span><\/button><\/a><\/div>\n<\/div>\n<\/div>\n<\/div>\n<\/div>\n<div class=\"vc_row wpb_row vc_row-fluid\">\n<div class=\"wpb_column vc_column_container vc_col-sm-12\">\n<div class=\"vc_column-inner \">\n<div class=\"wpb_wrapper\">\n<div class=\"wpb_text_column wpb_content_element  wpb_animate_when_almost_visible wpb_slideInUp slideInUp\">\n<div class=\"wpb_wrapper\">\n<h3>Mercado Municipal Adolpho Lisboa, Manaus (Amazonas)<\/h3>\n<p><img decoding=\"async\" class=\"alignnone size-full wp-image-4731\" src=\"https:\/\/11ponto11servidor.com.br\/wp-content\/uploads\/sites\/2\/2018\/02\/municipal_manaus.png\" alt=\"\" width=\"700\" height=\"380\" \/><\/p>\n<p>Uma das principais atra\u00e7\u00f5es tur\u00edsticas em Manaus, o Mercado Municipal Adolpho Lisboa destaca-se tanto pelo seu exterior quanto interior. O pr\u00e9dio segue o estilo rococ\u00f3, inspirado no Mercado Les Halles, de Paris, e impressiona por seus detalhes arquitet\u00f4nicos, como grades em ferro e vidros coloridos.<\/p>\n<p>J\u00e1 do lado de dentro, toda a diversidade de Manaus e do norte do Brasil est\u00e1 evidenciada nas centenas de bancas e lojas. Foi reaberto em 2013, ap\u00f3s sete anos fechado, e hoje conta com pavilh\u00f5es dedicados para o Par\u00e1 e o Amazonas, \u00e0s carnes peixes, aos hortifrutigranjeiros, al\u00e9m de pra\u00e7as de alimenta\u00e7\u00e3o, bombonieres e restaurantes.<\/p>\n<p>Onde fica: Rua dos Bar\u00e9s 46, Centro, Manaus<br \/>\nTelefone: (92) 3234-8441<br \/>\nFuncionamento: diariamente das 6h \u00e0s 18h<\/p>\n<\/p><\/div><\/div>\n<\/div>\n<\/div>\n<\/div>\n<\/div>\n<div class=\"vc_row wpb_row vc_row-fluid\">\n<div class=\"wpb_column vc_column_container vc_col-sm-12\">\n<div class=\"vc_column-inner \">\n<div class=\"wpb_wrapper\">\n<div class=\" ubtn-ctn-left \"><a class=\"ubtn-link ult-adjust-bottom-margin ubtn-left ubtn-large \"><button type=\"button\" id=\"ubtn-8235\" class=\"ubtn ult-adjust-bottom-margin ult-responsive ubtn-large ubtn-no-hover-bg  none  ubtn-sep-icon ubtn-sep-icon-right-push  ubtn-shd  ubtn-left  shd-bottom tooltip-5a7df78be5bf3\" style=\"font-weight:bold;border:none;background: #dbc30d;color: #223a0f\"><span class=\"ubtn-data ubtn-icon\"><i class=\"Defaults-smile-o\" style=\"font-size:27px;color:#223a0f\"><\/i><\/span><span class=\"ubtn-hover\" style=\"background-color:\"><\/span><span class=\"ubtn-data ubtn-text \">Passagens para Manaus<\/span><\/button><\/a><\/div>\n<\/div>\n<\/div>\n<\/div>\n<\/div>\n<div class=\"vc_row wpb_row vc_row-fluid\">\n<div class=\"wpb_column vc_column_container vc_col-sm-12\">\n<div class=\"vc_column-inner \">\n<div class=\"wpb_wrapper\">\n<div class=\"wpb_text_column wpb_content_element  wpb_animate_when_almost_visible wpb_slideInUp slideInUp\">\n<div class=\"wpb_wrapper\">\n<p>Mercados Municipais s\u00e3o verdadeiros cl\u00e1ssicos da gastronomia e da cultura de cada cidade. Visite-os!<\/p>\n<p>Agradecemos pelo acesso ao nosso <a href=\"https:\/\/blogdosrsiape.com\/category\/turismo-viagens\/\">Blog<\/a> e desejamos uma excelente quinta-feira \u00e0 todos! Bom viagem!!!<\/p>\n<p><em>Fonte: Momondo<\/em><\/p>\n<\/p><\/div><\/div>\n<\/div>\n<\/div>\n<\/div>\n<\/div>\n<div class=\"ttr_end\"><\/div>\n<p>O post <a rel=\"nofollow\" href=\"https:\/\/blogdosrsiape.com\/turismo-viagens\/viagem-mercados-municipal-brasil\/\">10 mercados municipais pelo Brasil que valem uma visita<\/a> apareceu primeiro em <a rel=\"nofollow\" href=\"https:\/\/blogdosrsiape.com\">Blog do sr. SIAPE<\/a>.<\/p>\n","protected":false},"excerpt":{"rendered":"<p>Cl\u00e1ssicos: Mercados Municipais Esses mercados municipais pelo Brasil carregam riqueza gastron\u00f4mica, hist\u00f3rica e cultural. Saiba quais s\u00e3o e n\u00e3o deixe de visit\u00e1-los em sua pr\u00f3xima viagem! Pr\u00e9dios lindos com o Mercado P\u00fablico de Florian\u00f3polis merecem estar na sua lista de lugares para visitar Na d\u00favida do que visitar primeiro quando chegar a uma nova cidade?&#8230;<\/p>\n","protected":false},"author":4,"featured_media":0,"comment_status":"open","ping_status":"open","sticky":false,"template":"","format":"standard","meta":{"footnotes":""},"categories":[1],"tags":[],"class_list":["post-3291","post","type-post","status-publish","format-standard","hentry","category-geral"],"_links":{"self":[{"href":"https:\/\/11ponto11servidor.com.br\/inst\/wp-json\/wp\/v2\/posts\/3291"}],"collection":[{"href":"https:\/\/11ponto11servidor.com.br\/inst\/wp-json\/wp\/v2\/posts"}],"about":[{"href":"https:\/\/11ponto11servidor.com.br\/inst\/wp-json\/wp\/v2\/types\/post"}],"author":[{"embeddable":true,"href":"https:\/\/11ponto11servidor.com.br\/inst\/wp-json\/wp\/v2\/users\/4"}],"replies":[{"embeddable":true,"href":"https:\/\/11ponto11servidor.com.br\/inst\/wp-json\/wp\/v2\/comments?post=3291"}],"version-history":[{"count":0,"href":"https:\/\/11ponto11servidor.com.br\/inst\/wp-json\/wp\/v2\/posts\/3291\/revisions"}],"wp:attachment":[{"href":"https:\/\/11ponto11servidor.com.br\/inst\/wp-json\/wp\/v2\/media?parent=3291"}],"wp:term":[{"taxonomy":"category","embeddable":true,"href":"https:\/\/11ponto11servidor.com.br\/inst\/wp-json\/wp\/v2\/categories?post=3291"},{"taxonomy":"post_tag","embeddable":true,"href":"https:\/\/11ponto11servidor.com.br\/inst\/wp-json\/wp\/v2\/tags?post=3291"}],"curies":[{"name":"wp","href":"https:\/\/api.w.org\/{rel}","templated":true}]}}