{"id":3329,"date":"2018-02-07T12:43:00","date_gmt":"2018-02-07T14:43:00","guid":{"rendered":"https:\/\/11ponto11servidor.com.br\/inst\/a-ilha-na-europa-que-muda-de-dono-a-cada-seis-meses\/"},"modified":"2018-02-16T21:32:05","modified_gmt":"2018-02-16T23:32:05","slug":"a-ilha-na-europa-que-muda-de-dono-a-cada-seis-meses","status":"publish","type":"post","link":"https:\/\/11ponto11servidor.com.br\/inst\/a-ilha-na-europa-que-muda-de-dono-a-cada-seis-meses\/","title":{"rendered":"A ilha na Europa que muda de \u2018dono\u2019 a cada seis meses"},"content":{"rendered":"<div class=\"ttr_start\"><\/div>\n<div class=\"vc_row wpb_row vc_row-fluid\">\n<div class=\"wpb_column vc_column_container vc_col-sm-12\">\n<div class=\"vc_column-inner \">\n<div class=\"wpb_wrapper\">\n<div class=\"wpb_text_column wpb_content_element  wpb_animate_when_almost_visible wpb_slideInLeft slideInLeft\">\n<div class=\"wpb_wrapper\">\n<h3>A Ilhas dos Fais\u00f5es<\/h3>\n<p>Na semana que vem, sem que uma bala seja disparada, a Fran\u00e7a vai entregar 3 mil metros quadrados de seu territ\u00f3rio \u00e0 Espanha. Daqui seis meses, por\u00e9m, a Espanha vai voluntariamente devolver a Ilha \u00e0 Fran\u00e7a.<\/p>\n<p>Tem sido assim h\u00e1 350 anos.<\/p>\n<p>Hendaye, uma cidade litor\u00e2nea que fica no Pa\u00eds Basco franc\u00eas, \u00e9 a \u00faltima antes da fronteira com a Espanha. Surfistas de inverno ocupam sua ba\u00eda curvada em per\u00edodos fora da temporada.<\/p>\n<p>Do outro lado est\u00e1 Hondarribia, uma cidade hist\u00f3rica da Espanha.<\/p>\n<p>Entre as duas Cidades, h\u00e1 uma fronteira natural: o rio Bidassoa, que escorrre em um estu\u00e1rio, dividindo os dois pa\u00edses.<\/p>\n<p>A paisagem muda quando se navega rio acima. Edif\u00edcios coloridos bascos d\u00e3o lugar a galp\u00f5es industriais do lado franc\u00eas e torres residenciais nada atraentes surgem do lado espanhol.<\/p>\n<p>Mas o que viemos conhecer \u00e9 a Ilha dos Fais\u00f5es. N\u00e3o \u00e9 f\u00e1cil encontr\u00e1-la. Quando se pede indica\u00e7\u00f5es do caminho, ningu\u00e9m entende por que se quer ir pra l\u00e1. Dizem que n\u00e3o h\u00e1 nada para ver e que n\u00e3o \u00e9 poss\u00edvel ir l\u00e1 s\u00f3 para visitar. Ningu\u00e9m mora ali e n\u00e3o \u00e9 um destino tur\u00edstico.<\/p>\n<p>L\u00e1 est\u00e1, no entanto. Uma pac\u00edfica e quase inacess\u00edvel ilha no meio do rio, com sombras sob \u00e1rvores e grama bem cortada. Tamb\u00e9m h\u00e1 um momento que homenageia um evento hist\u00f3rico que aconteceu aqui em 1659.<\/p>\n<\/p><\/div><\/div>\n<\/div>\n<\/div>\n<\/div>\n<\/div>\n<div class=\"vc_row wpb_row vc_row-fluid\">\n<div class=\"wpb_column vc_column_container vc_col-sm-12\">\n<div class=\"vc_column-inner \">\n<div class=\"wpb_wrapper\">\n<div class=\" ubtn-ctn-left \"><a class=\"ubtn-link ult-adjust-bottom-margin ubtn-left ubtn-large \"><button type=\"button\" id=\"ubtn-1486\" class=\"ubtn ult-adjust-bottom-margin ult-responsive ubtn-large ubtn-no-hover-bg  none  ubtn-sep-icon ubtn-sep-icon-left-push  ubtn-left   tooltip-5a8769f45225c\" style=\"font-weight:bold;border:none;background: #0c3954;color: #efd934\"><span class=\"ubtn-data ubtn-icon\"><i class=\"Defaults-plane\" style=\"font-size:25px;color:#efd934\"><\/i><\/span><span class=\"ubtn-hover\" style=\"background-color:\"><\/span><span class=\"ubtn-data ubtn-text \">Pacotes de viagem<\/span><\/button><\/a><\/div>\n<\/div>\n<\/div>\n<\/div>\n<\/div>\n<div class=\"vc_row wpb_row vc_row-fluid\">\n<div class=\"wpb_column vc_column_container vc_col-sm-12\">\n<div class=\"vc_column-inner \">\n<div class=\"wpb_wrapper\">\n<div class=\"wpb_text_column wpb_content_element \">\n<div class=\"wpb_wrapper\">\n<h3>Tratado dos Pirineus<\/h3>\n<p>Durante tr\u00eas meses, a Espanha e a Fran\u00e7a negociaram na ilha o fim de uma longa guerra. O local foi escolhido porque era considerado neutro. Pontes de madeira foram erguidas dos dois lados. Os ex\u00e9rcitos ficaram de sobreaviso enquanto aconteciam as negocia\u00e7\u00f5es.<\/p>\n<p>Um acordo de paz foi assinado: o Tratado dos Pirineus. Territ\u00f3rios foram negociados e fronteiras, demarcadas. O acordo foi selado com um casamento real: Lu\u00eds XIV, da Fran\u00e7a, casou-se com a filha de Filipe IV, da Espanha.<\/p>\n<p>Outro detalhe do acordo era que a ilha em si seria compartilhada entre os dois pa\u00edses, com o controle dela passando de uma para o outro a cada seis meses. Sendo assim, de fevereiro a 31 de Julho, ela fica sob a soberania espanhola -e, nos meses que seguem, fica com a Fran\u00e7a.<\/p>\n<p>Esse tipo de soberania conjunta \u00e9 chamada \u201ccondominio\u201d e a Ilha dos Fais\u00f5es \u00e9 um dos mais antigos modelos desse tipo de governan\u00e7a.<\/p>\n<\/p><\/div><\/div>\n<\/div>\n<\/div>\n<\/div>\n<\/div>\n<div class=\"vc_row wpb_row vc_row-fluid\">\n<div class=\"wpb_column vc_column_container vc_col-sm-12\">\n<div class=\"vc_column-inner \">\n<div class=\"wpb_wrapper\">\n<div class=\" ubtn-ctn-left \"><a class=\"ubtn-link ult-adjust-bottom-margin ubtn-left ubtn-large \"><button type=\"button\" id=\"ubtn-3415\" class=\"ubtn ult-adjust-bottom-margin ult-responsive ubtn-large ubtn-no-hover-bg  none  ubtn-sep-icon ubtn-sep-icon-left-push  ubtn-left   tooltip-5a8769f45378c\" style=\"font-weight:bold;border:none;background: #0c3954;color: #efd934\"><span class=\"ubtn-data ubtn-icon\"><i class=\"Defaults-plane\" style=\"font-size:25px;color:#efd934\"><\/i><\/span><span class=\"ubtn-hover\" style=\"background-color:\"><\/span><span class=\"ubtn-data ubtn-text \">Busque por hot\u00e9is aqui<\/span><\/button><\/a><\/div>\n<\/div>\n<\/div>\n<\/div>\n<\/div>\n<div class=\"vc_row wpb_row vc_row-fluid\">\n<div class=\"wpb_column vc_column_container vc_col-sm-12\">\n<div class=\"vc_column-inner \">\n<div class=\"wpb_wrapper\">\n<div class=\"wpb_text_column wpb_content_element \">\n<div class=\"wpb_wrapper\"><\/div><\/div>\n<\/div>\n<\/div>\n<\/div>\n<\/div>\n<div class=\"vc_row wpb_row vc_row-fluid\">\n<div class=\"wpb_column vc_column_container vc_col-sm-12\">\n<div class=\"vc_column-inner \">\n<div class=\"wpb_wrapper\">\n<div id=\"ultib3-7337240935a8769f455752\" class=\" ultb3-box ult-adjust-bottom-margin  ultb3-hover-5\"><img decoding=\"async\" src=\"https:\/\/11ponto11servidor.com.br\/wp-content\/uploads\/sites\/2\/2018\/02\/bannerdailha.png\" class=\"ultb3-img ultb3-img-top-left\" alt=\"null\" \/><\/p>\n<div id=\"Info-banner-wrap6148\" class=\"ultb3-info ib3-info-left\">\n<div class=\"ultb3-title ult-responsive\" style=\"font-weight:bold;color:#f2ffc4\">Transforme seus sonhos em viagem!<\/div>\n<div class=\"ultb3-desc ult-responsive\" style=\"font-weight:normal;color:#f2ffc4\">Acesse nosso site e confira nossas op\u00e7\u00f5es!<\/div>\n<p><a class=\"ultb3-btn ult-responsive\" style=\"font-weight:bold\">Clique aqui<i class=\"Defaults-angle-right\"><\/i><\/a><\/div>\n<\/div>\n<p>\t\t\t\t\t#ultib3-7337240935a8769f455752 {<br \/>\n\t\t\t\t\t\tmin-height:50px;<br \/>\n\t\t\t\t\t}<br \/>\n\t\t\t\t\t#ultib3-7337240935a8769f455752 img.ultb3-img {<br \/>\n\t\t\t\t\t\theight: px;<br \/>\n\t\t\t\t\t}<br \/>\n\t\t\t\t\t#ultib3-7337240935a8769f455752 .ultb3-btn {<br \/>\n\t\t\t\t\t\tborder:2px solid #823e15;border-radius:47px;color:#f2ffc4;<br \/>\n\t\t\t\t\t}<br \/>\n\t\t\t\t\t#ultib3-7337240935a8769f455752 .ultb3-btn:hover {<br \/>\n\t\t\t\t\t\tbackground:#823e15;color:#ffffff;<br \/>\n\t\t\t\t\t}\n\t\t\t\t<\/p><\/div>\n<\/div>\n<\/div>\n<\/div>\n<h3>Administra\u00e7\u00e3o da Ilha<\/h3>\n<p>O comandante naval da cidade espanhola de San Sebastian e o tamb\u00e9m comandante naval da cidade francesa de Bayonne s\u00e3o os governadores e vice da ilha. Mas, na realidade, eles t\u00eam afazeres mais importantes, ent\u00e3o os prefeitos de Irum e Hendaye s\u00e3o quem efetivamente tomam conta do territ\u00f3rio.<\/p>\n<p>Benoit Ugartemendia administra a divis\u00e3o de parques para o conselho local em Hendaye. Ele me disse que manda uma pequena equipe de barco para a ilha uma vez por ano para cortar a grama e podar os galhosdas \u00e1rvores. O rio muda com a mar\u00e9- por isso, \u00e9 poss\u00edvel, por exemplo, chegar \u00e0 ilha a p\u00e9 saindo da Espanha -, ent\u00e3o al\u00e9m de cortar a grama, a pol\u00edcia espanhola tem que perseguir os eventuais invasores ilegais.<\/p>\n<p>A ilha \u00e9 bem pequena, tem apenas pouco mais de 200 metros de comprimento e 40 metros de largura. De vez em quando , a popula\u00e7\u00e3o \u00e9 convidada a visitar o local em dias abertos ao p\u00fablico, mas Ugastemendia diz que isso \u00e9 algo que interessa apenas aos mais velhos, porque os jovens n\u00e3osabem nada sobre a import\u00e2ncia hist\u00f3rica do local.<\/p>\n<div class=\"vc_row wpb_row vc_row-fluid\">\n<div class=\"wpb_column vc_column_container vc_col-sm-12\">\n<div class=\"vc_column-inner \">\n<div class=\"wpb_wrapper\">\n<div class=\" ubtn-ctn-left \"><a class=\"ubtn-link ult-adjust-bottom-margin ubtn-left ubtn-large \"><button type=\"button\" id=\"ubtn-2042\" class=\"ubtn ult-adjust-bottom-margin ult-responsive ubtn-large ubtn-no-hover-bg  none  ubtn-sep-icon ubtn-sep-icon-left-push  ubtn-left   tooltip-5a8769f45613e\" style=\"font-weight:bold;border:none;background: #0c3954;color: #efd934\"><span class=\"ubtn-data ubtn-icon\"><i class=\"Defaults-plane\" style=\"font-size:25px;color:#efd934\"><\/i><\/span><span class=\"ubtn-hover\" style=\"background-color:\"><\/span><span class=\"ubtn-data ubtn-text \">Passagens a\u00e9reas<\/span><\/button><\/a><\/div>\n<\/div>\n<\/div>\n<\/div>\n<\/div>\n<div class=\"vc_row wpb_row vc_row-fluid\"><\/div>\n<div class=\"wpb_column vc_column_container vc_col-sm-12\">\n<div class=\"vc_column-inner \">\n<div class=\"wpb_wrapper\"><\/div>\n<\/div>\n<\/div>\n<div class=\"wpb_text_column wpb_content_element \">\n<div class=\"wpb_wrapper\"><\/div><\/div>\n<h3>Atualmente<\/h3>\n<p>Hoje, a experi\u00eancia de cruzar a Fran\u00e7a at\u00e9 a Espanha por terra \u00e9 incr\u00edvel, com exce\u00e7\u00e3o do tr\u00e2nsito que se pega para completar o trajeto. Mas sob a ditadura de Franco na Espanha, a fronteira era altamente vigiada por policiais. O prefeito de Hendaye, Kotte Encenarro, conta que havia pontos de checagem a cada 100 metros ao longo do rio de frente para a ilha para evitar que advers\u00e1rios entrassem ou sa\u00edssem dali.<\/p>\n<p>Hoje em dia, os prefeitos de Iru, e Hendaye se encontram dezenas de vezes ao longo do ano para discutir quest\u00f5es de qualidade da \u00e1gua e direitos da pesca. No passado, os pescadores espanh\u00f3is reclamaram do formato dos barcos franceses. Recentemente, eles se irritaram com franceses que viajavam de f\u00e9rias em canoas e atrapalhavam seus neg\u00f3cios.<\/p>\n<p>A ilha em si n\u00e3o \u00e9 prioridade para nenhum dos dois governos. Ela, aos poucos, esst\u00e1 sendo corro\u00edda. A ilha j\u00e1 perdeu quase metade do seu tamanho ao longo dos s\u00e9culos, porque, conforme a neve derrete, ela cai dos Pirineus para o rio. Mas nenhum dos pa\u00edses quer gastar dinheiro para cuidar desse territ\u00f3rio.<\/p>\n<p>Neste ano, n\u00e3o haver\u00e1 qualquer cerim\u00f4nia de passagem no momento de transferir a ilha de um governo para outro. Havia uma ideia de balan\u00e7ar a bandeira do pa\u00eds que estivesse no comando no momento. Por\u00e9m, o prefeito Encenarro disse que isso s\u00f3 motivaria os separatistas bascos a retirarem-na dali ou a colocarem outra deles pr\u00f3prios.<\/p>\n<p>Sendo assim, em alguns dias, na ilha de fronteiras menos disputada do mundo, haver\u00e1 uma troca de comando de novo. E, em agosto, a Espanha ir\u00e1 devolver o territ\u00f3rio, seguindo uma tradi\u00e7\u00e3o secular.<\/p>\n<p>Impressionante, n\u00e3o \u00e9 mesmo! S\u00e3o muitas curiosidades neste mundo t\u00e3o grande!<\/p>\n<h3>Gostaria de receber cota\u00e7\u00f5es de viagem?<\/h3>\n<p>Obtenha informa\u00e7\u00f5es sobre pacotes, hot\u00e9is e muito mais! Envie uma mensagem pra n\u00f3s, ser\u00e1 um imenso prazer poder ajudar:<\/p>\n<p class=\"wpcf7-contact-form-not-found\"><strong>Erro:<\/strong> Formul\u00e1rio de contato n\u00e3o encontrado.<\/p>\n<p>Agradecemos o acesso ao nosso <a href=\"https:\/\/blogdosrsiape.com\/category\/turismo-viagens\/\">Blog<\/a> e desejamos uma excelente quarta-feira \u00e0 todos!<\/p>\n<p>Boa viagem <img decoding=\"async\" src=\"https:\/\/s.w.org\/images\/core\/emoji\/2.4\/72x72\/1f642.png\" alt=\"\ud83d\ude42\" class=\"wp-smiley\" style=\"height: 1em;max-height: 1em\" \/><\/p>\n<p>\u00a0<\/p>\n<p><em>Fonte: BBC Brasil<\/em><\/p>\n<div class=\"ttr_end\"><\/div>\n<p>O post <a rel=\"nofollow\" href=\"https:\/\/blogdosrsiape.com\/turismo-viagens\/viagem-ilha-europeia-curiosidade\/\">A ilha na Europa que muda de \u2018dono\u2019 a cada seis meses<\/a> apareceu primeiro em <a rel=\"nofollow\" href=\"https:\/\/blogdosrsiape.com\">Blog do sr. SIAPE<\/a>.<\/p>\n","protected":false},"excerpt":{"rendered":"<p>A Ilhas dos Fais\u00f5es Na semana que vem, sem que uma bala seja disparada, a Fran\u00e7a vai entregar 3 mil metros quadrados de seu territ\u00f3rio \u00e0 Espanha. Daqui seis meses, por\u00e9m, a Espanha vai voluntariamente devolver a Ilha \u00e0 Fran\u00e7a. Tem sido assim h\u00e1 350 anos. Hendaye, uma cidade litor\u00e2nea que fica no Pa\u00eds Basco&#8230;<\/p>\n","protected":false},"author":4,"featured_media":0,"comment_status":"open","ping_status":"open","sticky":false,"template":"","format":"standard","meta":{"footnotes":""},"categories":[1],"tags":[],"class_list":["post-3329","post","type-post","status-publish","format-standard","hentry","category-geral"],"_links":{"self":[{"href":"https:\/\/11ponto11servidor.com.br\/inst\/wp-json\/wp\/v2\/posts\/3329"}],"collection":[{"href":"https:\/\/11ponto11servidor.com.br\/inst\/wp-json\/wp\/v2\/posts"}],"about":[{"href":"https:\/\/11ponto11servidor.com.br\/inst\/wp-json\/wp\/v2\/types\/post"}],"author":[{"embeddable":true,"href":"https:\/\/11ponto11servidor.com.br\/inst\/wp-json\/wp\/v2\/users\/4"}],"replies":[{"embeddable":true,"href":"https:\/\/11ponto11servidor.com.br\/inst\/wp-json\/wp\/v2\/comments?post=3329"}],"version-history":[{"count":0,"href":"https:\/\/11ponto11servidor.com.br\/inst\/wp-json\/wp\/v2\/posts\/3329\/revisions"}],"wp:attachment":[{"href":"https:\/\/11ponto11servidor.com.br\/inst\/wp-json\/wp\/v2\/media?parent=3329"}],"wp:term":[{"taxonomy":"category","embeddable":true,"href":"https:\/\/11ponto11servidor.com.br\/inst\/wp-json\/wp\/v2\/categories?post=3329"},{"taxonomy":"post_tag","embeddable":true,"href":"https:\/\/11ponto11servidor.com.br\/inst\/wp-json\/wp\/v2\/tags?post=3329"}],"curies":[{"name":"wp","href":"https:\/\/api.w.org\/{rel}","templated":true}]}}