{"id":3348,"date":"2018-02-09T13:36:00","date_gmt":"2018-02-09T15:36:00","guid":{"rendered":"https:\/\/11ponto11servidor.com.br\/inst\/9-destinos-alternativos-para-curtir-o-feriado-de-tiradentes-2018\/"},"modified":"2018-02-19T21:49:02","modified_gmt":"2018-02-20T00:49:02","slug":"9-destinos-alternativos-para-curtir-o-feriado-de-tiradentes-2018","status":"publish","type":"post","link":"https:\/\/11ponto11servidor.com.br\/inst\/9-destinos-alternativos-para-curtir-o-feriado-de-tiradentes-2018\/","title":{"rendered":"9 destinos alternativos para curtir o feriado de Tiradentes 2018"},"content":{"rendered":"<div class=\"ttr_start\"><\/div>\n<div class=\"vc_row wpb_row vc_row-fluid\">\n<div class=\"wpb_column vc_column_container vc_col-sm-12\">\n<div class=\"vc_column-inner \">\n<div class=\"wpb_wrapper\">\n<div class=\"wpb_text_column wpb_content_element \">\n<div class=\"wpb_wrapper\"><\/div><\/div>\n<p>Hora de escolher para onde viajar no feriado de <em>Tiradentes<\/em> 2018! Pensando nisso, listamos 9 lugares alternativos no Brasil e na Am\u00e9rica do Sul para aproveitar o feriado de abril. Um mais lindo e interessante que o outro!<\/p>\n<p>N\u00e3o v\u00ea a hora de chegar um novo feriad\u00e3o para cair na estrada? Voc\u00ea n\u00e3o est\u00e1 sozinho! Os tr\u00eas\u00a0dias do feriado\u00a0de <em>Tiradentes<\/em> 2018 ser\u00e3o uma desculpa perfeita para arrumar a malinha e se aventurar em um local diferente. Seja para relaxar, explorar ou simplesmente se divertir.<\/p>\n<p>Se ainda n\u00e3o sabe onde ir no feriado de <em>Tiradentes<\/em>, sugerimos 9 destinos\u00a0no Brasil e na Am\u00e9rica do Sul. <strong>Confira<\/strong>:<\/p>\n<h3>Caldas Novas, Goi\u00e1s<\/h3>\n<p><img decoding=\"async\" class=\"alignnone size-full wp-image-5198\" src=\"https:\/\/11ponto11servidor.com.br\/wp-content\/uploads\/sites\/2\/2018\/02\/caldas-novas.png\" alt=\"Tiradentes\" width=\"650\" height=\"380\" \/><\/p>\n<p>Aqui est\u00e1 nada menos que a maior est\u00e2ncia hidrotermal do mundo (junto com o munic\u00edpio vizinho de Rio Quente). Em Caldas Novas, \u00e1guas com temperaturas superiores a 37\u00b0 brotam do ch\u00e3o, com suas propriedades terap\u00eauticas e medicinais.<\/p>\n<p>Fica f\u00e1cil entender porque essa cidadezinha de 80 mil habitantes (a duas horas da capital Goi\u00e2nia), recebe mais de 3 milh\u00f5es de turistas todo ano. A \u00f3tima infraestrutura inclui uma variedade de clubes e resorts, al\u00e9m de parques aqu\u00e1ticos com tobo\u00e1guas, piscina com ondas e rios artificiais.<\/p>\n<p>\u00c9 tamb\u00e9m um destino perfeito para praticar o ecoturismo, j\u00e1 que est\u00e1 \u00e0s margens do lago da represa de Corumb\u00e1. Ao lado, est\u00e1 a Serra de Caldas. Com suas trilhas, cachoeiras e ricas fauna e flora do cerrado, \u00e9 o local perfeito!<\/p>\n<div class=\"vc_row wpb_row vc_row-fluid\"><\/div>\n<div class=\"wpb_column vc_column_container vc_col-sm-12\">\n<div class=\"vc_column-inner \">\n<div class=\"wpb_wrapper\"><\/div>\n<\/div>\n<\/div>\n<div class=\" ubtn-ctn-left \"><a class=\"ubtn-link ult-adjust-bottom-margin ubtn-left ubtn-normal \"><button type=\"button\" id=\"ubtn-7857\" class=\"ubtn ult-adjust-bottom-margin ult-responsive ubtn-normal ubtn-no-hover-bg  ulta-grow  ubtn-sep-icon ubtn-sep-icon-bottom-push  ubtn-shd  ubtn-left  shd-bottom tooltip-5a8b707c4f73d\" style=\"font-weight:bold;border:none;background: #009fef;color: #ffffff\"><span class=\"ubtn-data ubtn-icon\"><i class=\"Defaults-plane\" style=\"font-size:26px;color:#ffffff\"><\/i><\/span><span class=\"ubtn-hover\" style=\"background-color:\"><\/span><span class=\"ubtn-data ubtn-text \">Pacotes, passagens e hot\u00e9is para Goi\u00e1s<\/span><\/button><\/a><\/div>\n<\/div>\n<\/div>\n<\/div>\n<\/div>\n<p>\u00a0<\/p>\n<h3>Tiradentes, Minas Gerais<\/h3>\n<p><img decoding=\"async\" class=\"alignnone size-full wp-image-5199\" src=\"https:\/\/11ponto11servidor.com.br\/wp-content\/uploads\/sites\/2\/2018\/02\/tiradentes_mg.png\" alt=\"Tiradentes\" width=\"650\" height=\"380\" \/><\/p>\n<p>Sem medo de parecer clich\u00ea, que tal honrar o motivo do feriado e conhecer a origem da data in loco? E visitar <em>Tiradentes<\/em>, no sul de Minas Gerais, \u00e9 ter uma aula pr\u00e1tica de Hist\u00f3ria. Em meio a belas paisagens e muitos mimos gastron\u00f4micos, claro.<\/p>\n<p>A terra do her\u00f3i da Inconfid\u00eancia \u00e9 para ser explorada lentamente, de prefer\u00eancia a p\u00e9. Para apreciar sua riqueza cultural e os detalhes arquitet\u00f4nicos que tomam conta de suas ruas, este \u00e9 o ideal. Ou quem sabe passeando em uma das coloridas charretes, enquanto passa pela Matriz de Santo Ant\u00f4nio ou pelo Largo das Forras\u2026<\/p>\n<p>Vale ainda ir de \u201cmaria-fuma\u00e7a\u201d at\u00e9 S\u00e3o Jo\u00e3o del Rei, em um passeio curto (pouco mais de meia hora), mas dos mais agrad\u00e1veis \u00e0s margens do Rio das Mortes. E tudo vai terminar com qu\u00ea? Com p\u00e3o de queijo e doce de leite, claro!<\/p>\n<div class=\"vc_row wpb_row vc_row-fluid\">\n<div class=\"wpb_column vc_column_container vc_col-sm-12\">\n<div class=\"vc_column-inner \">\n<div class=\"wpb_wrapper\">\n<div class=\" ubtn-ctn-left \"><a class=\"ubtn-link ult-adjust-bottom-margin ubtn-left ubtn-normal \"><button type=\"button\" id=\"ubtn-5358\" class=\"ubtn ult-adjust-bottom-margin ult-responsive ubtn-normal ubtn-no-hover-bg  ulta-grow  ubtn-sep-icon ubtn-sep-icon-bottom-push  ubtn-shd  ubtn-left  shd-bottom tooltip-5a8b707c501d3\" style=\"font-weight:bold;border:none;background: #009fef;color: #ffffff\"><span class=\"ubtn-data ubtn-icon\"><i class=\"Defaults-plane\" style=\"font-size:26px;color:#ffffff\"><\/i><\/span><span class=\"ubtn-hover\" style=\"background-color:\"><\/span><span class=\"ubtn-data ubtn-text \">Pacotes, passagens e hot\u00e9is para Minas Gerais<\/span><\/button><\/a><\/div>\n<div class=\"vc_row wpb_row vc_row-fluid\"><\/div>\n<div class=\"wpb_column vc_column_container vc_col-sm-12\">\n<div class=\"vc_column-inner \">\n<div class=\"wpb_wrapper\"><\/div>\n<\/div>\n<\/div>\n<div id=\"ultib3-6347140815a8b707c5127b\" class=\" ultb3-box ult-adjust-bottom-margin  ultb3-hover-5\"><img decoding=\"async\" src=\"https:\/\/11ponto11servidor.com.br\/wp-content\/uploads\/sites\/2\/2018\/02\/bannerpraia.png\" class=\"ultb3-img ultb3-img-top-left\" alt=\"null\" \/><\/p>\n<div id=\"Info-banner-wrap9353\" class=\"ultb3-info ib3-info-right\">\n<div class=\"ultb3-title ult-responsive\" style=\"font-weight:bold;color:#046168\">Vamos conhecer o mundo juntos?<\/div>\n<p><a class=\"ultb3-btn ult-responsive\" style=\"font-weight:normal\">Acesse nosso site<i class=\"Defaults-angle-right\"><\/i><\/a><\/div>\n<\/div>\n<p>\t\t\t\t\t#ultib3-6347140815a8b707c5127b {<br \/>\n\t\t\t\t\t\tmin-height:50px;<br \/>\n\t\t\t\t\t}<br \/>\n\t\t\t\t\t#ultib3-6347140815a8b707c5127b img.ultb3-img {<br \/>\n\t\t\t\t\t\theight: px;<br \/>\n\t\t\t\t\t}<br \/>\n\t\t\t\t\t#ultib3-6347140815a8b707c5127b .ultb3-btn {<br \/>\n\t\t\t\t\t\tborder:2px solid #3b8771;border-radius:50px;color:#ffffff;<br \/>\n\t\t\t\t\t}<br \/>\n\t\t\t\t\t#ultib3-6347140815a8b707c5127b .ultb3-btn:hover {<br \/>\n\t\t\t\t\t\tbackground:#3b8771;<br \/>\n\t\t\t\t\t}\n\t\t\t\t<\/p><\/div>\n<\/div>\n<\/div>\n<\/div>\n<p>\u00a0<\/p>\n<h3>Praia de Cumbuco, Fortaleza<\/h3>\n<p><img decoding=\"async\" class=\"alignnone size-full wp-image-5200\" src=\"https:\/\/11ponto11servidor.com.br\/wp-content\/uploads\/sites\/2\/2018\/02\/cumbuco_fortaleza.png\" alt=\"Tiradentes\" width=\"650\" height=\"380\" \/><\/p>\n<p>H\u00e1 quem chame o c\u00e9u de Cumbuco como o \u201cmais colorido do Brasil\u201d. Muito em fun\u00e7\u00e3o da concentra\u00e7\u00e3o das multicoloridas pipas das pranchas de kitesurf. Os fortes ventos nessa praia do munic\u00edpio de Caucaia (a meros 30km de Fortaleza) fazem dela uma das capitais desse esporte do pa\u00eds, mas sobram outras atra\u00e7\u00f5es para seus visitantes.<\/p>\n<p>A come\u00e7ar pela estonteante paisagem formada por lagoas, coqueirais e dunas, comumente exploradas por passeios de jangada, de jegue, de buggy ou do chamado \u201cesquibunda\u201d. Crian\u00e7as de todas as idades v\u00e3o se esbaldar nos parques aqu\u00e1ticos, enquanto os adultos n\u00e3o v\u00e3o cansar da mordomia do complexo de Vila Gal\u00e9 Cumbuco, o resort \u201call inclusive\u201d da regi\u00e3o.<\/p>\n<div class=\"vc_row wpb_row vc_row-fluid\">\n<div class=\"wpb_column vc_column_container vc_col-sm-12\">\n<div class=\"vc_column-inner \">\n<div class=\"wpb_wrapper\">\n<div class=\" ubtn-ctn-left \"><a class=\"ubtn-link ult-adjust-bottom-margin ubtn-left ubtn-normal \"><button type=\"button\" id=\"ubtn-4641\" class=\"ubtn ult-adjust-bottom-margin ult-responsive ubtn-normal ubtn-no-hover-bg  ulta-grow  ubtn-sep-icon ubtn-sep-icon-bottom-push  ubtn-shd  ubtn-left  shd-bottom tooltip-5a8b707c51bb8\" style=\"font-weight:bold;border:none;background: #009fef;color: #ffffff\"><span class=\"ubtn-data ubtn-icon\"><i class=\"Defaults-plane\" style=\"font-size:26px;color:#ffffff\"><\/i><\/span><span class=\"ubtn-hover\" style=\"background-color:\"><\/span><span class=\"ubtn-data ubtn-text \">Pacotes, passagens e hot\u00e9is para Fortaleza<\/span><\/button><\/a><\/div>\n<\/div>\n<\/div>\n<\/div>\n<\/div>\n<p>\u00a0<\/p>\n<h3>Imbassa\u00ed, Bahia<\/h3>\n<p><img decoding=\"async\" class=\"alignnone size-full wp-image-5201\" src=\"https:\/\/11ponto11servidor.com.br\/wp-content\/uploads\/sites\/2\/2018\/02\/imbassai_baea.png\" alt=\"Tiradentes\" width=\"650\" height=\"380\" \/><\/p>\n<p>Primeira praia da chamada Linha Verde. A bela estrada litor\u00e2nea que liga a Bahia ao Sergipe. Imbassa\u00ed passou uma antiga aldeia ind\u00edgena que se tornou um dos destinos tur\u00edsticos mais visitados do Nordeste. E n\u00e3o \u00e9 dif\u00edcil entender o porqu\u00ea.<\/p>\n<p>Distrito do munic\u00edpio baiano de Mata de S\u00e3o Jo\u00e3o, Imbassa\u00ed tem uma paisagem digna de cart\u00e3o postal, com seus coqueirais, dunas gigantes e rios de \u00e1gua doce. O charme do local \u00e9 ainda maior nas \u00e9pocas de mar\u00e9 cheia, quando \u00e9 preciso utilizar as \u201cpinguelas\u201d (pequenas jangadas de madeira) para atravessar at\u00e9 a praia e chegar \u00e0s barraquinhas de petiscos e bebidas.<\/p>\n<p>E uma dica: o vilarejo fica a somente 14km da Praia do Forte \u2013 ent\u00e3o nada mal fazer um programa duplo!<\/p>\n<div class=\"vc_row wpb_row vc_row-fluid\">\n<div class=\"wpb_column vc_column_container vc_col-sm-12\">\n<div class=\"vc_column-inner \">\n<div class=\"wpb_wrapper\">\n<div class=\" ubtn-ctn-left \"><a class=\"ubtn-link ult-adjust-bottom-margin ubtn-left ubtn-normal \"><button type=\"button\" id=\"ubtn-7896\" class=\"ubtn ult-adjust-bottom-margin ult-responsive ubtn-normal ubtn-no-hover-bg  ulta-grow  ubtn-sep-icon ubtn-sep-icon-bottom-push  ubtn-shd  ubtn-left  shd-bottom tooltip-5a8b707c52439\" style=\"font-weight:bold;border:none;background: #009fef;color: #ffffff\"><span class=\"ubtn-data ubtn-icon\"><i class=\"Defaults-plane\" style=\"font-size:26px;color:#ffffff\"><\/i><\/span><span class=\"ubtn-hover\" style=\"background-color:\"><\/span><span class=\"ubtn-data ubtn-text \">Pacotes, passagens e hot\u00e9is para Bahia<\/span><\/button><\/a><\/div>\n<\/div>\n<\/div>\n<\/div>\n<\/div>\n<p>\u00a0<\/p>\n<h3>Socorro, S\u00e3o Paulo<\/h3>\n<p><img decoding=\"async\" class=\"alignnone size-full wp-image-5202\" src=\"https:\/\/11ponto11servidor.com.br\/wp-content\/uploads\/sites\/2\/2018\/02\/socorroooo.png\" alt=\"Tiradentes\" width=\"650\" height=\"380\" \/><\/p>\n<p>Est\u00e2ncia hidromineral a cerca de 132 km da capital paulista, Socorro \u00e9 uma das joias da Serra da Mantiqueira. Faz parte do Circuito das \u00c1guas Paulista, e \u00e9 nacionalmente conhecida por suas amplas variedades de turismo rural, ecol\u00f3gico e de aventura.<\/p>\n<p>\u00c9 no Rio do Peixe (ou \u00e0s margens dele) onde os f\u00e3s de adrenalina poder\u00e3o dedicar seus dias de feriado em abril praticando rafting, tirolesa, boia cross, canoagem, rapel, parapente, escalada e passeios de quadriciclo. Basta escolher um dos badalados parques de esporte de aventura da regi\u00e3o \u2013 como Kango Jango, Monjolinho e Parque dos Sonhos \u2013 e garantir a divers\u00e3o sem hora para acabar.<\/p>\n<div class=\"vc_row wpb_row vc_row-fluid\">\n<div class=\"wpb_column vc_column_container vc_col-sm-12\">\n<div class=\"vc_column-inner \">\n<div class=\"wpb_wrapper\">\n<div class=\" ubtn-ctn-left \"><a class=\"ubtn-link ult-adjust-bottom-margin ubtn-left ubtn-normal \"><button type=\"button\" id=\"ubtn-2051\" class=\"ubtn ult-adjust-bottom-margin ult-responsive ubtn-normal ubtn-no-hover-bg  ulta-grow  ubtn-sep-icon ubtn-sep-icon-bottom-push  ubtn-shd  ubtn-left  shd-bottom tooltip-5a8b707c52c92\" style=\"font-weight:bold;border:none;background: #009fef;color: #ffffff\"><span class=\"ubtn-data ubtn-icon\"><i class=\"Defaults-plane\" style=\"font-size:26px;color:#ffffff\"><\/i><\/span><span class=\"ubtn-hover\" style=\"background-color:\"><\/span><span class=\"ubtn-data ubtn-text \">Hot\u00e9is em Socorro<\/span><\/button><\/a><\/div>\n<\/div>\n<\/div>\n<\/div>\n<\/div>\n<p>\u00a0<\/p>\n<h3>Rio das Ostras, Rio de Janeiro<\/h3>\n<p><img decoding=\"async\" class=\"alignnone size-full wp-image-5203\" src=\"https:\/\/11ponto11servidor.com.br\/wp-content\/uploads\/sites\/2\/2018\/02\/riodasostras.png\" alt=\"Tiradentes\" width=\"650\" height=\"380\" \/><\/p>\n<p>Quem procura tranquilidade no feriado de <em>Tiradentes<\/em>, ter\u00e1 em Rio das Ostras uma bela op\u00e7\u00e3o no litoral norte do Rio de Janeiro, entre B\u00fazios e Maca\u00e9.<\/p>\n<p>O principal destaque, claro, s\u00e3o as belas praias: das pacatas Tartaruga e Joana, ideais para curtir com as crian\u00e7as, at\u00e9 a badalada Costazul, point dos windsurfistas e que ganha agito extra ao cair da noite, com seus quiosques e barzinhos.<\/p>\n<p>Vale explorar o centro da cidade tamb\u00e9m, incluindo passar algumas horas sob a sombra da figueira centen\u00e1ria onde repousaram nomes como Dom Pedro II e Get\u00falio Vargas; ou fazer uma foto \u00e0 beira da Lagoa do Iriri \u2013 mais conhecida como \u201cLagoa da Coca-Cola\u201d, por sua cor escura.<\/p>\n<div class=\"vc_row wpb_row vc_row-fluid\">\n<div class=\"wpb_column vc_column_container vc_col-sm-12\">\n<div class=\"vc_column-inner \">\n<div class=\"wpb_wrapper\">\n<div class=\" ubtn-ctn-left \"><a class=\"ubtn-link ult-adjust-bottom-margin ubtn-left ubtn-normal \"><button type=\"button\" id=\"ubtn-3582\" class=\"ubtn ult-adjust-bottom-margin ult-responsive ubtn-normal ubtn-no-hover-bg  ulta-grow  ubtn-sep-icon ubtn-sep-icon-bottom-push  ubtn-shd  ubtn-left  shd-bottom tooltip-5a8b707c534d8\" style=\"font-weight:bold;border:none;background: #009fef;color: #ffffff\"><span class=\"ubtn-data ubtn-icon\"><i class=\"Defaults-plane\" style=\"font-size:26px;color:#ffffff\"><\/i><\/span><span class=\"ubtn-hover\" style=\"background-color:\"><\/span><span class=\"ubtn-data ubtn-text \">Pacotes, passagens e hot\u00e9is para o Rio<\/span><\/button><\/a><\/div>\n<\/div>\n<\/div>\n<\/div>\n<\/div>\n<p>\u00a0<\/p>\n<h3>Parque Nacional do Catimbau, Pernambuco<\/h3>\n<p><img decoding=\"async\" class=\"alignnone size-full wp-image-5204\" src=\"https:\/\/11ponto11servidor.com.br\/wp-content\/uploads\/sites\/2\/2018\/02\/catimbu_blog.png\" alt=\"Turismo\" width=\"650\" height=\"380\" \/><\/p>\n<p>Entre o agreste e o sert\u00e3o pernambucano, est\u00e1 o segundo maior parque arqueol\u00f3gico do Brasil. O Parque Nacional do Catimbau foi criado em 2002 e abrange os munic\u00edpios de Bu\u00edque, Ibimirim, Sert\u00e2nia e Tupanatinga.<\/p>\n<p>Al\u00e9m da fascinante paisagem, formada por montanhas, encostas, vales abertos e rochas de arenito colorido, o local \u00e9 de \u00e1rea de extrema import\u00e2ncia biol\u00f3gica, com registros de pinturas rupestres e artefatos da ocupa\u00e7\u00e3o pr\u00e9-hist\u00f3rica.<\/p>\n<p>Os exploradores de plant\u00e3o v\u00e3o adorar descobrir as quase duas mil cavernas e nada menos 30 s\u00edtios arqueol\u00f3gicos da regi\u00e3o. Definitivamente, um local para se inspirar, aprender e refletir.<\/p>\n<div class=\"vc_row wpb_row vc_row-fluid\">\n<div class=\"wpb_column vc_column_container vc_col-sm-12\">\n<div class=\"vc_column-inner \">\n<div class=\"wpb_wrapper\">\n<div class=\" ubtn-ctn-left \"><a class=\"ubtn-link ult-adjust-bottom-margin ubtn-left ubtn-normal \"><button type=\"button\" id=\"ubtn-9516\" class=\"ubtn ult-adjust-bottom-margin ult-responsive ubtn-normal ubtn-no-hover-bg  ulta-grow  ubtn-sep-icon ubtn-sep-icon-bottom-push  ubtn-shd  ubtn-left  shd-bottom tooltip-5a8b707c53d96\" style=\"font-weight:bold;border:none;background: #009fef;color: #ffffff\"><span class=\"ubtn-data ubtn-icon\"><i class=\"Defaults-plane\" style=\"font-size:26px;color:#ffffff\"><\/i><\/span><span class=\"ubtn-hover\" style=\"background-color:\"><\/span><span class=\"ubtn-data ubtn-text \">Pacotes, passagens e hot\u00e9is para Recife<\/span><\/button><\/a><\/div>\n<\/div>\n<\/div>\n<\/div>\n<\/div>\n<p>\u00a0<\/p>\n<h3>El Calafate, Argentina<\/h3>\n<p><img decoding=\"async\" class=\"alignnone size-full wp-image-5205\" src=\"https:\/\/11ponto11servidor.com.br\/wp-content\/uploads\/sites\/2\/2018\/02\/calafaet_arg.png\" alt=\"Tiradentes\" width=\"650\" height=\"380\" \/><\/p>\n<p>Quem quer dar uma tr\u00e9gua no calor, a dica \u00e9 rumar ao extremo sul argentino e descobrir uma paisagem natural verdadeira \u00fanica. El Calafate, um simp\u00e1tico vilarejo localizado na prov\u00edncia de Santa Cruz, vem ganhando popularidade entre os turistas, principalmente por ser ponto de partida para visitar o Parque Nacional Los Glaciares.<\/p>\n<p>No parque, est\u00e1 o glaciar Perito Moreno. \u00c9 maior geleira em extens\u00e3o horizontal do mundo, e declarado Patrim\u00f4nio Natural da Humanidade pela UNESCO. Como se n\u00e3o bastasse, a cidade tamb\u00e9m \u00e9 base para explorar outros fant\u00e1sticos destinos na regi\u00e3o, como as Torres del Paine, no Chile, e El Chalt\u00e9n, cujos montes Fitzroy e Torre atraem alpinistas do mundo todo.<\/p>\n<div class=\"vc_row wpb_row vc_row-fluid\">\n<div class=\"wpb_column vc_column_container vc_col-sm-12\">\n<div class=\"vc_column-inner \">\n<div class=\"wpb_wrapper\">\n<div class=\" ubtn-ctn-left \"><a class=\"ubtn-link ult-adjust-bottom-margin ubtn-left ubtn-normal \"><button type=\"button\" id=\"ubtn-6716\" class=\"ubtn ult-adjust-bottom-margin ult-responsive ubtn-normal ubtn-no-hover-bg  ulta-grow  ubtn-sep-icon ubtn-sep-icon-bottom-push  ubtn-shd  ubtn-left  shd-bottom tooltip-5a8b707c54608\" style=\"font-weight:bold;border:none;background: #009fef;color: #ffffff\"><span class=\"ubtn-data ubtn-icon\"><i class=\"Defaults-plane\" style=\"font-size:26px;color:#ffffff\"><\/i><\/span><span class=\"ubtn-hover\" style=\"background-color:\"><\/span><span class=\"ubtn-data ubtn-text \">Pacotes, passagens e hot\u00e9is para Argentina<\/span><\/button><\/a><\/div>\n<\/div>\n<\/div>\n<\/div>\n<\/div>\n<p>\u00a0<\/p>\n<h3>Casapueblo, Uruguai<\/h3>\n<p><img decoding=\"async\" class=\"alignnone size-full wp-image-5206\" src=\"https:\/\/11ponto11servidor.com.br\/wp-content\/uploads\/sites\/2\/2018\/02\/casapueblo.png\" alt=\"Tiradentes\" width=\"650\" height=\"380\" \/><\/p>\n<p>Que tal visitar uma cidade-escultura no extremo sul do planeta? Localizada em Punta Ballena (a meros 20 minutos de Punta del Este), a Casapueblo \u00e9 a antiga casa de ver\u00e3o do artista pl\u00e1stico e arquiteto uruguaio Carlos P\u00e1ez Vilar\u00f3. O mesmo a transformou num misto de museu, galeria de arte e hotel. Impressiona pelas belas formas inspiradas nas casas de Santorini, na Gr\u00e9cia.<\/p>\n<p>Ningu\u00e9m vai reclamar de subir enormes de escadas sem corrim\u00e3o at\u00e9 chegar ao Club Hotel Casapueblo e seu restaurante Las Terrazas, que conta com saboroso card\u00e1pio internacional e lindas vistas panor\u00e2micas da regi\u00e3o.<\/p>\n<p>E quem se hospeda no hotel, ter\u00e1 mimos garantidos durante a estadia. Como spa com piscina aquecida, hidromassagem, sauna, hipismo, golfe, t\u00eanis, jet ski e tantos mais\u2026<\/p>\n<div class=\"vc_row wpb_row vc_row-fluid\">\n<div class=\"wpb_column vc_column_container vc_col-sm-12\">\n<div class=\"vc_column-inner \">\n<div class=\"wpb_wrapper\">\n<div class=\" ubtn-ctn-left \"><a class=\"ubtn-link ult-adjust-bottom-margin ubtn-left ubtn-normal \"><button type=\"button\" id=\"ubtn-6692\" class=\"ubtn ult-adjust-bottom-margin ult-responsive ubtn-normal ubtn-no-hover-bg  ulta-grow  ubtn-sep-icon ubtn-sep-icon-bottom-push  ubtn-shd  ubtn-left  shd-bottom tooltip-5a8b707c55007\" style=\"font-weight:bold;border:none;background: #009fef;color: #ffffff\"><span class=\"ubtn-data ubtn-icon\"><i class=\"Defaults-plane\" style=\"font-size:26px;color:#ffffff\"><\/i><\/span><span class=\"ubtn-hover\" style=\"background-color:\"><\/span><span class=\"ubtn-data ubtn-text \">Pacotes, passagens e hot\u00e9is para o Uruguai<\/span><\/button><\/a><\/div>\n<\/div>\n<\/div>\n<\/div>\n<\/div>\n<p>Agora \u00e9 s\u00f3 escolher seu destino e viajar! Aproveite cada segundo! Divirta-se!<\/p>\n<p>Agradecemos pelo acesso ao nosso <a href=\"https:\/\/blogdosrsiape.com\/category\/turismo-viagens\/\">Blog<\/a> e desejamos um excelente final de semana \u00e0 todos! Bom carnaval!!!<\/p>\n<p>E claro, boa viagem! <img decoding=\"async\" src=\"https:\/\/s.w.org\/images\/core\/emoji\/2.4\/72x72\/1f642.png\" alt=\"\ud83d\ude42\" class=\"wp-smiley\" style=\"height: 1em;max-height: 1em\" \/><\/p>\n<p>Fonte: Momondo<\/p>\n<div class=\"ttr_end\"><\/div>\n<p>O post <a rel=\"nofollow\" href=\"https:\/\/blogdosrsiape.com\/turismo-viagens\/viagem-turismo-feriado-tiradentes\/\">9 destinos alternativos para curtir o feriado de Tiradentes 2018<\/a> apareceu primeiro em <a rel=\"nofollow\" href=\"https:\/\/blogdosrsiape.com\">Blog do sr. SIAPE<\/a>.<\/p>\n","protected":false},"excerpt":{"rendered":"<p>Hora de escolher para onde viajar no feriado de Tiradentes 2018! Pensando nisso, listamos 9 lugares alternativos no Brasil e na Am\u00e9rica do Sul para aproveitar o feriado de abril. Um mais lindo e interessante que o outro! N\u00e3o v\u00ea a hora de chegar um novo feriad\u00e3o para cair na estrada? Voc\u00ea n\u00e3o est\u00e1 sozinho!&#8230;<\/p>\n","protected":false},"author":4,"featured_media":0,"comment_status":"open","ping_status":"open","sticky":false,"template":"","format":"standard","meta":{"footnotes":""},"categories":[1],"tags":[],"class_list":["post-3348","post","type-post","status-publish","format-standard","hentry","category-geral"],"_links":{"self":[{"href":"https:\/\/11ponto11servidor.com.br\/inst\/wp-json\/wp\/v2\/posts\/3348"}],"collection":[{"href":"https:\/\/11ponto11servidor.com.br\/inst\/wp-json\/wp\/v2\/posts"}],"about":[{"href":"https:\/\/11ponto11servidor.com.br\/inst\/wp-json\/wp\/v2\/types\/post"}],"author":[{"embeddable":true,"href":"https:\/\/11ponto11servidor.com.br\/inst\/wp-json\/wp\/v2\/users\/4"}],"replies":[{"embeddable":true,"href":"https:\/\/11ponto11servidor.com.br\/inst\/wp-json\/wp\/v2\/comments?post=3348"}],"version-history":[{"count":0,"href":"https:\/\/11ponto11servidor.com.br\/inst\/wp-json\/wp\/v2\/posts\/3348\/revisions"}],"wp:attachment":[{"href":"https:\/\/11ponto11servidor.com.br\/inst\/wp-json\/wp\/v2\/media?parent=3348"}],"wp:term":[{"taxonomy":"category","embeddable":true,"href":"https:\/\/11ponto11servidor.com.br\/inst\/wp-json\/wp\/v2\/categories?post=3348"},{"taxonomy":"post_tag","embeddable":true,"href":"https:\/\/11ponto11servidor.com.br\/inst\/wp-json\/wp\/v2\/tags?post=3348"}],"curies":[{"name":"wp","href":"https:\/\/api.w.org\/{rel}","templated":true}]}}