{"id":3512,"date":"2018-02-25T05:00:00","date_gmt":"2018-02-25T08:00:00","guid":{"rendered":"https:\/\/11ponto11servidor.com.br\/inst\/predio-do-banespa-reabre-mirante-e-10-andares-em-sao-paulo\/"},"modified":"2018-03-05T07:45:10","modified_gmt":"2018-03-05T10:45:10","slug":"predio-do-banespa-reabre-mirante-e-10-andares-em-sao-paulo","status":"publish","type":"post","link":"https:\/\/11ponto11servidor.com.br\/inst\/predio-do-banespa-reabre-mirante-e-10-andares-em-sao-paulo\/","title":{"rendered":"Pr\u00e9dio do Banespa reabre mirante e 10 andares em S\u00e3o Paulo"},"content":{"rendered":"<div class=\"ttr_start\"><\/div>\n<p>Junto com o mirante, que j\u00e1 era aberto ao p\u00fablico, o novo centro cultural do pr\u00e9dio paulistano traz:<\/p>\n<ul>\n<li>Exposi\u00e7\u00f5es<\/li>\n<li>Caf\u00e9<\/li>\n<li>Pista de skate<\/li>\n<li>Loft para passar a noite.<\/li>\n<\/ul>\n<p>Ap\u00f3s ficar 2 anos fechado, o pr\u00e9dio do Banespa, no centro de S\u00e3o Paulo, reabriu para o p\u00fablico no dia 26 de janeiro. Agora, rebatizado de Farol Santander. Reformado, o edif\u00edcio torna-se um espa\u00e7o de cultura e lazer e abre 11 andares para visita\u00e7\u00e3o. Incluindo o mirante, antes o \u00fanico lugar que permitia acesso do p\u00fablico.<\/p>\n<h3>Setores<\/h3>\n<p>No novo projeto, o edif\u00edcio se divide em 3 setores: Mem\u00f3ria, Experi\u00eancias e Exposi\u00e7\u00f5es. Do primeiro, fazem parte o Hall do T\u00e9rreo, com um lustre de 13 metros de altura e a Vista 360\u00b0, uma exposi\u00e7\u00e3o permanente assinada por Vik Muniz, que retrata os arredores do edif\u00edcio em sete pain\u00e9is feitos com sucata.<\/p>\n<p>Tamb\u00e9m integram o setor o Espa\u00e7o Mem\u00f3ria, em que os visitantes poder\u00e3o ver um v\u00eddeo sobre a hist\u00f3ria do pr\u00e9dio (no 2\u00b0 andar), conhecer uma ag\u00eancia banc\u00e1ria dos anos 1940 e 1950 (no 3\u00b0 andar) e passear por uma r\u00e9plica da sala da presid\u00eancia, com retratos dos presidentes ao longo dos anos (no 5\u00b0 andar) e o mirante. No 26\u00b0 andar, o mirante foi todo restaurado e ganhou placas de vidro protetoras e uma unidade do Suplicy Caf\u00e9s Especiais, que servir\u00e1 almo\u00e7os, jantares e, aos fins de semana, brunches.<\/p>\n<h3><a href=\"http:\/\/www.suaviagemnoclick.com.br\">Ainda mais\u2026<\/a><\/h3>\n<p>O edif\u00edcio tamb\u00e9m traz uma pista de skate no 21\u00b0 andar. Idealizada pelo skatista Bob Burnquist, pode ser alugada por 50 reais a hora. H\u00e1 tamb\u00e9m uma arena de debates no 8\u00b0 andar. Comporta at\u00e9 100 pessoas e receber\u00e1, todos os s\u00e1bados, palestras sobre empreendedorismo e cidades.<\/p>\n<p>Por fim, os andares 22 e 23 ser\u00e3o dedicados a exposi\u00e7\u00f5es tempor\u00e1rias. At\u00e9 4 de maio, eles trar\u00e3o instala\u00e7\u00f5es do coletivo russo Tundra e da artista Laura Vinci.<\/p>\n<h3><a href=\"http:\/\/www.suaviagemnoclick.com.br\">Localiza\u00e7\u00e3o<\/a><\/h3>\n<p>O Farol Santander fica na Rua Jo\u00e3o Br\u00edcola, 24. Pode ser visitado de ter\u00e7a a domingo, das 9h \u00e0s 19h. Os ingressos, que s\u00e3o vendidos no local e pelo site, custam de 15 a 20 reais.<\/p>\n<div class=\"vc_row wpb_row vc_row-fluid\">\n<div class=\"wpb_column vc_column_container vc_col-sm-12\">\n<div class=\"vc_column-inner \">\n<div class=\"wpb_wrapper\">\n<div id=\"ultib3-3012774245a9d1fb5945a4\" class=\" ultb3-box ult-adjust-bottom-margin  ultb3-hover-5\"><img decoding=\"async\" src=\"https:\/\/11ponto11servidor.com.br\/wp-content\/uploads\/sites\/2\/2018\/02\/bannerdesp.png\" class=\"ultb3-img ultb3-img-top-left\" alt=\"null\" \/><\/p>\n<div id=\"Info-banner-wrap8139\" class=\"ultb3-info ib3-info-left\">\n<div class=\"ultb3-title ult-responsive\" style=\"font-weight:bold;color:#ffffff\">Venha conhecer S\u00e3o Paulo&#8230;<\/div>\n<div class=\"ultb3-desc ult-responsive\" style=\"font-weight:normal;color:#ffffff\">uma das maiores metr\u00f3poles do mundo!<\/div>\n<p><a href=\"http:\/\/www.suaviagemnoclick.com.br\" class=\"ultb3-btn ult-responsive\" style=\"font-weight:bold\">Clique aqui<i class=\"Defaults-angle-right\"><\/i><\/a><\/div>\n<\/div>\n<p>\t\t\t\t\t#ultib3-3012774245a9d1fb5945a4 {<br \/>\n\t\t\t\t\t\tmin-height:50px;<br \/>\n\t\t\t\t\t}<br \/>\n\t\t\t\t\t#ultib3-3012774245a9d1fb5945a4 img.ultb3-img {<br \/>\n\t\t\t\t\t\theight: px;<br \/>\n\t\t\t\t\t}<br \/>\n\t\t\t\t\t#ultib3-3012774245a9d1fb5945a4 .ultb3-btn {<br \/>\n\t\t\t\t\t\tborder:0px solid #840000;border-radius:46px;color:#ffffff;<br \/>\n\t\t\t\t\t}<br \/>\n\t\t\t\t\t#ultib3-3012774245a9d1fb5945a4 .ultb3-btn:hover {<br \/>\n\t\t\t\t\t\tbackground:#840000;color:#ffffff;<br \/>\n\t\t\t\t\t}\n\t\t\t\t<\/p><\/div>\n<\/div>\n<\/div>\n<\/div>\n<h3>O pr\u00e9dio hist\u00f3rico<\/h3>\n<p>Inaugurado em 1947 para abrigar a sede do Banco do Estado de S\u00e3o Paulo (Banespa), o edif\u00edcio Altino Arantes, assim chamado em homenagem ao primeiro presidente do banco, tem 35 andares e 161 metros de altura. Com arquitetura inspirada pela art dec\u00f3 do Empire State Building, o pr\u00e9dio foi, at\u00e9 1960, o mais alto da cidade de S\u00e3o Paulo.<\/p>\n<p>Em 2000, o banco Santander adquiriu o Banespa, mantendo a visita ao mirante at\u00e9 2015, quando o pr\u00e9dio foi fechado para reforma. Em 2014, o edif\u00edcio foi tombado pelo Conselho de Defesa do Patrim\u00f4nio Hist\u00f3rico, Arqueol\u00f3gico, Art\u00edstico e Tur\u00edstico do Estado de S\u00e3o Paulo (Condephaat).<\/p>\n<p>Visite S\u00e3o Paulo! Viaje!<\/p>\n<p>Obrigado por acessar nosso <a href=\"https:\/\/blogdosrsiape.com\/category\/turismo-viagens\/\">Blog<\/a>, desejamos um excelente s\u00e1bado \u00e0 todos!<\/p>\n<p><em>Fonte: Viagem e Turismo Abril<\/em><\/p>\n<div class=\"ttr_end\"><\/div>\n<p>O post <a rel=\"nofollow\" href=\"https:\/\/blogdosrsiape.com\/turismo-viagens\/viagem-predio-banespa-sao-paulo-mirante\/\">Pr\u00e9dio do Banespa reabre mirante e 10 andares em S\u00e3o Paulo<\/a> apareceu primeiro em <a rel=\"nofollow\" href=\"https:\/\/blogdosrsiape.com\">Blog do sr. SIAPE<\/a>.<\/p>\n","protected":false},"excerpt":{"rendered":"<p>Junto com o mirante, que j\u00e1 era aberto ao p\u00fablico, o novo centro cultural do pr\u00e9dio paulistano traz: Exposi\u00e7\u00f5es Caf\u00e9 Pista de skate Loft para passar a noite. Ap\u00f3s ficar 2 anos fechado, o pr\u00e9dio do Banespa, no centro de S\u00e3o Paulo, reabriu para o p\u00fablico no dia 26 de janeiro. Agora, rebatizado de Farol&#8230;<\/p>\n","protected":false},"author":4,"featured_media":0,"comment_status":"open","ping_status":"open","sticky":false,"template":"","format":"standard","meta":{"footnotes":""},"categories":[1],"tags":[],"class_list":["post-3512","post","type-post","status-publish","format-standard","hentry","category-geral"],"_links":{"self":[{"href":"https:\/\/11ponto11servidor.com.br\/inst\/wp-json\/wp\/v2\/posts\/3512"}],"collection":[{"href":"https:\/\/11ponto11servidor.com.br\/inst\/wp-json\/wp\/v2\/posts"}],"about":[{"href":"https:\/\/11ponto11servidor.com.br\/inst\/wp-json\/wp\/v2\/types\/post"}],"author":[{"embeddable":true,"href":"https:\/\/11ponto11servidor.com.br\/inst\/wp-json\/wp\/v2\/users\/4"}],"replies":[{"embeddable":true,"href":"https:\/\/11ponto11servidor.com.br\/inst\/wp-json\/wp\/v2\/comments?post=3512"}],"version-history":[{"count":0,"href":"https:\/\/11ponto11servidor.com.br\/inst\/wp-json\/wp\/v2\/posts\/3512\/revisions"}],"wp:attachment":[{"href":"https:\/\/11ponto11servidor.com.br\/inst\/wp-json\/wp\/v2\/media?parent=3512"}],"wp:term":[{"taxonomy":"category","embeddable":true,"href":"https:\/\/11ponto11servidor.com.br\/inst\/wp-json\/wp\/v2\/categories?post=3512"},{"taxonomy":"post_tag","embeddable":true,"href":"https:\/\/11ponto11servidor.com.br\/inst\/wp-json\/wp\/v2\/tags?post=3512"}],"curies":[{"name":"wp","href":"https:\/\/api.w.org\/{rel}","templated":true}]}}