{"id":3516,"date":"2019-05-23T16:05:40","date_gmt":"2019-05-23T19:05:40","guid":{"rendered":"https:\/\/11ponto11servidor.com.br\/seguro\/?p=3516"},"modified":"2020-03-06T09:04:14","modified_gmt":"2020-03-06T12:04:14","slug":"seguro-doenca-e-acidentes-podem-ser-por-conta-do-trabalhador-com-a-nova-previdencia","status":"publish","type":"post","link":"https:\/\/11ponto11servidor.com.br\/seguro\/seguro\/seguro-doenca-e-acidentes-podem-ser-por-conta-do-trabalhador-com-a-nova-previdencia\/","title":{"rendered":"Seguro doen\u00e7a e acidentes podem ser por conta do trabalhador com a nova previd\u00eancia"},"content":{"rendered":"<section class=\"l-section wpb_row height_large\"><div class=\"l-section-h i-cf\"><div class=\"g-cols vc_row type_default valign_top\"><div class=\"vc_col-sm-12 wpb_column vc_column_container\"><div class=\"vc_column-inner\"><div class=\"wpb_wrapper\"><div class=\"wpb_text_column\" ><div class=\"wpb_wrapper\"><div id=\"destaque\" class=\"img-destaque banner-textos\">Publicidade<a href=\"https:\/\/seuseguronoclick.com.br\/#destaque_materia_seguros\" target=\"_blank\" rel=\"noopener noreferrer\"><img decoding=\"async\" class=\"size-full wp-image-3433\" style=\"max-width: 900px;\" src=\"https:\/\/blogdosrsiape.com\/wp-content\/uploads\/2018\/11\/seguro-inst.gif\" alt=\"Seguro SIAPE | SIGAC\" width=\"100%\" \/><\/a><\/div>\n<\/div><\/div><\/div><\/div><\/div><\/div><\/div><\/section><section class=\"l-section wpb_row height_large\"><div class=\"l-section-h i-cf\"><div class=\"g-cols vc_row type_default valign_top\"><div class=\"vc_col-sm-12 wpb_column vc_column_container\"><div class=\"vc_column-inner\"><div class=\"wpb_wrapper\"><div class=\"wpb_text_column\" ><div class=\"wpb_wrapper\"><div class=\"itemIntroText\">\n<h2>[sem_destaque]-200[\/sem_destaque]<\/h2>\n<p>O trabalhador que se afasta do emprego por doen\u00e7a ou acidente recebe hoje um aux\u00edlio do INSS (Instituto Nacional do Seguro Social). Com a reforma da Previd\u00eancia e a futura instala\u00e7\u00e3o de um regime de capitaliza\u00e7\u00e3o, as pessoas podem ter de contratar um seguro particular para ganhar esse benef\u00edcio. Na avalia\u00e7\u00e3o de especialistas consultados pelo UOL, a reforma proposta pelo governo Bolsonaro abre a possibilidade de que esse tipo de cobertura seja oferecido, de maneira individual, pelo mercado de seguros privados, diminuindo a atual cobertura do Estado.<\/p>\n<p>O artigo 10 da PEC da Previd\u00eancia estabelece que &#8220;a lei complementar poder\u00e1 disciplinar a cobertura de benef\u00edcios de riscos n\u00e3o programados, inclusive os de acidente do trabalho, a ser atendida concorrentemente pelo regime geral de previd\u00eancia social e pelo setor privado&#8221;.<\/p>\n<p><strong>Servi\u00e7o de empresas privadas e setor p\u00fablico<\/strong><\/p>\n<p>O texto demonstra que, com a capitaliza\u00e7\u00e3o, na qual cada segurado do INSS ser\u00e1 respons\u00e1vel pela pr\u00f3pria poupan\u00e7a destinada \u00e0 aposentadoria, a cobertura de benef\u00edcios previdenci\u00e1rios poder\u00e1 ser feita por empresas privadas em parceria com o setor p\u00fablico, mas de forma individual, de acordo com especialistas.<\/p>\n<p>&#8220;Essa \u00e9 uma mudan\u00e7a de conceito. H\u00e1 de se notar que a proposta n\u00e3o afasta o regime para acidentes. A estrutura tradicional do INSS ser\u00e1 mantida. O que a reforma permite \u00e9 a exist\u00eancia de um sistema concorrente a ser feito pelo setor privado&#8221;, afirmou Carlos Eduardo Ambiel, professor de direito da Faap (Funda\u00e7\u00e3o Armando Alvares Penteado). O papel do Estado dever\u00e1 diminuir, portanto, deixando para o mercado privado a maior parte da cobertura contra qualquer tipo de benef\u00edcios de risco n\u00e3o programados.<\/p>\n<p><strong>Estado n\u00e3o vai mais atender a todas as demandas.<\/strong><\/p>\n<p>Para Gilvan C\u00e2ndido, coordenador do MBA de previd\u00eancia complementar da FGV (Funda\u00e7\u00e3o Getulio Vargas), a proposta reflete uma mudan\u00e7a no papel do Estado como provedor dos direitos individuais relacionados ao trabalho.<\/p>\n<p>&#8220;A gente precisa come\u00e7ar a desenvolver uma cultura previdenci\u00e1ria de que o Estado n\u00e3o vai dar mais suportes \u00e0s demandas&#8221;, disse. Segundo ele, a altera\u00e7\u00e3o dos benef\u00edcios da Previd\u00eancia para o mercado privado trar\u00e1 ru\u00eddos tempor\u00e1rios aos trabalhadores.<\/p>\n<p>&#8220;As pessoas devem colocar na cabe\u00e7a que elas precisam contratar seguros. Obviamente h\u00e1 custo, uma parte [dos trabalhadores] n\u00e3o vai fazer o seguro, mas com o desenvolvimento da educa\u00e7\u00e3o previdenci\u00e1ria, as pessoas v\u00e3o come\u00e7ar a entender a necessidade&#8221;, declarou.<\/p>\n<\/div>\n<\/div><\/div><div class=\" ubtn-ctn-center \"><a class=\"ubtn-link ult-adjust-bottom-margin ubtn-center ubtn-normal \" href=\"https:\/\/seuseguronoclick.com.br\/seguro\/cotacao-auto\/\" ><button type=\"button\" id=\"ubtn-6896\"  class=\"ubtn ult-adjust-bottom-margin ult-responsive ubtn-normal ubtn-no-hover-bg  none  ubtn-center   tooltip-69f4fecf2a234\"  data-hover=\"\" data-border-color=\"\" data-bg=\"#1e73be\" data-hover-bg=\"\" data-border-hover=\"\" data-shadow-hover=\"\" data-shadow-click=\"none\" data-shadow=\"\" data-shd-shadow=\"\"  data-ultimate-target='#ubtn-6896'  data-responsive-json-new='{\"font-size\":\"desktop:20px;\",\"line-height\":\"desktop:20px;\"}'  style=\"font-weight:normal;border:none;background: #1e73be;color: #ffffff;\"><span class=\"ubtn-hover\" style=\"background-color:\"><\/span><span class=\"ubtn-data ubtn-text \" >Cotar Agora!<\/span><\/button><\/a><\/div><div class=\"wpb_text_column\" ><div class=\"wpb_wrapper\"><div id=\"destaque\" class=\"img-destaque banner-textos\">Publicidade<a href=\"https:\/\/11ponto11servidor.com.br\/seguro\/cotacao-auto\/\"><img decoding=\"async\" class=\"alignnone size-full wp-image-3417\" src=\"https:\/\/11ponto11servidor.com.br\/seguro\/wp-content\/uploads\/sites\/4\/2019\/03\/Banner-seguro2.png\" alt=\"\" width=\"900\" height=\"100\" srcset=\"https:\/\/11ponto11servidor.com.br\/seguro\/wp-content\/uploads\/sites\/4\/2019\/03\/Banner-seguro2.png 900w, https:\/\/11ponto11servidor.com.br\/seguro\/wp-content\/uploads\/sites\/4\/2019\/03\/Banner-seguro2-300x33.png 300w, https:\/\/11ponto11servidor.com.br\/seguro\/wp-content\/uploads\/sites\/4\/2019\/03\/Banner-seguro2-768x85.png 768w\" sizes=\"(max-width: 900px) 100vw, 900px\" \/><\/a><\/div>\n<\/div><\/div><div class=\" ubtn-ctn-center \"><a class=\"ubtn-link ult-adjust-bottom-margin ubtn-center ubtn-normal \" href=\"https:\/\/seuseguronoclick.com.br\/seguro\/cotacao-auto\/\" ><button type=\"button\" id=\"ubtn-2314\"  class=\"ubtn ult-adjust-bottom-margin ult-responsive ubtn-normal ubtn-no-hover-bg  none  ubtn-center   tooltip-69f4fecf2a4c1\"  data-hover=\"\" data-border-color=\"\" data-bg=\"#1e73be\" data-hover-bg=\"\" data-border-hover=\"\" data-shadow-hover=\"\" data-shadow-click=\"none\" data-shadow=\"\" data-shd-shadow=\"\"  data-ultimate-target='#ubtn-2314'  data-responsive-json-new='{\"font-size\":\"desktop:20px;\",\"line-height\":\"desktop:20px;\"}'  style=\"font-weight:normal;border:none;background: #1e73be;color: #ffffff;\"><span class=\"ubtn-hover\" style=\"background-color:\"><\/span><span class=\"ubtn-data ubtn-text \" >Cotar Agora!<\/span><\/button><\/a><\/div><div class=\"wpb_text_column\" ><div class=\"wpb_wrapper\"><p><strong>Estagi\u00e1rios e atletas j\u00e1 t\u00eam seguro privado<\/strong><\/p>\n<p>Para Ambiel, a proposta em si n\u00e3o \u00e9 nova. O que \u00e9 novidade \u00e9 a abrang\u00eancia das classes de trabalhadores. &#8220;J\u00e1 h\u00e1 uma lei de seguros que prev\u00ea isso. No caso do estagi\u00e1rio, al\u00e9m das formas tradicionais do conv\u00eanio com faculdade, voc\u00ea tem que ter um seguro de vida privado para ele. O estagi\u00e1rio n\u00e3o \u00e9 segurado do INSS. Para atleta profissional, h\u00e1 uma regra da Lei Pel\u00e9 que obriga o clube empregador a fazer um seguro em caso de acidente incapacitante ou morte&#8221;, afirmou.<br \/>\nO governo Bolsonaro nega, contudo, que a inten\u00e7\u00e3o da proposta seja retirar totalmente a cobertura de risco das m\u00e3os do Estado por completo. Ao UOL, a Secretaria Especial de Previd\u00eancia e Trabalho afirmou, em nota, que a PEC &#8220;apenas amplia o alcance [da cobertura de acidentes de trabalho pelo mercado privado], estabelecendo lei complementar que poder\u00e1 disciplinar a cobertura de benef\u00edcios de riscos n\u00e3o programados (entre os quais benef\u00edcios acident\u00e1rios)&#8221;.<\/p>\n<p><strong>Como funciona?<\/strong><\/p>\n<p>Atualmente, o trabalhador disp\u00f5e do SAT (Seguro Acidente do Trabalho), uma contribui\u00e7\u00e3o obrigat\u00f3ria das empresas, destinada ao financiamento dos benef\u00edcios acident\u00e1rios e da aposentadoria especial, tendo como base de c\u00e1lculo a remunera\u00e7\u00e3o ou o faturamento, a depender do regime de tributa\u00e7\u00e3o da empresa.<br \/>\nTodo empregado registrado nos moldes da CLT (Consolida\u00e7\u00e3o das Leis do Trabalho) est\u00e1 coberto pelo SAT. Em 2018, os gastos com benef\u00edcios acident\u00e1rios foram de R$ 11 bilh\u00f5es, segundo dados da Secretaria Especial da Previd\u00eancia e Trabalho.<\/p>\n<p>&#8220;Atualmente, o regime de prote\u00e7\u00e3o \u00e9 baseado na ideia de risco social. Quem responde pelos custos de um acidente \u00e9 a sociedade. Por isso existe o INSS. Todo mundo que \u00e9 benefici\u00e1rio, governo, empregado e empregador contribui para formar um fundo para que o INSS tenha fundos para o pagamento de benef\u00edcios de doen\u00e7a profissional, eventuais sequelas, e, eventualmente, pens\u00e3o por morte ou invalidez permanente&#8221;, afirmou Ambiel.<\/p>\n<p>Fonte: <a href=\"https:\/\/www.uol.com.br\/\">UOL<\/a><\/p>\n<\/div><\/div><\/div><\/div><\/div><\/div><\/div><\/section><section class=\"l-section wpb_row height_large\"><div class=\"l-section-h i-cf\"><div class=\"g-cols vc_row type_default valign_top\"><div class=\"vc_col-sm-12 wpb_column vc_column_container\"><div class=\"vc_column-inner\"><div class=\"wpb_wrapper\"><\/div><\/div><\/div><\/div><\/div><\/section><section class=\"l-section wpb_row height_large\"><div class=\"l-section-h i-cf\"><div class=\"g-cols vc_row type_default valign_top\"><div class=\"vc_col-sm-12 wpb_column vc_column_container\"><div class=\"vc_column-inner\"><div class=\"wpb_wrapper\"><div class=\"g-cols wpb_row  us_custom_ad3af6df type_default valign_top vc_inner\"><div class=\"vc_col-sm-2 wpb_column vc_column_container\"><div class=\"vc_column-inner us_custom_477ec717\"><div class=\"wpb_wrapper\">[vc_single_image source=&#8221;external_link&#8221; alignment=&#8221;center&#8221; css_animation=&#8221;bounceIn&#8221; custom_src=&#8221;https:\/\/blogdosrsiape.com\/wp-content\/themes\/blogsiape\/img\/icon_notifications.jpg&#8221;]<\/div><\/div><\/div><div class=\"vc_col-sm-10 wpb_column vc_column_container\"><div class=\"vc_column-inner us_custom_477ec717\"><div class=\"wpb_wrapper\"><div class=\"wpb_text_column us_custom_31780e0c cor_preta\" ><div class=\"wpb_wrapper\"><h2 class=\"cor_preta\" align=\"left\">Receba as not\u00edcias antes dos demais Assinantes!<\/h2>\n<p class=\"cor_preta\" align=\"left\">Clique para ativar as notifica\u00e7\u00f5es e receba antes de serem publicadas<\/p>\n<\/div><\/div><\/div><\/div><\/div><\/div><\/div><\/div><\/div><\/div><\/div><\/section>\n","protected":false},"excerpt":{"rendered":"Publicidade [sem_destaque]-200[\/sem_destaque] O trabalhador que se afasta do emprego por doen\u00e7a ou acidente recebe hoje um aux\u00edlio do INSS (Instituto Nacional do Seguro Social). Com a reforma da Previd\u00eancia e a futura instala\u00e7\u00e3o de um regime de capitaliza\u00e7\u00e3o, as pessoas podem ter de contratar um seguro particular para ganhar esse benef\u00edcio. Na avalia\u00e7\u00e3o de especialistas...","protected":false},"author":1,"featured_media":3521,"comment_status":"open","ping_status":"open","sticky":false,"template":"","format":"standard","meta":{"footnotes":""},"categories":[490],"tags":[],"class_list":["post-3516","post","type-post","status-publish","format-standard","has-post-thumbnail","hentry","category-seguro"],"yoast_head":"<!-- This site is optimized with the Yoast SEO Premium plugin v16.3 (Yoast SEO v23.6) - https:\/\/yoast.com\/wordpress\/plugins\/seo\/ -->\n<title>Seguro doen\u00e7a e acidentes podem ser por conta do trabalhador com a nova previd\u00eancia &#8226; Blog Seguros<\/title>\n<meta name=\"description\" content=\"Com a nova previd\u00eancia voc\u00ea pode ter que arcar com seguros para obter beneficios, antes cobertos atrav\u00e9s do INSS. Saiba mais em nosso blog.\" \/>\n<meta name=\"robots\" content=\"index, follow, max-snippet:-1, max-image-preview:large, max-video-preview:-1\" \/>\n<link rel=\"canonical\" href=\"https:\/\/11ponto11servidor.com.br\/seguro\/seguro\/seguro-doenca-e-acidentes-podem-ser-por-conta-do-trabalhador-com-a-nova-previdencia\/\" \/>\n<meta property=\"og:locale\" content=\"pt_BR\" \/>\n<meta property=\"og:type\" content=\"article\" \/>\n<meta property=\"og:title\" content=\"Seguro doen\u00e7a e acidentes podem ser por conta do trabalhador com a nova previd\u00eancia &#8226; Blog Seguros\" \/>\n<meta property=\"og:description\" content=\"Com a nova previd\u00eancia voc\u00ea pode ter que arcar com seguros para obter beneficios, antes cobertos atrav\u00e9s do INSS. Saiba mais em nosso blog.\" \/>\n<meta property=\"og:url\" content=\"https:\/\/11ponto11servidor.com.br\/seguro\/seguro\/seguro-doenca-e-acidentes-podem-ser-por-conta-do-trabalhador-com-a-nova-previdencia\/\" \/>\n<meta property=\"og:site_name\" content=\"Blog Seguros\" \/>\n<meta property=\"article:publisher\" content=\"https:\/\/facebook.com\/seuseguronoclick\" \/>\n<meta property=\"article:published_time\" content=\"2019-05-23T19:05:40+00:00\" \/>\n<meta property=\"article:modified_time\" content=\"2020-03-06T12:04:14+00:00\" \/>\n<meta property=\"og:image\" content=\"https:\/\/11ponto11servidor.com.br\/seguro\/wp-content\/uploads\/sites\/4\/2019\/05\/Sem-T\u00edtulo-2.png\" \/>\n\t<meta property=\"og:image:width\" content=\"848\" \/>\n\t<meta property=\"og:image:height\" content=\"450\" \/>\n\t<meta property=\"og:image:type\" content=\"image\/png\" \/>\n<meta name=\"author\" content=\"websitemix\" \/>\n<meta name=\"twitter:card\" content=\"summary_large_image\" \/>\n<meta name=\"twitter:label1\" content=\"Escrito por\" \/>\n\t<meta name=\"twitter:data1\" content=\"websitemix\" \/>\n\t<meta name=\"twitter:label2\" content=\"Est. tempo de leitura\" \/>\n\t<meta name=\"twitter:data2\" content=\"5 minutos\" \/>\n<script type=\"application\/ld+json\" class=\"yoast-schema-graph\">{\"@context\":\"https:\/\/schema.org\",\"@graph\":[{\"@type\":\"WebPage\",\"@id\":\"https:\/\/11ponto11servidor.com.br\/seguro\/seguro\/seguro-doenca-e-acidentes-podem-ser-por-conta-do-trabalhador-com-a-nova-previdencia\/\",\"url\":\"https:\/\/11ponto11servidor.com.br\/seguro\/seguro\/seguro-doenca-e-acidentes-podem-ser-por-conta-do-trabalhador-com-a-nova-previdencia\/\",\"name\":\"Seguro doen\u00e7a e acidentes podem ser por conta do trabalhador com a nova previd\u00eancia &#8226; Blog Seguros\",\"isPartOf\":{\"@id\":\"https:\/\/11ponto11servidor.com.br\/seguro\/#website\"},\"primaryImageOfPage\":{\"@id\":\"https:\/\/11ponto11servidor.com.br\/seguro\/seguro\/seguro-doenca-e-acidentes-podem-ser-por-conta-do-trabalhador-com-a-nova-previdencia\/#primaryimage\"},\"image\":{\"@id\":\"https:\/\/11ponto11servidor.com.br\/seguro\/seguro\/seguro-doenca-e-acidentes-podem-ser-por-conta-do-trabalhador-com-a-nova-previdencia\/#primaryimage\"},\"thumbnailUrl\":\"https:\/\/11ponto11servidor.com.br\/seguro\/wp-content\/uploads\/sites\/4\/2019\/05\/Sem-T\u00edtulo-2.png\",\"datePublished\":\"2019-05-23T19:05:40+00:00\",\"dateModified\":\"2020-03-06T12:04:14+00:00\",\"author\":{\"@id\":\"https:\/\/11ponto11servidor.com.br\/seguro\/#\/schema\/person\/641e1af8b22c69725a1d604fb8959bcf\"},\"description\":\"Com a nova previd\u00eancia voc\u00ea pode ter que arcar com seguros para obter beneficios, antes cobertos atrav\u00e9s do INSS. Saiba mais em nosso blog.\",\"breadcrumb\":{\"@id\":\"https:\/\/11ponto11servidor.com.br\/seguro\/seguro\/seguro-doenca-e-acidentes-podem-ser-por-conta-do-trabalhador-com-a-nova-previdencia\/#breadcrumb\"},\"inLanguage\":\"pt-BR\",\"potentialAction\":[{\"@type\":\"ReadAction\",\"target\":[\"https:\/\/11ponto11servidor.com.br\/seguro\/seguro\/seguro-doenca-e-acidentes-podem-ser-por-conta-do-trabalhador-com-a-nova-previdencia\/\"]}]},{\"@type\":\"ImageObject\",\"inLanguage\":\"pt-BR\",\"@id\":\"https:\/\/11ponto11servidor.com.br\/seguro\/seguro\/seguro-doenca-e-acidentes-podem-ser-por-conta-do-trabalhador-com-a-nova-previdencia\/#primaryimage\",\"url\":\"https:\/\/11ponto11servidor.com.br\/seguro\/wp-content\/uploads\/sites\/4\/2019\/05\/Sem-T\u00edtulo-2.png\",\"contentUrl\":\"https:\/\/11ponto11servidor.com.br\/seguro\/wp-content\/uploads\/sites\/4\/2019\/05\/Sem-T\u00edtulo-2.png\",\"width\":848,\"height\":450},{\"@type\":\"BreadcrumbList\",\"@id\":\"https:\/\/11ponto11servidor.com.br\/seguro\/seguro\/seguro-doenca-e-acidentes-podem-ser-por-conta-do-trabalhador-com-a-nova-previdencia\/#breadcrumb\",\"itemListElement\":[{\"@type\":\"ListItem\",\"position\":1,\"name\":\"In\u00edcio\",\"item\":\"https:\/\/11ponto11servidor.com.br\/seguro\/\"},{\"@type\":\"ListItem\",\"position\":2,\"name\":\"Seguro doen\u00e7a e acidentes podem ser por conta do trabalhador com a nova previd\u00eancia\"}]},{\"@type\":\"WebSite\",\"@id\":\"https:\/\/11ponto11servidor.com.br\/seguro\/#website\",\"url\":\"https:\/\/11ponto11servidor.com.br\/seguro\/\",\"name\":\"SeuSEGURONoClick\",\"description\":\"SIAPE Servidor Federal\",\"potentialAction\":[{\"@type\":\"SearchAction\",\"target\":{\"@type\":\"EntryPoint\",\"urlTemplate\":\"https:\/\/11ponto11servidor.com.br\/seguro\/?s={search_term_string}\"},\"query-input\":{\"@type\":\"PropertyValueSpecification\",\"valueRequired\":true,\"valueName\":\"search_term_string\"}}],\"inLanguage\":\"pt-BR\"},{\"@type\":\"Person\",\"@id\":\"https:\/\/11ponto11servidor.com.br\/seguro\/#\/schema\/person\/641e1af8b22c69725a1d604fb8959bcf\",\"name\":\"websitemix\",\"image\":{\"@type\":\"ImageObject\",\"inLanguage\":\"pt-BR\",\"@id\":\"https:\/\/11ponto11servidor.com.br\/seguro\/#\/schema\/person\/image\/\",\"url\":\"https:\/\/secure.gravatar.com\/avatar\/83ea3ca973ba72c1d317f09d56ad47da?s=96&d=mm&r=g\",\"contentUrl\":\"https:\/\/secure.gravatar.com\/avatar\/83ea3ca973ba72c1d317f09d56ad47da?s=96&d=mm&r=g\",\"caption\":\"websitemix\"},\"sameAs\":[\"https:\/\/11ponto11servidor.com.br\"],\"url\":\"https:\/\/11ponto11servidor.com.br\/seguro\/author\/websitemix\/\"}]}<\/script>\n<!-- \/ Yoast SEO Premium plugin. -->","yoast_head_json":{"title":"Seguro doen\u00e7a e acidentes podem ser por conta do trabalhador com a nova previd\u00eancia &#8226; Blog Seguros","description":"Com a nova previd\u00eancia voc\u00ea pode ter que arcar com seguros para obter beneficios, antes cobertos atrav\u00e9s do INSS. Saiba mais em nosso blog.","robots":{"index":"index","follow":"follow","max-snippet":"max-snippet:-1","max-image-preview":"max-image-preview:large","max-video-preview":"max-video-preview:-1"},"canonical":"https:\/\/11ponto11servidor.com.br\/seguro\/seguro\/seguro-doenca-e-acidentes-podem-ser-por-conta-do-trabalhador-com-a-nova-previdencia\/","og_locale":"pt_BR","og_type":"article","og_title":"Seguro doen\u00e7a e acidentes podem ser por conta do trabalhador com a nova previd\u00eancia &#8226; Blog Seguros","og_description":"Com a nova previd\u00eancia voc\u00ea pode ter que arcar com seguros para obter beneficios, antes cobertos atrav\u00e9s do INSS. Saiba mais em nosso blog.","og_url":"https:\/\/11ponto11servidor.com.br\/seguro\/seguro\/seguro-doenca-e-acidentes-podem-ser-por-conta-do-trabalhador-com-a-nova-previdencia\/","og_site_name":"Blog Seguros","article_publisher":"https:\/\/facebook.com\/seuseguronoclick","article_published_time":"2019-05-23T19:05:40+00:00","article_modified_time":"2020-03-06T12:04:14+00:00","og_image":[{"width":848,"height":450,"url":"https:\/\/11ponto11servidor.com.br\/seguro\/wp-content\/uploads\/sites\/4\/2019\/05\/Sem-T\u00edtulo-2.png","type":"image\/png"}],"author":"websitemix","twitter_card":"summary_large_image","twitter_misc":{"Escrito por":"websitemix","Est. tempo de leitura":"5 minutos"},"schema":{"@context":"https:\/\/schema.org","@graph":[{"@type":"WebPage","@id":"https:\/\/11ponto11servidor.com.br\/seguro\/seguro\/seguro-doenca-e-acidentes-podem-ser-por-conta-do-trabalhador-com-a-nova-previdencia\/","url":"https:\/\/11ponto11servidor.com.br\/seguro\/seguro\/seguro-doenca-e-acidentes-podem-ser-por-conta-do-trabalhador-com-a-nova-previdencia\/","name":"Seguro doen\u00e7a e acidentes podem ser por conta do trabalhador com a nova previd\u00eancia &#8226; Blog Seguros","isPartOf":{"@id":"https:\/\/11ponto11servidor.com.br\/seguro\/#website"},"primaryImageOfPage":{"@id":"https:\/\/11ponto11servidor.com.br\/seguro\/seguro\/seguro-doenca-e-acidentes-podem-ser-por-conta-do-trabalhador-com-a-nova-previdencia\/#primaryimage"},"image":{"@id":"https:\/\/11ponto11servidor.com.br\/seguro\/seguro\/seguro-doenca-e-acidentes-podem-ser-por-conta-do-trabalhador-com-a-nova-previdencia\/#primaryimage"},"thumbnailUrl":"https:\/\/11ponto11servidor.com.br\/seguro\/wp-content\/uploads\/sites\/4\/2019\/05\/Sem-T\u00edtulo-2.png","datePublished":"2019-05-23T19:05:40+00:00","dateModified":"2020-03-06T12:04:14+00:00","author":{"@id":"https:\/\/11ponto11servidor.com.br\/seguro\/#\/schema\/person\/641e1af8b22c69725a1d604fb8959bcf"},"description":"Com a nova previd\u00eancia voc\u00ea pode ter que arcar com seguros para obter beneficios, antes cobertos atrav\u00e9s do INSS. Saiba mais em nosso blog.","breadcrumb":{"@id":"https:\/\/11ponto11servidor.com.br\/seguro\/seguro\/seguro-doenca-e-acidentes-podem-ser-por-conta-do-trabalhador-com-a-nova-previdencia\/#breadcrumb"},"inLanguage":"pt-BR","potentialAction":[{"@type":"ReadAction","target":["https:\/\/11ponto11servidor.com.br\/seguro\/seguro\/seguro-doenca-e-acidentes-podem-ser-por-conta-do-trabalhador-com-a-nova-previdencia\/"]}]},{"@type":"ImageObject","inLanguage":"pt-BR","@id":"https:\/\/11ponto11servidor.com.br\/seguro\/seguro\/seguro-doenca-e-acidentes-podem-ser-por-conta-do-trabalhador-com-a-nova-previdencia\/#primaryimage","url":"https:\/\/11ponto11servidor.com.br\/seguro\/wp-content\/uploads\/sites\/4\/2019\/05\/Sem-T\u00edtulo-2.png","contentUrl":"https:\/\/11ponto11servidor.com.br\/seguro\/wp-content\/uploads\/sites\/4\/2019\/05\/Sem-T\u00edtulo-2.png","width":848,"height":450},{"@type":"BreadcrumbList","@id":"https:\/\/11ponto11servidor.com.br\/seguro\/seguro\/seguro-doenca-e-acidentes-podem-ser-por-conta-do-trabalhador-com-a-nova-previdencia\/#breadcrumb","itemListElement":[{"@type":"ListItem","position":1,"name":"In\u00edcio","item":"https:\/\/11ponto11servidor.com.br\/seguro\/"},{"@type":"ListItem","position":2,"name":"Seguro doen\u00e7a e acidentes podem ser por conta do trabalhador com a nova previd\u00eancia"}]},{"@type":"WebSite","@id":"https:\/\/11ponto11servidor.com.br\/seguro\/#website","url":"https:\/\/11ponto11servidor.com.br\/seguro\/","name":"SeuSEGURONoClick","description":"SIAPE Servidor Federal","potentialAction":[{"@type":"SearchAction","target":{"@type":"EntryPoint","urlTemplate":"https:\/\/11ponto11servidor.com.br\/seguro\/?s={search_term_string}"},"query-input":{"@type":"PropertyValueSpecification","valueRequired":true,"valueName":"search_term_string"}}],"inLanguage":"pt-BR"},{"@type":"Person","@id":"https:\/\/11ponto11servidor.com.br\/seguro\/#\/schema\/person\/641e1af8b22c69725a1d604fb8959bcf","name":"websitemix","image":{"@type":"ImageObject","inLanguage":"pt-BR","@id":"https:\/\/11ponto11servidor.com.br\/seguro\/#\/schema\/person\/image\/","url":"https:\/\/secure.gravatar.com\/avatar\/83ea3ca973ba72c1d317f09d56ad47da?s=96&d=mm&r=g","contentUrl":"https:\/\/secure.gravatar.com\/avatar\/83ea3ca973ba72c1d317f09d56ad47da?s=96&d=mm&r=g","caption":"websitemix"},"sameAs":["https:\/\/11ponto11servidor.com.br"],"url":"https:\/\/11ponto11servidor.com.br\/seguro\/author\/websitemix\/"}]}},"_links":{"self":[{"href":"https:\/\/11ponto11servidor.com.br\/seguro\/wp-json\/wp\/v2\/posts\/3516"}],"collection":[{"href":"https:\/\/11ponto11servidor.com.br\/seguro\/wp-json\/wp\/v2\/posts"}],"about":[{"href":"https:\/\/11ponto11servidor.com.br\/seguro\/wp-json\/wp\/v2\/types\/post"}],"author":[{"embeddable":true,"href":"https:\/\/11ponto11servidor.com.br\/seguro\/wp-json\/wp\/v2\/users\/1"}],"replies":[{"embeddable":true,"href":"https:\/\/11ponto11servidor.com.br\/seguro\/wp-json\/wp\/v2\/comments?post=3516"}],"version-history":[{"count":0,"href":"https:\/\/11ponto11servidor.com.br\/seguro\/wp-json\/wp\/v2\/posts\/3516\/revisions"}],"wp:featuredmedia":[{"embeddable":true,"href":"https:\/\/11ponto11servidor.com.br\/seguro\/wp-json\/wp\/v2\/media\/3521"}],"wp:attachment":[{"href":"https:\/\/11ponto11servidor.com.br\/seguro\/wp-json\/wp\/v2\/media?parent=3516"}],"wp:term":[{"taxonomy":"category","embeddable":true,"href":"https:\/\/11ponto11servidor.com.br\/seguro\/wp-json\/wp\/v2\/categories?post=3516"},{"taxonomy":"post_tag","embeddable":true,"href":"https:\/\/11ponto11servidor.com.br\/seguro\/wp-json\/wp\/v2\/tags?post=3516"}],"curies":[{"name":"wp","href":"https:\/\/api.w.org\/{rel}","templated":true}]}}