{"id":5804,"date":"2018-05-09T11:19:25","date_gmt":"2018-05-09T14:19:25","guid":{"rendered":"https:\/\/blogdosrsiape.com\/?p=5804"},"modified":"2018-05-09T11:37:30","modified_gmt":"2018-05-09T14:37:30","slug":"blog-capitolio-minas-gerais","status":"publish","type":"post","link":"https:\/\/11ponto11servidor.com.br\/viagem\/america-do-sul\/blog-capitolio-minas-gerais\/","title":{"rendered":"6 motivos para conhecer Capit\u00f3lio em Minas Gerais"},"content":{"rendered":"<section class=\"l-section wpb_row height_large\"><div class=\"l-section-h i-cf\"><div class=\"g-cols vc_row type_default valign_top\"><\/div><\/div><\/section><div class=\"vc_col-sm-12 wpb_column vc_column_container\"><div class=\"vc_column-inner\"><div class=\"wpb_wrapper\"><\/div><\/div><\/div><div class=\"wpb_text_column\" ><div class=\"wpb_wrapper\"><\/div><\/div>\n<h3>Capit\u00f3lio &#8211; Destino de belezas naturais<\/h3>\n<p>Localizada entre a Serra da Canastra e o Lago de Furnas, a cidade de Capit\u00f3lio possui muitos atrativos naturais. Conhecida por muitos como o \u201cMar de Minas\u201d, o Lago de Furnas \u00e9 o principal atrativo do munic\u00edpio que tamb\u00e9m possui o maior n\u00famero de embarca\u00e7\u00f5es (barcos e lanchas) do estado de Minas Gerais. Quem visita a cidade encontra um leque de atra\u00e7\u00f5es hist\u00f3ricas e culturais para todos os gostos. As belezas da regi\u00e3o s\u00e3o surpreendentes: cachoeiras, piscinas naturais, montanhas com trilhas fascinantes que podem ser exploradas por praticantes de trekking, mountain bike, cavalgadas, motociclismo e muitas outras modalidades do turismo de aventura.<\/p>\n<p>Capit\u00f3lio possui localiza\u00e7\u00e3o privilegiada pois no munic\u00edpio a serra encontra a represa assim formando lindas paisagens. Em destaque est\u00e3o os canyons e suas cachoeiras que formam o cen\u00e1rios incr\u00edveis e encanta que seus visitantes. Conhe\u00e7a os principais atrativos tur\u00edsticos de Capit\u00f3lio:<\/p>\n<h3>Lago de Furnas<\/h3>\n<p><img decoding=\"async\" class=\"alignnone wp-image-5807 size-full\" src=\"https:\/\/11ponto11servidor.com.br\/wp-content\/uploads\/sites\/5\/2018\/05\/capitolio.png\" alt=\"\" width=\"700\" height=\"380\" srcset=\"https:\/\/11ponto11servidor.com.br\/viagem\/wp-content\/uploads\/sites\/5\/2018\/05\/capitolio.png 700w, https:\/\/11ponto11servidor.com.br\/viagem\/wp-content\/uploads\/sites\/5\/2018\/05\/capitolio-300x163.png 300w\" sizes=\"(max-width: 700px) 100vw, 700px\" \/><\/p>\n<p>O Lago de Furnas \u00e9 mais conhecido como o Mar de Minas est\u00e1 situado na regi\u00e3o de Capit\u00f3lio, sendo a maior extens\u00e3o de \u00e1gua de Minas Gerais. Um dos maiores e mais limpos lagos artificiais do mundo, pode ser visitado em passeios de lancha, escuna e chalana. Exibe seus imensos c\u00e2nions, cachoeiras e paisagens de encher os olhos.<\/p>\n<p>A Usina Hidrel\u00e9trica de Furnas, origem do Mar de Minas, localizada entre as cidades de S\u00e3o Jos\u00e9 da Barra e S. Jo\u00e3o Batista do Gl\u00f3ria, foi a 1\u00aa hidrel\u00e9trica de grande porte do Brasil, fundada em 1963. Hoje, o Lago de Furnas atrai navegantes, pescadores e visitantes de todo o mundo para a pr\u00e1tica de esportes n\u00e1uticos e turismo.<div class=\" ubtn-ctn-left \"><a class=\"ubtn-link ult-adjust-bottom-margin ubtn-left ubtn-normal \" href=\"https:\/\/www.booking.com\/searchresults.pt-br.html?aid=391895&sid=b16cad699a4d8d08288c78ee20280ed8&checkin_month=6&checkin_monthday=1&checkin_year=2018&checkout_month=6&checkout_monthday=3&checkout_year=2018&city=-635115&class_interval=1&dest_id=-635115&dest_type=city&dtdisc=0&from_sf=1&group_adults=2&group_children=0&inac=0&index_postcard=0&label_click=undef&no_rooms=1&postcard=0&room1=A%2CA&sb_price_type=total&src_elem=sb&ss=Capit%C3%B3lio&ss_all=0&ssb=empty&sshis=0&ssne=Capit%C3%B3lio&ssne_untouched=Capit%C3%B3lio&user_changed_date=1&order=price\" ><button type=\"button\" id=\"ubtn-1256\"  class=\"ubtn ult-adjust-bottom-margin ult-responsive ubtn-normal ubtn-no-hover-bg  ulta-buzz-out  ubtn-sep-icon ubtn-sep-icon-top-push  ubtn-shd  ubtn-left  shd-bottom tooltip-69f2fdfe7aba8\"  data-hover=\"\" data-border-color=\"\" data-bg=\"#ca6216\" data-hover-bg=\"\" data-border-hover=\"\" data-shadow-hover=\"0 3px #ffffff;\" data-shadow-click=\"\" data-shadow=\"0 4px #ffffff;\" data-shd-shadow=\"4\"  data-ultimate-target='#ubtn-1256'  data-responsive-json-new='{\"font-size\":\"\",\"line-height\":\"\"}'  style=\"font-weight:bold;border:none;box-shadow: 0 4px #ffffff;background: #ca6216;color: #ffffff;\"><span class=\"ubtn-data ubtn-icon\"><i class=\"Defaults-suitcase\" style=\"font-size:26px;color:#ffffff;\"><\/i><\/span><span class=\"ubtn-hover\" style=\"background-color:\"><\/span><span class=\"ubtn-data ubtn-text \" >Busque hospedagens em Capit\u00f3lio aqui<\/span><\/button><\/a><\/div>\n<h3>Cachoeira Dicadinha<\/h3>\n<p><img decoding=\"async\" class=\"alignnone wp-image-5813 size-full\" src=\"https:\/\/11ponto11servidor.com.br\/wp-content\/uploads\/sites\/5\/2018\/05\/dicadinha2.png\" alt=\"\" width=\"700\" height=\"380\" srcset=\"https:\/\/11ponto11servidor.com.br\/viagem\/wp-content\/uploads\/sites\/5\/2018\/05\/dicadinha2.png 700w, https:\/\/11ponto11servidor.com.br\/viagem\/wp-content\/uploads\/sites\/5\/2018\/05\/dicadinha2-300x163.png 300w\" sizes=\"(max-width: 700px) 100vw, 700px\" \/><\/p>\n<p>Linda cachoeira, \u00e9 pouco procurada pois fica mais afastada e n\u00e3o possui estrutura para visitantes. Localizada na regi\u00e3o do Fecho da Serra.<\/p>\n<p><a href=\"https:\/\/www.booking.com\/searchresults.pt-br.html?aid=391895&amp;sid=b16cad699a4d8d08288c78ee20280ed8&amp;checkin_month=6&amp;checkin_monthday=1&amp;checkin_year=2018&amp;checkout_month=6&amp;checkout_monthday=3&amp;checkout_year=2018&amp;city=-635115&amp;class_interval=1&amp;dest_id=-635115&amp;dest_type=city&amp;dtdisc=0&amp;from_sf=1&amp;group_adults=2&amp;group_children=0&amp;inac=0&amp;index_postcard=0&amp;label_click=undef&amp;no_rooms=1&amp;postcard=0&amp;room1=A%2CA&amp;sb_price_type=total&amp;src_elem=sb&amp;ss=Capit%C3%B3lio&amp;ss_all=0&amp;ssb=empty&amp;sshis=0&amp;ssne=Capit%C3%B3lio&amp;ssne_untouched=Capit%C3%B3lio&amp;user_changed_date=1&amp;order=price\"><img decoding=\"async\" class=\"aligncenter wp-image-7303 size-full\" src=\"https:\/\/11ponto11servidor.com.br\/wp-content\/uploads\/sites\/2\/2018\/05\/banner-1.png\" alt=\"\" width=\"700\" height=\"280\" \/><\/a><\/p>\n<h3>Cachoeira Fecho da Serra<\/h3>\n<p><img decoding=\"async\" class=\"alignnone wp-image-5809 size-full\" src=\"https:\/\/11ponto11servidor.com.br\/wp-content\/uploads\/sites\/5\/2018\/05\/serra2.png\" alt=\"\" width=\"700\" height=\"380\" srcset=\"https:\/\/11ponto11servidor.com.br\/viagem\/wp-content\/uploads\/sites\/5\/2018\/05\/serra2.png 700w, https:\/\/11ponto11servidor.com.br\/viagem\/wp-content\/uploads\/sites\/5\/2018\/05\/serra2-300x163.png 300w\" sizes=\"(max-width: 700px) 100vw, 700px\" \/><\/p>\n<p>\u00d3tima op\u00e7\u00e3o para que busca se refrescar, possu\u00ed in\u00fameros po\u00e7os para banho al\u00e9m de trilhas que levam at\u00e9 uma das quedas que des\u00e1guam no lago de furnas. Fica as margens da rodovia sentido barragem e possui bar e camping.<div class=\" ubtn-ctn-left \"><a class=\"ubtn-link ult-adjust-bottom-margin ubtn-left ubtn-normal \" href=\"https:\/\/www.booking.com\/searchresults.pt-br.html?aid=391895&sid=b16cad699a4d8d08288c78ee20280ed8&checkin_month=6&checkin_monthday=1&checkin_year=2018&checkout_month=6&checkout_monthday=3&checkout_year=2018&city=-635115&class_interval=1&dest_id=-635115&dest_type=city&dtdisc=0&from_sf=1&group_adults=2&group_children=0&inac=0&index_postcard=0&label_click=undef&no_rooms=1&postcard=0&room1=A%2CA&sb_price_type=total&src_elem=sb&ss=Capit%C3%B3lio&ss_all=0&ssb=empty&sshis=0&ssne=Capit%C3%B3lio&ssne_untouched=Capit%C3%B3lio&user_changed_date=1&order=price\" ><button type=\"button\" id=\"ubtn-6783\"  class=\"ubtn ult-adjust-bottom-margin ult-responsive ubtn-normal ubtn-no-hover-bg  ulta-buzz-out  ubtn-sep-icon ubtn-sep-icon-top-push  ubtn-shd  ubtn-left  shd-bottom tooltip-69f2fdfe7acaa\"  data-hover=\"\" data-border-color=\"\" data-bg=\"#ca6216\" data-hover-bg=\"\" data-border-hover=\"\" data-shadow-hover=\"0 3px #ffffff;\" data-shadow-click=\"\" data-shadow=\"0 4px #ffffff;\" data-shd-shadow=\"4\"  data-ultimate-target='#ubtn-6783'  data-responsive-json-new='{\"font-size\":\"\",\"line-height\":\"\"}'  style=\"font-weight:bold;border:none;box-shadow: 0 4px #ffffff;background: #ca6216;color: #ffffff;\"><span class=\"ubtn-data ubtn-icon\"><i class=\"Defaults-suitcase\" style=\"font-size:26px;color:#ffffff;\"><\/i><\/span><span class=\"ubtn-hover\" style=\"background-color:\"><\/span><span class=\"ubtn-data ubtn-text \" >Busque hospedagens em Capit\u00f3lio aqui<\/span><\/button><\/a><\/div>\n<h3>Lagoa Azul<\/h3>\n<p><img decoding=\"async\" class=\"alignnone wp-image-5811 size-full\" src=\"https:\/\/11ponto11servidor.com.br\/wp-content\/uploads\/sites\/5\/2018\/05\/azul2.png\" alt=\"\" width=\"700\" height=\"380\" srcset=\"https:\/\/11ponto11servidor.com.br\/viagem\/wp-content\/uploads\/sites\/5\/2018\/05\/azul2.png 700w, https:\/\/11ponto11servidor.com.br\/viagem\/wp-content\/uploads\/sites\/5\/2018\/05\/azul2-300x163.png 300w\" sizes=\"(max-width: 700px) 100vw, 700px\" \/><\/p>\n<p>A Lagoa azul est\u00e1 localizada as margens da rodovia MG 050 sentido barragem. O complexo possu\u00ed v\u00e1rios pontos para banho e duas belas cachoeiras, a primeira \u00e9 a do Lago Azul com \u00e1guas cristalinas e a de baixo des\u00e1gua direto na represa. O local tamb\u00e9m \u00e9 ponto de partida de escunas e lanchas que fazem passeios pelos canyons da represa de Furnas.<div class=\" ubtn-ctn-left \"><a class=\"ubtn-link ult-adjust-bottom-margin ubtn-left ubtn-normal \" href=\"https:\/\/www.booking.com\/searchresults.pt-br.html?aid=391895&sid=b16cad699a4d8d08288c78ee20280ed8&checkin_month=6&checkin_monthday=1&checkin_year=2018&checkout_month=6&checkout_monthday=3&checkout_year=2018&city=-635115&class_interval=1&dest_id=-635115&dest_type=city&dtdisc=0&from_sf=1&group_adults=2&group_children=0&inac=0&index_postcard=0&label_click=undef&no_rooms=1&postcard=0&room1=A%2CA&sb_price_type=total&src_elem=sb&ss=Capit%C3%B3lio&ss_all=0&ssb=empty&sshis=0&ssne=Capit%C3%B3lio&ssne_untouched=Capit%C3%B3lio&user_changed_date=1&order=price\" ><button type=\"button\" id=\"ubtn-1482\"  class=\"ubtn ult-adjust-bottom-margin ult-responsive ubtn-normal ubtn-no-hover-bg  ulta-buzz-out  ubtn-sep-icon ubtn-sep-icon-top-push  ubtn-shd  ubtn-left  shd-bottom tooltip-69f2fdfe7ad4d\"  data-hover=\"\" data-border-color=\"\" data-bg=\"#ca6216\" data-hover-bg=\"\" data-border-hover=\"\" data-shadow-hover=\"0 3px #ffffff;\" data-shadow-click=\"\" data-shadow=\"0 4px #ffffff;\" data-shd-shadow=\"4\"  data-ultimate-target='#ubtn-1482'  data-responsive-json-new='{\"font-size\":\"\",\"line-height\":\"\"}'  style=\"font-weight:bold;border:none;box-shadow: 0 4px #ffffff;background: #ca6216;color: #ffffff;\"><span class=\"ubtn-data ubtn-icon\"><i class=\"Defaults-suitcase\" style=\"font-size:26px;color:#ffffff;\"><\/i><\/span><span class=\"ubtn-hover\" style=\"background-color:\"><\/span><span class=\"ubtn-data ubtn-text \" >Busque hospedagens em Capit\u00f3lio aqui<\/span><\/button><\/a><\/div>\n<h3>Morro do Chap\u00e9u<\/h3>\n<p><img decoding=\"async\" class=\"alignnone wp-image-5810 size-full\" src=\"https:\/\/11ponto11servidor.com.br\/wp-content\/uploads\/sites\/5\/2018\/05\/morro2.png\" alt=\"Capit\u00f3lio\" width=\"700\" height=\"380\" srcset=\"https:\/\/11ponto11servidor.com.br\/viagem\/wp-content\/uploads\/sites\/5\/2018\/05\/morro2.png 700w, https:\/\/11ponto11servidor.com.br\/viagem\/wp-content\/uploads\/sites\/5\/2018\/05\/morro2-300x163.png 300w\" sizes=\"(max-width: 700px) 100vw, 700px\" \/><\/p>\n<p>Um atraente passeio ecol\u00f3gico a 8 km do Engenho da Serra Hotel &amp; Eco Resort. Do alto da montanha \u2013 onde pode se avistar o Lago de Furnas \u2013 h\u00e1 uma capelinha que abriga a imagem da N. Sra dos Desamparados. Os turistas devotos trilham o caminho do Morro do Chap\u00e9u para agradecer \u00e0 santa milagrosa os amparos recebidos.<\/p>\n<p>Uma trilha repleta de hist\u00f3rias. Ao longo do percurso, \u00e9 poss\u00edvel ver os lajeados, chapad\u00f5es e as muralhas de pedra constru\u00eddas no in\u00edcio do s\u00e9culo passado pelo artista e trabalhador rural Nestor Caetano. Essas muralhas eram utilizadas na \u00e9poca para delimitar propriedades, quando ainda n\u00e3o existia o arame farpado.<div class=\" ubtn-ctn-left \"><a class=\"ubtn-link ult-adjust-bottom-margin ubtn-left ubtn-normal \" href=\"https:\/\/www.booking.com\/searchresults.pt-br.html?aid=391895&sid=b16cad699a4d8d08288c78ee20280ed8&checkin_month=6&checkin_monthday=1&checkin_year=2018&checkout_month=6&checkout_monthday=3&checkout_year=2018&city=-635115&class_interval=1&dest_id=-635115&dest_type=city&dtdisc=0&from_sf=1&group_adults=2&group_children=0&inac=0&index_postcard=0&label_click=undef&no_rooms=1&postcard=0&room1=A%2CA&sb_price_type=total&src_elem=sb&ss=Capit%C3%B3lio&ss_all=0&ssb=empty&sshis=0&ssne=Capit%C3%B3lio&ssne_untouched=Capit%C3%B3lio&user_changed_date=1&order=price\" ><button type=\"button\" id=\"ubtn-6588\"  class=\"ubtn ult-adjust-bottom-margin ult-responsive ubtn-normal ubtn-no-hover-bg  ulta-buzz-out  ubtn-sep-icon ubtn-sep-icon-top-push  ubtn-shd  ubtn-left  shd-bottom tooltip-69f2fdfe7adee\"  data-hover=\"\" data-border-color=\"\" data-bg=\"#ca6216\" data-hover-bg=\"\" data-border-hover=\"\" data-shadow-hover=\"0 3px #ffffff;\" data-shadow-click=\"\" data-shadow=\"0 4px #ffffff;\" data-shd-shadow=\"4\"  data-ultimate-target='#ubtn-6588'  data-responsive-json-new='{\"font-size\":\"\",\"line-height\":\"\"}'  style=\"font-weight:bold;border:none;box-shadow: 0 4px #ffffff;background: #ca6216;color: #ffffff;\"><span class=\"ubtn-data ubtn-icon\"><i class=\"Defaults-suitcase\" style=\"font-size:26px;color:#ffffff;\"><\/i><\/span><span class=\"ubtn-hover\" style=\"background-color:\"><\/span><span class=\"ubtn-data ubtn-text \" >Busque hospedagens em Capit\u00f3lio aqui<\/span><\/button><\/a><\/div>\n<h3>Parque Nacional da Serra da Canastra<\/h3>\n<p><img decoding=\"async\" class=\"alignnone wp-image-5812 size-full\" src=\"https:\/\/11ponto11servidor.com.br\/wp-content\/uploads\/sites\/5\/2018\/05\/canastra.png\" alt=\"\" width=\"700\" height=\"380\" srcset=\"https:\/\/11ponto11servidor.com.br\/viagem\/wp-content\/uploads\/sites\/5\/2018\/05\/canastra.png 700w, https:\/\/11ponto11servidor.com.br\/viagem\/wp-content\/uploads\/sites\/5\/2018\/05\/canastra-300x163.png 300w\" sizes=\"(max-width: 700px) 100vw, 700px\" \/><\/p>\n<p>A apenas 1 hora do Engenho da Serra est\u00e1 o Parque Nacional da Serra da Canastra, uma das grandes belezas naturais do Brasil. Nele encontram-se as nascentes do Rio S\u00e3o Francisco que, ap\u00f3s se alinharem em pequenos c\u00f3rregos, formam piscinas naturais e a famosa Cachoeira Casca D\u2019Anta, que possui 180 metros de altura.<\/p>\n<p>Com fauna e flora exuberantes, o parque localizado a exatamente 70 km de dist\u00e2ncia do Engenho da Serra Hotel e Eco Resort, \u00e9 uma excelente op\u00e7\u00e3o de passeio para observar plantas nativas, flores de rara beleza e animais silvestres, como: lobo guar\u00e1, tamandu\u00e1 bandeira, o tatu canastra e o veado campeiro no habitat natural.<div class=\" ubtn-ctn-left \"><a class=\"ubtn-link ult-adjust-bottom-margin ubtn-left ubtn-normal \" href=\"https:\/\/www.booking.com\/searchresults.pt-br.html?aid=391895&sid=b16cad699a4d8d08288c78ee20280ed8&checkin_month=6&checkin_monthday=1&checkin_year=2018&checkout_month=6&checkout_monthday=3&checkout_year=2018&city=-635115&class_interval=1&dest_id=-635115&dest_type=city&dtdisc=0&from_sf=1&group_adults=2&group_children=0&inac=0&index_postcard=0&label_click=undef&no_rooms=1&postcard=0&room1=A%2CA&sb_price_type=total&src_elem=sb&ss=Capit%C3%B3lio&ss_all=0&ssb=empty&sshis=0&ssne=Capit%C3%B3lio&ssne_untouched=Capit%C3%B3lio&user_changed_date=1&order=price\" ><button type=\"button\" id=\"ubtn-9407\"  class=\"ubtn ult-adjust-bottom-margin ult-responsive ubtn-normal ubtn-no-hover-bg  ulta-buzz-out  ubtn-sep-icon ubtn-sep-icon-top-push  ubtn-shd  ubtn-left  shd-bottom tooltip-69f2fdfe7ae7e\"  data-hover=\"\" data-border-color=\"\" data-bg=\"#ca6216\" data-hover-bg=\"\" data-border-hover=\"\" data-shadow-hover=\"0 3px #ffffff;\" data-shadow-click=\"\" data-shadow=\"0 4px #ffffff;\" data-shd-shadow=\"4\"  data-ultimate-target='#ubtn-9407'  data-responsive-json-new='{\"font-size\":\"\",\"line-height\":\"\"}'  style=\"font-weight:bold;border:none;box-shadow: 0 4px #ffffff;background: #ca6216;color: #ffffff;\"><span class=\"ubtn-data ubtn-icon\"><i class=\"Defaults-suitcase\" style=\"font-size:26px;color:#ffffff;\"><\/i><\/span><span class=\"ubtn-hover\" style=\"background-color:\"><\/span><span class=\"ubtn-data ubtn-text \" >Busque hospedagens em Capit\u00f3lio aqui<\/span><\/button><\/a><\/div>\n<p>Lindo demais, n\u00e9? O que esperando para visitar este para\u00edso?<\/p>\n<p><a href=\"https:\/\/blogdosrsiape.com\/acomodacoes\/\">Reserve agora mesmo seu hotel<\/a> em Capit\u00f3lio e aproveite!!!<\/p>\n<p><a href=\"https:\/\/blogdosrsiape.com\/category\/turismo-viagens\/\">Desejamos<\/a> um excelente dia \u00e0 todos!<\/p>\n<p>Boa viagem \ud83d\ude42<\/p>\n<p>&nbsp;<\/p>\n<p><em>Fonte: Guia Viaja Melhor<\/em><\/p>\n","protected":false},"excerpt":{"rendered":"<p>Capit\u00f3lio &#8211; Destino de belezas naturais Localizada entre a Serra da Canastra e o Lago de Furnas, a cidade de Capit\u00f3lio possui muitos atrativos naturais. Conhecida por muitos como o \u201cMar de Minas\u201d, o Lago de Furnas \u00e9 o principal atrativo do munic\u00edpio que tamb\u00e9m possui o maior n\u00famero de embarca\u00e7\u00f5es (barcos e lanchas) do&#8230;<\/p>\n","protected":false},"author":5,"featured_media":5805,"comment_status":"open","ping_status":"open","sticky":false,"template":"","format":"standard","meta":{"footnotes":""},"categories":[25,1,6],"tags":[11,12,85,86,16,50,18,20],"class_list":["post-5804","post","type-post","status-publish","format-standard","has-post-thumbnail","hentry","category-america-do-sul","category-geral","category-viagens-nacionais","tag-brasil","tag-brasileiros","tag-capitolio","tag-minas-gerais","tag-travel","tag-trip","tag-turismo","tag-viagem"],"yoast_head":"<!-- This site is optimized with the Yoast SEO Premium plugin v16.3 (Yoast SEO v23.6) - https:\/\/yoast.com\/wordpress\/plugins\/seo\/ -->\n<title>6 motivos para conhecer Capit\u00f3lio em Minas Gerais<\/title>\n<meta name=\"description\" content=\"Capit\u00f3lio \u00e9 um dos destinos mais bonitos e procurados do Brasil, confira 6 motivos para fazer as malas e ir correndo pra l\u00e1!\" \/>\n<meta name=\"robots\" content=\"index, follow, max-snippet:-1, max-image-preview:large, max-video-preview:-1\" \/>\n<link rel=\"canonical\" href=\"https:\/\/11ponto11servidor.com.br\/viagem\/america-do-sul\/blog-capitolio-minas-gerais\/\" \/>\n<meta property=\"og:locale\" content=\"pt_BR\" \/>\n<meta property=\"og:type\" content=\"article\" \/>\n<meta property=\"og:title\" content=\"6 motivos para conhecer Capit\u00f3lio em Minas Gerais\" \/>\n<meta property=\"og:description\" content=\"Capit\u00f3lio \u00e9 um dos destinos mais bonitos e procurados do Brasil, confira 6 motivos para fazer as malas e ir correndo pra l\u00e1!\" \/>\n<meta property=\"og:url\" content=\"https:\/\/11ponto11servidor.com.br\/viagem\/america-do-sul\/blog-capitolio-minas-gerais\/\" \/>\n<meta property=\"og:site_name\" content=\"Blog Viagens\" \/>\n<meta property=\"article:publisher\" content=\"https:\/\/business.facebook.com\/suaviagemnoclick\/?business_id=470313793386419\" \/>\n<meta property=\"article:published_time\" content=\"2018-05-09T14:19:25+00:00\" \/>\n<meta property=\"article:modified_time\" content=\"2018-05-09T14:37:30+00:00\" \/>\n<meta property=\"og:image\" content=\"https:\/\/11ponto11servidor.com.br\/viagem\/wp-content\/uploads\/sites\/5\/2018\/05\/capa.png\" \/>\n\t<meta property=\"og:image:width\" content=\"840\" \/>\n\t<meta property=\"og:image:height\" content=\"380\" \/>\n\t<meta property=\"og:image:type\" content=\"image\/png\" \/>\n<meta name=\"twitter:card\" content=\"summary_large_image\" \/>\n<meta name=\"twitter:label1\" content=\"Escrito por\" \/>\n\t<meta name=\"twitter:data1\" content=\"\" \/>\n\t<meta name=\"twitter:label2\" content=\"Est. tempo de leitura\" \/>\n\t<meta name=\"twitter:data2\" content=\"8 minutos\" \/>\n<script type=\"application\/ld+json\" class=\"yoast-schema-graph\">{\"@context\":\"https:\/\/schema.org\",\"@graph\":[{\"@type\":\"WebPage\",\"@id\":\"https:\/\/11ponto11servidor.com.br\/viagem\/america-do-sul\/blog-capitolio-minas-gerais\/\",\"url\":\"https:\/\/11ponto11servidor.com.br\/viagem\/america-do-sul\/blog-capitolio-minas-gerais\/\",\"name\":\"6 motivos para conhecer Capit\u00f3lio em Minas Gerais\",\"isPartOf\":{\"@id\":\"https:\/\/11ponto11servidor.com.br\/viagem\/#website\"},\"primaryImageOfPage\":{\"@id\":\"https:\/\/11ponto11servidor.com.br\/viagem\/america-do-sul\/blog-capitolio-minas-gerais\/#primaryimage\"},\"image\":{\"@id\":\"https:\/\/11ponto11servidor.com.br\/viagem\/america-do-sul\/blog-capitolio-minas-gerais\/#primaryimage\"},\"thumbnailUrl\":\"https:\/\/11ponto11servidor.com.br\/viagem\/wp-content\/uploads\/sites\/5\/2018\/05\/capa.png\",\"datePublished\":\"2018-05-09T14:19:25+00:00\",\"dateModified\":\"2018-05-09T14:37:30+00:00\",\"author\":{\"@id\":\"\"},\"description\":\"Capit\u00f3lio \u00e9 um dos destinos mais bonitos e procurados do Brasil, confira 6 motivos para fazer as malas e ir correndo pra l\u00e1!\",\"breadcrumb\":{\"@id\":\"https:\/\/11ponto11servidor.com.br\/viagem\/america-do-sul\/blog-capitolio-minas-gerais\/#breadcrumb\"},\"inLanguage\":\"pt-BR\",\"potentialAction\":[{\"@type\":\"ReadAction\",\"target\":[\"https:\/\/11ponto11servidor.com.br\/viagem\/america-do-sul\/blog-capitolio-minas-gerais\/\"]}]},{\"@type\":\"ImageObject\",\"inLanguage\":\"pt-BR\",\"@id\":\"https:\/\/11ponto11servidor.com.br\/viagem\/america-do-sul\/blog-capitolio-minas-gerais\/#primaryimage\",\"url\":\"https:\/\/11ponto11servidor.com.br\/viagem\/wp-content\/uploads\/sites\/5\/2018\/05\/capa.png\",\"contentUrl\":\"https:\/\/11ponto11servidor.com.br\/viagem\/wp-content\/uploads\/sites\/5\/2018\/05\/capa.png\",\"width\":840,\"height\":380,\"caption\":\"Capit\u00f3lio\"},{\"@type\":\"BreadcrumbList\",\"@id\":\"https:\/\/11ponto11servidor.com.br\/viagem\/america-do-sul\/blog-capitolio-minas-gerais\/#breadcrumb\",\"itemListElement\":[{\"@type\":\"ListItem\",\"position\":1,\"name\":\"In\u00edcio\",\"item\":\"https:\/\/11ponto11servidor.com.br\/viagem\/\"},{\"@type\":\"ListItem\",\"position\":2,\"name\":\"6 motivos para conhecer Capit\u00f3lio em Minas Gerais\"}]},{\"@type\":\"WebSite\",\"@id\":\"https:\/\/11ponto11servidor.com.br\/viagem\/#website\",\"url\":\"https:\/\/11ponto11servidor.com.br\/viagem\/\",\"name\":\"Blog Viagens\",\"description\":\"SIAPE Servidor Federal\",\"potentialAction\":[{\"@type\":\"SearchAction\",\"target\":{\"@type\":\"EntryPoint\",\"urlTemplate\":\"https:\/\/11ponto11servidor.com.br\/viagem\/?s={search_term_string}\"},\"query-input\":{\"@type\":\"PropertyValueSpecification\",\"valueRequired\":true,\"valueName\":\"search_term_string\"}}],\"inLanguage\":\"pt-BR\"},{\"@type\":\"Person\",\"@id\":\"\",\"url\":\"https:\/\/11ponto11servidor.com.br\/viagem\/author\/\"}]}<\/script>\n<!-- \/ Yoast SEO Premium plugin. -->","yoast_head_json":{"title":"6 motivos para conhecer Capit\u00f3lio em Minas Gerais","description":"Capit\u00f3lio \u00e9 um dos destinos mais bonitos e procurados do Brasil, confira 6 motivos para fazer as malas e ir correndo pra l\u00e1!","robots":{"index":"index","follow":"follow","max-snippet":"max-snippet:-1","max-image-preview":"max-image-preview:large","max-video-preview":"max-video-preview:-1"},"canonical":"https:\/\/11ponto11servidor.com.br\/viagem\/america-do-sul\/blog-capitolio-minas-gerais\/","og_locale":"pt_BR","og_type":"article","og_title":"6 motivos para conhecer Capit\u00f3lio em Minas Gerais","og_description":"Capit\u00f3lio \u00e9 um dos destinos mais bonitos e procurados do Brasil, confira 6 motivos para fazer as malas e ir correndo pra l\u00e1!","og_url":"https:\/\/11ponto11servidor.com.br\/viagem\/america-do-sul\/blog-capitolio-minas-gerais\/","og_site_name":"Blog Viagens","article_publisher":"https:\/\/business.facebook.com\/suaviagemnoclick\/?business_id=470313793386419","article_published_time":"2018-05-09T14:19:25+00:00","article_modified_time":"2018-05-09T14:37:30+00:00","og_image":[{"width":840,"height":380,"url":"https:\/\/11ponto11servidor.com.br\/viagem\/wp-content\/uploads\/sites\/5\/2018\/05\/capa.png","type":"image\/png"}],"twitter_card":"summary_large_image","twitter_misc":{"Escrito por":"","Est. tempo de leitura":"8 minutos"},"schema":{"@context":"https:\/\/schema.org","@graph":[{"@type":"WebPage","@id":"https:\/\/11ponto11servidor.com.br\/viagem\/america-do-sul\/blog-capitolio-minas-gerais\/","url":"https:\/\/11ponto11servidor.com.br\/viagem\/america-do-sul\/blog-capitolio-minas-gerais\/","name":"6 motivos para conhecer Capit\u00f3lio em Minas Gerais","isPartOf":{"@id":"https:\/\/11ponto11servidor.com.br\/viagem\/#website"},"primaryImageOfPage":{"@id":"https:\/\/11ponto11servidor.com.br\/viagem\/america-do-sul\/blog-capitolio-minas-gerais\/#primaryimage"},"image":{"@id":"https:\/\/11ponto11servidor.com.br\/viagem\/america-do-sul\/blog-capitolio-minas-gerais\/#primaryimage"},"thumbnailUrl":"https:\/\/11ponto11servidor.com.br\/viagem\/wp-content\/uploads\/sites\/5\/2018\/05\/capa.png","datePublished":"2018-05-09T14:19:25+00:00","dateModified":"2018-05-09T14:37:30+00:00","author":{"@id":""},"description":"Capit\u00f3lio \u00e9 um dos destinos mais bonitos e procurados do Brasil, confira 6 motivos para fazer as malas e ir correndo pra l\u00e1!","breadcrumb":{"@id":"https:\/\/11ponto11servidor.com.br\/viagem\/america-do-sul\/blog-capitolio-minas-gerais\/#breadcrumb"},"inLanguage":"pt-BR","potentialAction":[{"@type":"ReadAction","target":["https:\/\/11ponto11servidor.com.br\/viagem\/america-do-sul\/blog-capitolio-minas-gerais\/"]}]},{"@type":"ImageObject","inLanguage":"pt-BR","@id":"https:\/\/11ponto11servidor.com.br\/viagem\/america-do-sul\/blog-capitolio-minas-gerais\/#primaryimage","url":"https:\/\/11ponto11servidor.com.br\/viagem\/wp-content\/uploads\/sites\/5\/2018\/05\/capa.png","contentUrl":"https:\/\/11ponto11servidor.com.br\/viagem\/wp-content\/uploads\/sites\/5\/2018\/05\/capa.png","width":840,"height":380,"caption":"Capit\u00f3lio"},{"@type":"BreadcrumbList","@id":"https:\/\/11ponto11servidor.com.br\/viagem\/america-do-sul\/blog-capitolio-minas-gerais\/#breadcrumb","itemListElement":[{"@type":"ListItem","position":1,"name":"In\u00edcio","item":"https:\/\/11ponto11servidor.com.br\/viagem\/"},{"@type":"ListItem","position":2,"name":"6 motivos para conhecer Capit\u00f3lio em Minas Gerais"}]},{"@type":"WebSite","@id":"https:\/\/11ponto11servidor.com.br\/viagem\/#website","url":"https:\/\/11ponto11servidor.com.br\/viagem\/","name":"Blog Viagens","description":"SIAPE Servidor Federal","potentialAction":[{"@type":"SearchAction","target":{"@type":"EntryPoint","urlTemplate":"https:\/\/11ponto11servidor.com.br\/viagem\/?s={search_term_string}"},"query-input":{"@type":"PropertyValueSpecification","valueRequired":true,"valueName":"search_term_string"}}],"inLanguage":"pt-BR"},{"@type":"Person","@id":"","url":"https:\/\/11ponto11servidor.com.br\/viagem\/author\/"}]}},"_links":{"self":[{"href":"https:\/\/11ponto11servidor.com.br\/viagem\/wp-json\/wp\/v2\/posts\/5804"}],"collection":[{"href":"https:\/\/11ponto11servidor.com.br\/viagem\/wp-json\/wp\/v2\/posts"}],"about":[{"href":"https:\/\/11ponto11servidor.com.br\/viagem\/wp-json\/wp\/v2\/types\/post"}],"author":[{"embeddable":true,"href":"https:\/\/11ponto11servidor.com.br\/viagem\/wp-json\/wp\/v2\/users\/5"}],"replies":[{"embeddable":true,"href":"https:\/\/11ponto11servidor.com.br\/viagem\/wp-json\/wp\/v2\/comments?post=5804"}],"version-history":[{"count":0,"href":"https:\/\/11ponto11servidor.com.br\/viagem\/wp-json\/wp\/v2\/posts\/5804\/revisions"}],"wp:featuredmedia":[{"embeddable":true,"href":"https:\/\/11ponto11servidor.com.br\/viagem\/wp-json\/wp\/v2\/media\/5805"}],"wp:attachment":[{"href":"https:\/\/11ponto11servidor.com.br\/viagem\/wp-json\/wp\/v2\/media?parent=5804"}],"wp:term":[{"taxonomy":"category","embeddable":true,"href":"https:\/\/11ponto11servidor.com.br\/viagem\/wp-json\/wp\/v2\/categories?post=5804"},{"taxonomy":"post_tag","embeddable":true,"href":"https:\/\/11ponto11servidor.com.br\/viagem\/wp-json\/wp\/v2\/tags?post=5804"}],"curies":[{"name":"wp","href":"https:\/\/api.w.org\/{rel}","templated":true}]}}