{"id":6139,"date":"2018-06-22T15:21:53","date_gmt":"2018-06-22T18:21:53","guid":{"rendered":"https:\/\/blogdosrsiape.com\/?p=6139"},"modified":"2018-06-25T13:44:04","modified_gmt":"2018-06-25T16:44:04","slug":"7-destinos-ideais-para-escapar-do-frio-de-julho-e-aproveitar-as-ferias","status":"publish","type":"post","link":"https:\/\/11ponto11servidor.com.br\/viagem\/dicas\/7-destinos-ideais-para-escapar-do-frio-de-julho-e-aproveitar-as-ferias\/","title":{"rendered":"7 DESTINOS IDEAIS PARA ESCAPAR DO FRIO DE JULHO E APROVEITAR AS F\u00c9RIAS"},"content":{"rendered":"<p dir=\"ltr\"><span id=\"m_-3630305236935152792docs-internal-guid-c608d61c-1448-b33c-7502-a2550aeedef0\">O m\u00eas de julho est\u00e1 chegando e com ele v\u00eam as f\u00e9rias escolares. Para muitos, esse \u00e9 o momento de conciliar a pausa que as crian\u00e7as fazem nos estudos com f\u00e9rias no trabalho. Por\u00e9m, especialmente para quem mora nas regi\u00f5es Sul e Sudeste, esse \u00e9 um per\u00edodo de temperaturas mais baixas.<\/span><\/p>\n<p dir=\"ltr\"><span id=\"m_-3630305236935152792docs-internal-guid-c608d61c-1448-b33c-7502-a2550aeedef0\">Se voc\u00ea pretende usar essa \u00e9poca do ano para fugir do inverno mais rigoroso, a boa not\u00edcia \u00e9 que o m\u00eas de julho \u00e9 repleto de op\u00e7\u00f5es n\u00e3o apenas no Hemisf\u00e9rio Norte, onde \u00e9 ver\u00e3o, mas tamb\u00e9m no Brasil. E o melhor de tudo: \u00e9 poss\u00edvel viajar para esses lugares sem gastar muito.<\/span><\/p>\n<p dir=\"ltr\"><span id=\"m_-3630305236935152792docs-internal-guid-c608d61c-1448-b33c-7502-a2550aeedef0\">Nesse artigo, listamos sete destinos para quem quer fugir do frio e ver o sol brilhar, seja para descansar em uma praia, para relaxar em \u00e1guas termais ou ainda para caminhar por ruas hist\u00f3ricas da Europa.<\/span><\/p>\n<p dir=\"ltr\"><strong><span id=\"m_-3630305236935152792docs-internal-guid-c608d61c-1448-b33c-7502-a2550aeedef0\">1 \u2013 Canc\u00fan, no M\u00e9xico<\/span><\/strong><\/p>\n<p><img decoding=\"async\" class=\"aligncenter wp-image-6149 size-full\" src=\"https:\/\/11ponto11servidor.com.br\/wp-content\/uploads\/sites\/5\/2018\/06\/1-1.jpg\" alt=\"\" width=\"1400\" height=\"928\" srcset=\"https:\/\/11ponto11servidor.com.br\/viagem\/wp-content\/uploads\/sites\/5\/2018\/06\/1-1.jpg 1400w, https:\/\/11ponto11servidor.com.br\/viagem\/wp-content\/uploads\/sites\/5\/2018\/06\/1-1-300x199.jpg 300w, https:\/\/11ponto11servidor.com.br\/viagem\/wp-content\/uploads\/sites\/5\/2018\/06\/1-1-768x509.jpg 768w, https:\/\/11ponto11servidor.com.br\/viagem\/wp-content\/uploads\/sites\/5\/2018\/06\/1-1-1024x679.jpg 1024w\" sizes=\"(max-width: 1400px) 100vw, 1400px\" \/><\/p>\n<p dir=\"ltr\"><span id=\"m_-3630305236935152792docs-internal-guid-c608d61c-1448-b33c-7502-a2550aeedef0\">O balne\u00e1rio de Canc\u00fan, no M\u00e9xico, \u00e9 uma das op\u00e7\u00f5es tur\u00edsticas mais procuradas pelos brasileiros e n\u00e3o \u00e9 por acaso: os pre\u00e7os s\u00e3o acess\u00edveis, a oferta \u00e9 ampla e quando aqui \u00e9 inverno por l\u00e1 o tempo est\u00e1 quente e firme.<\/span><\/p>\n<p dir=\"ltr\"><span id=\"m_-3630305236935152792docs-internal-guid-c608d61c-1448-b33c-7502-a2550aeedef0\">No Hemisf\u00e9rio Norte, as f\u00e9rias come\u00e7am em julho para aproveitar o ver\u00e3o, mas especialmente nesse m\u00eas o pre\u00e7os n\u00e3o s\u00e3o t\u00e3o altos, pois os norte-americanos acham esse per\u00edodo quente demais.<\/span><\/p>\n<p dir=\"ltr\"><span id=\"m_-3630305236935152792docs-internal-guid-c608d61c-1448-b33c-7502-a2550aeedef0\">Aproveite para conhecer os ecoparques tem\u00e1ticos e as ru\u00ednas maias enquanto se hospeda em resorts completos com di\u00e1rias acess\u00edveis.<\/span><\/p>\n<p dir=\"ltr\"><strong><span id=\"m_-3630305236935152792docs-internal-guid-c608d61c-1448-b33c-7502-a2550aeedef0\">2 \u2013 Berlim, na Alemanha<\/span><\/strong><\/p>\n<p><img decoding=\"async\" class=\"aligncenter wp-image-6150 size-full\" src=\"https:\/\/11ponto11servidor.com.br\/wp-content\/uploads\/sites\/5\/2018\/06\/2-2.jpg\" alt=\"\" width=\"1290\" height=\"640\" srcset=\"https:\/\/11ponto11servidor.com.br\/viagem\/wp-content\/uploads\/sites\/5\/2018\/06\/2-2.jpg 1290w, https:\/\/11ponto11servidor.com.br\/viagem\/wp-content\/uploads\/sites\/5\/2018\/06\/2-2-300x149.jpg 300w, https:\/\/11ponto11servidor.com.br\/viagem\/wp-content\/uploads\/sites\/5\/2018\/06\/2-2-768x381.jpg 768w, https:\/\/11ponto11servidor.com.br\/viagem\/wp-content\/uploads\/sites\/5\/2018\/06\/2-2-1024x508.jpg 1024w\" sizes=\"(max-width: 1290px) 100vw, 1290px\" \/><\/p>\n<p dir=\"ltr\"><span id=\"m_-3630305236935152792docs-internal-guid-c608d61c-1448-b33c-7502-a2550aeedef0\">O m\u00eas de julho \u00e9 a oportunidade perfeita para ver a capital da Alemanha banhada pelo sol. Nessa \u00e9poca do ano, a popula\u00e7\u00e3o sai \u00e0s ruas e os bares ficam lotados. \u00c9 hora de se deliciar nos beer gardens saboreando um pint de cerveja da melhor qualidade.<\/span><\/p>\n<p dir=\"ltr\"><span id=\"m_-3630305236935152792docs-internal-guid-c608d61c-1448-b33c-7502-a2550aeedef0\">Al\u00e9m disso, a cidade de Berlim respira hist\u00f3ria e cultura: s\u00e3o museus, monumentos e constru\u00e7\u00f5es que nos ajudam a entender a Segunda Guerra Mundial e o s\u00e9culo XX. Berlim \u00e9 uma cidade verde, recheada de parques e atividades ao ar livre, portanto esse \u00e9 o momento perfeito para desfrutar de tudo isso.<\/span><\/p>\n<p dir=\"ltr\"><strong><span id=\"m_-3630305236935152792docs-internal-guid-c608d61c-1448-b33c-7502-a2550aeedef0\">3 \u2013 Sic\u00edlia, na It\u00e1lia<\/span><\/strong><\/p>\n<p><img decoding=\"async\" class=\"aligncenter wp-image-6151 size-full\" src=\"https:\/\/11ponto11servidor.com.br\/wp-content\/uploads\/sites\/5\/2018\/06\/3-2.jpg\" alt=\"\" width=\"1200\" height=\"797\" srcset=\"https:\/\/11ponto11servidor.com.br\/viagem\/wp-content\/uploads\/sites\/5\/2018\/06\/3-2.jpg 1200w, https:\/\/11ponto11servidor.com.br\/viagem\/wp-content\/uploads\/sites\/5\/2018\/06\/3-2-300x199.jpg 300w, https:\/\/11ponto11servidor.com.br\/viagem\/wp-content\/uploads\/sites\/5\/2018\/06\/3-2-768x510.jpg 768w, https:\/\/11ponto11servidor.com.br\/viagem\/wp-content\/uploads\/sites\/5\/2018\/06\/3-2-1024x680.jpg 1024w\" sizes=\"(max-width: 1200px) 100vw, 1200px\" \/><\/p>\n<p dir=\"ltr\"><span id=\"m_-3630305236935152792docs-internal-guid-c608d61c-1448-b33c-7502-a2550aeedef0\">Um dos cen\u00e1rios mais fotog\u00eanicos de toda a Europa, a Sic\u00edlia \u00e9 um dos destinos mais procurados pelos turistas europeus. Hot\u00e9is com pre\u00e7os baixos e uma ampla oferta de vinhos fazem da regi\u00e3o um cen\u00e1rio paradis\u00edaco, unindo o buc\u00f3lico do campo a praias com \u00e1guas cristalinas.<\/span><\/p>\n<p dir=\"ltr\"><span id=\"m_-3630305236935152792docs-internal-guid-c608d61c-1448-b33c-7502-a2550aeedef0\">Como se isso n\u00e3o fosse o suficiente, voc\u00ea ainda ter\u00e1 a oportunidade de saborear a deliciosa culin\u00e1ria italiana, uma das mais saborosas do mundo. Comparada com outros destinos europeus, a regi\u00e3o da Sic\u00edlia \u00e9 muito em conta para n\u00f3s brasileiros.<\/span><\/p>\n<p dir=\"ltr\"><span id=\"m_-3630305236935152792docs-internal-guid-c608d61c-1448-b33c-7502-a2550aeedef0\">Anote a\u00ed o nome de algumas praias que s\u00e3o imperd\u00edveis: Licata, Torre Salsa e Calamosche. Uma boa dica \u00e9 alugar um carro para se deslocar pela regi\u00e3o com mais facilidade. Dif\u00edcil resistir a uma tenta\u00e7\u00e3o como essa, n\u00e3o \u00e9 mesmo?<\/span><\/p>\n<p dir=\"ltr\"><strong><span id=\"m_-3630305236935152792docs-internal-guid-c608d61c-1448-b33c-7502-a2550aeedef0\">4 \u2013 Lisboa, em Portugal<\/span><\/strong><\/p>\n<p dir=\"ltr\"><span id=\"m_-3630305236935152792docs-internal-guid-c608d61c-1448-b33c-7502-a2550aeedef0\"><img decoding=\"async\" class=\"aligncenter size-full wp-image-6152\" src=\"https:\/\/11ponto11servidor.com.br\/wp-content\/uploads\/sites\/5\/2018\/06\/4-1.jpg\" alt=\"\" width=\"1600\" height=\"900\" srcset=\"https:\/\/11ponto11servidor.com.br\/viagem\/wp-content\/uploads\/sites\/5\/2018\/06\/4-1.jpg 1600w, https:\/\/11ponto11servidor.com.br\/viagem\/wp-content\/uploads\/sites\/5\/2018\/06\/4-1-300x169.jpg 300w, https:\/\/11ponto11servidor.com.br\/viagem\/wp-content\/uploads\/sites\/5\/2018\/06\/4-1-768x432.jpg 768w, https:\/\/11ponto11servidor.com.br\/viagem\/wp-content\/uploads\/sites\/5\/2018\/06\/4-1-1024x576.jpg 1024w\" sizes=\"(max-width: 1600px) 100vw, 1600px\" \/>Um dos destinos mais procurados pelos brasileiros na Europa \u00e9 a cidade de Lisboa, em Portugal. Os pre\u00e7os mais acess\u00edveis de hot\u00e9is e passagens a\u00e9reas aliados a facilidade de podermos falar a nossa l\u00edngua por l\u00e1 torna o local muito atrativo.<\/span><\/p>\n<p dir=\"ltr\"><span id=\"m_-3630305236935152792docs-internal-guid-c608d61c-1448-b33c-7502-a2550aeedef0\">A gastronomia dos nossos colonizadores \u00e9 riqu\u00edssima e passear pelos becos e ruas hist\u00f3ricas da cidade nos faz mergulhar na origem do pr\u00f3prio Brasil. No ver\u00e3o, as praias ficam cheias. N\u00e3o deixe de conferir locais como Cascais e Praia do Guincho, ideais para surf, e Estoril, que re\u00fane luxuosos cassinos.<\/span><\/p>\n<p dir=\"ltr\"><strong><span id=\"m_-3630305236935152792docs-internal-guid-c608d61c-1448-b33c-7502-a2550aeedef0\">5 \u2013 Cartagena, na Col\u00f4mbia<\/span><\/strong><\/p>\n<p><img decoding=\"async\" class=\"aligncenter wp-image-6158 size-full\" src=\"https:\/\/11ponto11servidor.com.br\/wp-content\/uploads\/sites\/5\/2018\/06\/5-2.jpg\" alt=\"\" width=\"1440\" height=\"561\" srcset=\"https:\/\/11ponto11servidor.com.br\/viagem\/wp-content\/uploads\/sites\/5\/2018\/06\/5-2.jpg 1440w, https:\/\/11ponto11servidor.com.br\/viagem\/wp-content\/uploads\/sites\/5\/2018\/06\/5-2-300x117.jpg 300w, https:\/\/11ponto11servidor.com.br\/viagem\/wp-content\/uploads\/sites\/5\/2018\/06\/5-2-768x299.jpg 768w, https:\/\/11ponto11servidor.com.br\/viagem\/wp-content\/uploads\/sites\/5\/2018\/06\/5-2-1024x399.jpg 1024w\" sizes=\"(max-width: 1440px) 100vw, 1440px\" \/><\/p>\n<p dir=\"ltr\"><span id=\"m_-3630305236935152792docs-internal-guid-c608d61c-1448-b33c-7502-a2550aeedef0\">As praias do Caribe sempre encantaram os brasileiros, mas Cartagena tem se revelado um dos destinos mais atrativos da regi\u00e3o nos \u00faltimos cinco anos. A proximidade com o Brasil faz com que os pre\u00e7os sejam mais acess\u00edveis \u2013 e se voc\u00ea tiver uma semana livre j\u00e1 \u00e9 o suficiente.<\/span><\/p>\n<p dir=\"ltr\"><span id=\"m_-3630305236935152792docs-internal-guid-c608d61c-1448-b33c-7502-a2550aeedef0\">A cidade foi fundada em 1533, portanto carrega muita hist\u00f3ria. H\u00e1 muitos museus e casas hist\u00f3ricas, algumas delas restauradas. Durante o ver\u00e3o chove muito pouco e as praias alegres e coloridas s\u00e3o consideradas um verdadeiro para\u00edso para os visitantes.<\/span><\/p>\n<p dir=\"ltr\"><strong><span id=\"m_-3630305236935152792docs-internal-guid-c608d61c-1448-b33c-7502-a2550aeedef0\">6 \u2013 Caldas Novas, em Goi\u00e1s<\/span><\/strong><\/p>\n<p dir=\"ltr\"><span id=\"m_-3630305236935152792docs-internal-guid-c608d61c-1448-b33c-7502-a2550aeedef0\"><img decoding=\"async\" class=\"aligncenter size-full wp-image-6145\" src=\"https:\/\/11ponto11servidor.com.br\/wp-content\/uploads\/sites\/5\/2018\/06\/6-1.jpg\" alt=\"\" width=\"1024\" height=\"682\" srcset=\"https:\/\/11ponto11servidor.com.br\/viagem\/wp-content\/uploads\/sites\/5\/2018\/06\/6-1.jpg 1024w, https:\/\/11ponto11servidor.com.br\/viagem\/wp-content\/uploads\/sites\/5\/2018\/06\/6-1-300x200.jpg 300w, https:\/\/11ponto11servidor.com.br\/viagem\/wp-content\/uploads\/sites\/5\/2018\/06\/6-1-768x512.jpg 768w\" sizes=\"(max-width: 1024px) 100vw, 1024px\" \/><\/span><\/p>\n<p dir=\"ltr\"><span id=\"m_-3630305236935152792docs-internal-guid-c608d61c-1448-b33c-7502-a2550aeedef0\">Quer fugir do inverno, mas n\u00e3o pretende sair do Brasil? N\u00e3o tem problema. Entre as muitas op\u00e7\u00f5es existentes uma delas \u00e9 a cidade de Caldas Novas, em Goi\u00e1s. Ela est\u00e1 situada a cerca de 170 quil\u00f4metros da capital Goi\u00e2nia, ent\u00e3o d\u00e1 para ir de avi\u00e3o at\u00e9 l\u00e1 e depois pegar um \u00f4nibus at\u00e9 o seu destino.<\/span><\/p>\n<p dir=\"ltr\"><span id=\"m_-3630305236935152792docs-internal-guid-c608d61c-1448-b33c-7502-a2550aeedef0\">A grande atra\u00e7\u00e3o da regi\u00e3o s\u00e3o os parques de \u00e1guas termais, resorts modernos e que oferecem a infraestrutura completa para voc\u00ea passar dias de f\u00e9rias. Em julho as temperaturas costumam ficar entre 16 e 28 graus e praticamente n\u00e3o chove nessa \u00e9poca do ano.<\/span><\/p>\n<p dir=\"ltr\"><strong><span id=\"m_-3630305236935152792docs-internal-guid-c608d61c-1448-b33c-7502-a2550aeedef0\">7 \u2013 Miami e Orlando, nos Estados Unidos<\/span><\/strong><\/p>\n<p><img decoding=\"async\" class=\"size-full wp-image-6146\" src=\"https:\/\/11ponto11servidor.com.br\/wp-content\/uploads\/sites\/5\/2018\/06\/7-1.jpg\" alt=\"\" width=\"788\" height=\"443\" srcset=\"https:\/\/11ponto11servidor.com.br\/viagem\/wp-content\/uploads\/sites\/5\/2018\/06\/7-1.jpg 788w, https:\/\/11ponto11servidor.com.br\/viagem\/wp-content\/uploads\/sites\/5\/2018\/06\/7-1-300x169.jpg 300w, https:\/\/11ponto11servidor.com.br\/viagem\/wp-content\/uploads\/sites\/5\/2018\/06\/7-1-768x432.jpg 768w\" sizes=\"(max-width: 788px) 100vw, 788px\" \/><\/p>\n<p dir=\"ltr\"><span id=\"m_-3630305236935152792docs-internal-guid-c608d61c-1448-b33c-7502-a2550aeedef0\">Dois dos destinos mais procurados pelos brasileiros nos Estados Unidos, Miami e Orlando costumam bombar nessa \u00e9poca do ano. A possibilidade de desfrutar de resorts completos em bel\u00edssimas praias \u00e9 uma verdadeira tenta\u00e7\u00e3o para muita gente.<\/span><\/p>\n<p dir=\"ltr\"><span id=\"m_-3630305236935152792docs-internal-guid-c608d61c-1448-b33c-7502-a2550aeedef0\">Al\u00e9m disso, os parques da Disney, da Universal e o Sea World funcionam a todo vapor nesses meses. Eles ficam um pouco mais cheios, \u00e9 verdade, mas h\u00e1 muitas atra\u00e7\u00f5es especiais que s\u00e3o preparadas exclusivamente para essa \u00e9poca.<br \/>\n<\/span><\/p>\n<p dir=\"ltr\">Fonte:<\/p>\n<p>Fonte: <a href=\"http:\/\/www.qualviagem.com.br\/74687\/\" target=\"_blank\" rel=\"noopener\">Qualviagem<\/a> e <a href=\"https:\/\/www.pontosmultiplus.com.br\/home\" target=\"_blank\" rel=\"noopener\">Multiplus<\/a><\/p>\n<p dir=\"ltr\" style=\"text-align: center\"><a href=\"https:\/\/blogdosrsiape.com\/atendimento-vip-servidor\/\" target=\"_blank\" rel=\"noopener\"><img decoding=\"async\" class=\"aligncenter wp-image-6162\" src=\"https:\/\/11ponto11servidor.com.br\/wp-content\/uploads\/sites\/5\/2018\/06\/materia2106.jpg\" alt=\"\" width=\"700\" height=\"245\" srcset=\"https:\/\/11ponto11servidor.com.br\/viagem\/wp-content\/uploads\/sites\/5\/2018\/06\/materia2106.jpg 1170w, https:\/\/11ponto11servidor.com.br\/viagem\/wp-content\/uploads\/sites\/5\/2018\/06\/materia2106-300x105.jpg 300w, https:\/\/11ponto11servidor.com.br\/viagem\/wp-content\/uploads\/sites\/5\/2018\/06\/materia2106-768x269.jpg 768w, https:\/\/11ponto11servidor.com.br\/viagem\/wp-content\/uploads\/sites\/5\/2018\/06\/materia2106-1024x359.jpg 1024w\" sizes=\"(max-width: 700px) 100vw, 700px\" \/>Obtenha descontos incr\u00edveis \u00a0nas passagens a\u00e9reas, na hospedagem na loca\u00e7\u00e3o de carro e nos passeios.<\/a><\/p>\n","protected":false},"excerpt":{"rendered":"<p>O m\u00eas de julho est\u00e1 chegando e com ele v\u00eam as f\u00e9rias escolares. Para muitos, esse \u00e9 o momento de conciliar a pausa que as crian\u00e7as fazem &#8230;<\/p>\n","protected":false},"author":6,"featured_media":6165,"comment_status":"open","ping_status":"open","sticky":false,"template":"","format":"standard","meta":{"footnotes":""},"categories":[97],"tags":[100,98,101],"class_list":["post-6139","post","type-post","status-publish","format-standard","has-post-thumbnail","hentry","category-dicas","tag-dicas","tag-ferias","tag-julho"],"yoast_head":"<!-- This site is optimized with the Yoast SEO Premium plugin v16.3 (Yoast SEO v23.6) - https:\/\/yoast.com\/wordpress\/plugins\/seo\/ -->\n<title>7 destinos ideais para escapar do frio de julho e aproveitar as f\u00e9rias ...<\/title>\n<meta name=\"description\" content=\"O m\u00eas de julho est\u00e1 chegando e com ele v\u00eam as f\u00e9rias escolares. Para muitos, esse \u00e9 o momento de conciliar a pausa que as crian\u00e7as fazem ...\" \/>\n<meta name=\"robots\" content=\"index, follow, max-snippet:-1, max-image-preview:large, max-video-preview:-1\" \/>\n<link rel=\"canonical\" href=\"https:\/\/11ponto11servidor.com.br\/viagem\/dicas\/7-destinos-ideais-para-escapar-do-frio-de-julho-e-aproveitar-as-ferias\/\" \/>\n<meta property=\"og:locale\" content=\"pt_BR\" \/>\n<meta property=\"og:type\" content=\"article\" \/>\n<meta property=\"og:title\" content=\"7 destinos ideais para escapar do frio de julho e aproveitar as f\u00e9rias ...\" \/>\n<meta property=\"og:description\" content=\"O m\u00eas de julho est\u00e1 chegando e com ele v\u00eam as f\u00e9rias escolares. Para muitos, esse \u00e9 o momento de conciliar a pausa que as crian\u00e7as fazem ...\" \/>\n<meta property=\"og:url\" content=\"https:\/\/11ponto11servidor.com.br\/viagem\/dicas\/7-destinos-ideais-para-escapar-do-frio-de-julho-e-aproveitar-as-ferias\/\" \/>\n<meta property=\"og:site_name\" content=\"Blog Viagens\" \/>\n<meta property=\"article:publisher\" content=\"https:\/\/business.facebook.com\/suaviagemnoclick\/?business_id=470313793386419\" \/>\n<meta property=\"article:published_time\" content=\"2018-06-22T18:21:53+00:00\" \/>\n<meta property=\"article:modified_time\" content=\"2018-06-25T16:44:04+00:00\" \/>\n<meta property=\"og:image\" content=\"https:\/\/11ponto11servidor.com.br\/viagem\/wp-content\/uploads\/sites\/5\/2018\/06\/praia-de-bacutia-1.jpg\" \/>\n\t<meta property=\"og:image:width\" content=\"1500\" \/>\n\t<meta property=\"og:image:height\" content=\"1000\" \/>\n\t<meta property=\"og:image:type\" content=\"image\/jpeg\" \/>\n<meta name=\"twitter:card\" content=\"summary_large_image\" \/>\n<meta name=\"twitter:label1\" content=\"Escrito por\" \/>\n\t<meta name=\"twitter:data1\" content=\"\" \/>\n\t<meta name=\"twitter:label2\" content=\"Est. tempo de leitura\" \/>\n\t<meta name=\"twitter:data2\" content=\"5 minutos\" \/>\n<script type=\"application\/ld+json\" class=\"yoast-schema-graph\">{\"@context\":\"https:\/\/schema.org\",\"@graph\":[{\"@type\":\"WebPage\",\"@id\":\"https:\/\/11ponto11servidor.com.br\/viagem\/dicas\/7-destinos-ideais-para-escapar-do-frio-de-julho-e-aproveitar-as-ferias\/\",\"url\":\"https:\/\/11ponto11servidor.com.br\/viagem\/dicas\/7-destinos-ideais-para-escapar-do-frio-de-julho-e-aproveitar-as-ferias\/\",\"name\":\"7 destinos ideais para escapar do frio de julho e aproveitar as f\u00e9rias ...\",\"isPartOf\":{\"@id\":\"https:\/\/11ponto11servidor.com.br\/viagem\/#website\"},\"primaryImageOfPage\":{\"@id\":\"https:\/\/11ponto11servidor.com.br\/viagem\/dicas\/7-destinos-ideais-para-escapar-do-frio-de-julho-e-aproveitar-as-ferias\/#primaryimage\"},\"image\":{\"@id\":\"https:\/\/11ponto11servidor.com.br\/viagem\/dicas\/7-destinos-ideais-para-escapar-do-frio-de-julho-e-aproveitar-as-ferias\/#primaryimage\"},\"thumbnailUrl\":\"https:\/\/11ponto11servidor.com.br\/viagem\/wp-content\/uploads\/sites\/5\/2018\/06\/praia-de-bacutia-1.jpg\",\"datePublished\":\"2018-06-22T18:21:53+00:00\",\"dateModified\":\"2018-06-25T16:44:04+00:00\",\"author\":{\"@id\":\"\"},\"description\":\"O m\u00eas de julho est\u00e1 chegando e com ele v\u00eam as f\u00e9rias escolares. Para muitos, esse \u00e9 o momento de conciliar a pausa que as crian\u00e7as fazem ...\",\"breadcrumb\":{\"@id\":\"https:\/\/11ponto11servidor.com.br\/viagem\/dicas\/7-destinos-ideais-para-escapar-do-frio-de-julho-e-aproveitar-as-ferias\/#breadcrumb\"},\"inLanguage\":\"pt-BR\",\"potentialAction\":[{\"@type\":\"ReadAction\",\"target\":[\"https:\/\/11ponto11servidor.com.br\/viagem\/dicas\/7-destinos-ideais-para-escapar-do-frio-de-julho-e-aproveitar-as-ferias\/\"]}]},{\"@type\":\"ImageObject\",\"inLanguage\":\"pt-BR\",\"@id\":\"https:\/\/11ponto11servidor.com.br\/viagem\/dicas\/7-destinos-ideais-para-escapar-do-frio-de-julho-e-aproveitar-as-ferias\/#primaryimage\",\"url\":\"https:\/\/11ponto11servidor.com.br\/viagem\/wp-content\/uploads\/sites\/5\/2018\/06\/praia-de-bacutia-1.jpg\",\"contentUrl\":\"https:\/\/11ponto11servidor.com.br\/viagem\/wp-content\/uploads\/sites\/5\/2018\/06\/praia-de-bacutia-1.jpg\",\"width\":1500,\"height\":1000},{\"@type\":\"BreadcrumbList\",\"@id\":\"https:\/\/11ponto11servidor.com.br\/viagem\/dicas\/7-destinos-ideais-para-escapar-do-frio-de-julho-e-aproveitar-as-ferias\/#breadcrumb\",\"itemListElement\":[{\"@type\":\"ListItem\",\"position\":1,\"name\":\"In\u00edcio\",\"item\":\"https:\/\/11ponto11servidor.com.br\/viagem\/\"},{\"@type\":\"ListItem\",\"position\":2,\"name\":\"7 DESTINOS IDEAIS PARA ESCAPAR DO FRIO DE JULHO E APROVEITAR AS F\u00c9RIAS\"}]},{\"@type\":\"WebSite\",\"@id\":\"https:\/\/11ponto11servidor.com.br\/viagem\/#website\",\"url\":\"https:\/\/11ponto11servidor.com.br\/viagem\/\",\"name\":\"Blog Viagens\",\"description\":\"SIAPE Servidor Federal\",\"potentialAction\":[{\"@type\":\"SearchAction\",\"target\":{\"@type\":\"EntryPoint\",\"urlTemplate\":\"https:\/\/11ponto11servidor.com.br\/viagem\/?s={search_term_string}\"},\"query-input\":{\"@type\":\"PropertyValueSpecification\",\"valueRequired\":true,\"valueName\":\"search_term_string\"}}],\"inLanguage\":\"pt-BR\"},{\"@type\":\"Person\",\"@id\":\"\",\"url\":\"https:\/\/11ponto11servidor.com.br\/viagem\/author\/\"}]}<\/script>\n<!-- \/ Yoast SEO Premium plugin. -->","yoast_head_json":{"title":"7 destinos ideais para escapar do frio de julho e aproveitar as f\u00e9rias ...","description":"O m\u00eas de julho est\u00e1 chegando e com ele v\u00eam as f\u00e9rias escolares. Para muitos, esse \u00e9 o momento de conciliar a pausa que as crian\u00e7as fazem ...","robots":{"index":"index","follow":"follow","max-snippet":"max-snippet:-1","max-image-preview":"max-image-preview:large","max-video-preview":"max-video-preview:-1"},"canonical":"https:\/\/11ponto11servidor.com.br\/viagem\/dicas\/7-destinos-ideais-para-escapar-do-frio-de-julho-e-aproveitar-as-ferias\/","og_locale":"pt_BR","og_type":"article","og_title":"7 destinos ideais para escapar do frio de julho e aproveitar as f\u00e9rias ...","og_description":"O m\u00eas de julho est\u00e1 chegando e com ele v\u00eam as f\u00e9rias escolares. Para muitos, esse \u00e9 o momento de conciliar a pausa que as crian\u00e7as fazem ...","og_url":"https:\/\/11ponto11servidor.com.br\/viagem\/dicas\/7-destinos-ideais-para-escapar-do-frio-de-julho-e-aproveitar-as-ferias\/","og_site_name":"Blog Viagens","article_publisher":"https:\/\/business.facebook.com\/suaviagemnoclick\/?business_id=470313793386419","article_published_time":"2018-06-22T18:21:53+00:00","article_modified_time":"2018-06-25T16:44:04+00:00","og_image":[{"width":1500,"height":1000,"url":"https:\/\/11ponto11servidor.com.br\/viagem\/wp-content\/uploads\/sites\/5\/2018\/06\/praia-de-bacutia-1.jpg","type":"image\/jpeg"}],"twitter_card":"summary_large_image","twitter_misc":{"Escrito por":"","Est. tempo de leitura":"5 minutos"},"schema":{"@context":"https:\/\/schema.org","@graph":[{"@type":"WebPage","@id":"https:\/\/11ponto11servidor.com.br\/viagem\/dicas\/7-destinos-ideais-para-escapar-do-frio-de-julho-e-aproveitar-as-ferias\/","url":"https:\/\/11ponto11servidor.com.br\/viagem\/dicas\/7-destinos-ideais-para-escapar-do-frio-de-julho-e-aproveitar-as-ferias\/","name":"7 destinos ideais para escapar do frio de julho e aproveitar as f\u00e9rias ...","isPartOf":{"@id":"https:\/\/11ponto11servidor.com.br\/viagem\/#website"},"primaryImageOfPage":{"@id":"https:\/\/11ponto11servidor.com.br\/viagem\/dicas\/7-destinos-ideais-para-escapar-do-frio-de-julho-e-aproveitar-as-ferias\/#primaryimage"},"image":{"@id":"https:\/\/11ponto11servidor.com.br\/viagem\/dicas\/7-destinos-ideais-para-escapar-do-frio-de-julho-e-aproveitar-as-ferias\/#primaryimage"},"thumbnailUrl":"https:\/\/11ponto11servidor.com.br\/viagem\/wp-content\/uploads\/sites\/5\/2018\/06\/praia-de-bacutia-1.jpg","datePublished":"2018-06-22T18:21:53+00:00","dateModified":"2018-06-25T16:44:04+00:00","author":{"@id":""},"description":"O m\u00eas de julho est\u00e1 chegando e com ele v\u00eam as f\u00e9rias escolares. Para muitos, esse \u00e9 o momento de conciliar a pausa que as crian\u00e7as fazem ...","breadcrumb":{"@id":"https:\/\/11ponto11servidor.com.br\/viagem\/dicas\/7-destinos-ideais-para-escapar-do-frio-de-julho-e-aproveitar-as-ferias\/#breadcrumb"},"inLanguage":"pt-BR","potentialAction":[{"@type":"ReadAction","target":["https:\/\/11ponto11servidor.com.br\/viagem\/dicas\/7-destinos-ideais-para-escapar-do-frio-de-julho-e-aproveitar-as-ferias\/"]}]},{"@type":"ImageObject","inLanguage":"pt-BR","@id":"https:\/\/11ponto11servidor.com.br\/viagem\/dicas\/7-destinos-ideais-para-escapar-do-frio-de-julho-e-aproveitar-as-ferias\/#primaryimage","url":"https:\/\/11ponto11servidor.com.br\/viagem\/wp-content\/uploads\/sites\/5\/2018\/06\/praia-de-bacutia-1.jpg","contentUrl":"https:\/\/11ponto11servidor.com.br\/viagem\/wp-content\/uploads\/sites\/5\/2018\/06\/praia-de-bacutia-1.jpg","width":1500,"height":1000},{"@type":"BreadcrumbList","@id":"https:\/\/11ponto11servidor.com.br\/viagem\/dicas\/7-destinos-ideais-para-escapar-do-frio-de-julho-e-aproveitar-as-ferias\/#breadcrumb","itemListElement":[{"@type":"ListItem","position":1,"name":"In\u00edcio","item":"https:\/\/11ponto11servidor.com.br\/viagem\/"},{"@type":"ListItem","position":2,"name":"7 DESTINOS IDEAIS PARA ESCAPAR DO FRIO DE JULHO E APROVEITAR AS F\u00c9RIAS"}]},{"@type":"WebSite","@id":"https:\/\/11ponto11servidor.com.br\/viagem\/#website","url":"https:\/\/11ponto11servidor.com.br\/viagem\/","name":"Blog Viagens","description":"SIAPE Servidor Federal","potentialAction":[{"@type":"SearchAction","target":{"@type":"EntryPoint","urlTemplate":"https:\/\/11ponto11servidor.com.br\/viagem\/?s={search_term_string}"},"query-input":{"@type":"PropertyValueSpecification","valueRequired":true,"valueName":"search_term_string"}}],"inLanguage":"pt-BR"},{"@type":"Person","@id":"","url":"https:\/\/11ponto11servidor.com.br\/viagem\/author\/"}]}},"_links":{"self":[{"href":"https:\/\/11ponto11servidor.com.br\/viagem\/wp-json\/wp\/v2\/posts\/6139"}],"collection":[{"href":"https:\/\/11ponto11servidor.com.br\/viagem\/wp-json\/wp\/v2\/posts"}],"about":[{"href":"https:\/\/11ponto11servidor.com.br\/viagem\/wp-json\/wp\/v2\/types\/post"}],"author":[{"embeddable":true,"href":"https:\/\/11ponto11servidor.com.br\/viagem\/wp-json\/wp\/v2\/users\/6"}],"replies":[{"embeddable":true,"href":"https:\/\/11ponto11servidor.com.br\/viagem\/wp-json\/wp\/v2\/comments?post=6139"}],"version-history":[{"count":0,"href":"https:\/\/11ponto11servidor.com.br\/viagem\/wp-json\/wp\/v2\/posts\/6139\/revisions"}],"wp:featuredmedia":[{"embeddable":true,"href":"https:\/\/11ponto11servidor.com.br\/viagem\/wp-json\/wp\/v2\/media\/6165"}],"wp:attachment":[{"href":"https:\/\/11ponto11servidor.com.br\/viagem\/wp-json\/wp\/v2\/media?parent=6139"}],"wp:term":[{"taxonomy":"category","embeddable":true,"href":"https:\/\/11ponto11servidor.com.br\/viagem\/wp-json\/wp\/v2\/categories?post=6139"},{"taxonomy":"post_tag","embeddable":true,"href":"https:\/\/11ponto11servidor.com.br\/viagem\/wp-json\/wp\/v2\/tags?post=6139"}],"curies":[{"name":"wp","href":"https:\/\/api.w.org\/{rel}","templated":true}]}}