{"id":6209,"date":"2018-06-29T11:21:43","date_gmt":"2018-06-29T14:21:43","guid":{"rendered":"https:\/\/blogdosrsiape.com\/?p=6209"},"modified":"2019-03-11T12:54:26","modified_gmt":"2019-03-11T15:54:26","slug":"10-lugares-para-viajar-nas-ferias-de-julho","status":"publish","type":"post","link":"https:\/\/11ponto11servidor.com.br\/viagem\/dicas\/10-lugares-para-viajar-nas-ferias-de-julho\/","title":{"rendered":"10 lugares para viajar nas f\u00e9rias de julho"},"content":{"rendered":"<p>Quem ama viajar \u00e9 capaz de ficar contando os dias para feriados, fins de semana e quaisquer outras lacunas que permitam uma escapada. Como a gente ama dar dicas de destinos bacanas pra todo mundo ir, desta vez selecionamos\u00a0<strong>10 lugares para viajar nas f\u00e9rias de julho<\/strong>, per\u00edodo de frio e divers\u00e3o.<\/p>\n<p><strong>Santiago \u2013 Chile<\/strong><\/p>\n<p>Uma boa pedida para o inverno \u00e9 o\u00a0<strong>Valle Nevado<\/strong>, no Chile. Apesar de disputado, o local a uma hora de Santiago encanta os brasileiros e se destaca como um dos melhores destinos da temporada na Am\u00e9rica do Sul. S\u00e3o v\u00e1rias pistas de esqui \u2013 com direito a aulas \u2013 para aproveitar, al\u00e9m de spa, piscina aquecida com direito a DJ pra dar aquela animada, sala de cinema, entre outros, dentro do resort.\u00a0<img decoding=\"async\" class=\"aligncenter wp-image-6228 size-full\" src=\"https:\/\/11ponto11servidor.com.br\/wp-content\/uploads\/sites\/5\/2018\/06\/viajar-pra-santiago-dest.jpg\" alt=\"\" width=\"1180\" height=\"739\" srcset=\"https:\/\/11ponto11servidor.com.br\/viagem\/wp-content\/uploads\/sites\/5\/2018\/06\/viajar-pra-santiago-dest.jpg 1180w, https:\/\/11ponto11servidor.com.br\/viagem\/wp-content\/uploads\/sites\/5\/2018\/06\/viajar-pra-santiago-dest-300x188.jpg 300w, https:\/\/11ponto11servidor.com.br\/viagem\/wp-content\/uploads\/sites\/5\/2018\/06\/viajar-pra-santiago-dest-768x481.jpg 768w, https:\/\/11ponto11servidor.com.br\/viagem\/wp-content\/uploads\/sites\/5\/2018\/06\/viajar-pra-santiago-dest-1024x641.jpg 1024w\" sizes=\"(max-width: 1180px) 100vw, 1180px\" \/><\/p>\n<p><strong>Bariloche \u2013 Argentina<\/strong><\/p>\n<p>Queridinho dos brasileiros, o destino fica ainda melhor no m\u00eas de julho por conta da temperatura. A protagonista da esta\u00e7\u00e3o \u00e9 a neve, permitindo atividades divertidas que s\u00e3o imposs\u00edveis no Brasil. Entre os atrativos que tanto chamam a aten\u00e7\u00e3o est\u00e3o as esta\u00e7\u00f5es de esqui e snowboard, as lojas de chocolate e trilhas entre paisagens exuberantes.<\/p>\n<p><img decoding=\"async\" class=\"aligncenter wp-image-6225 size-full\" src=\"https:\/\/11ponto11servidor.com.br\/wp-content\/uploads\/sites\/5\/2018\/06\/Lllao-Llao-Hotel.jpg\" alt=\"\" width=\"1600\" height=\"1021\" srcset=\"https:\/\/11ponto11servidor.com.br\/viagem\/wp-content\/uploads\/sites\/5\/2018\/06\/Lllao-Llao-Hotel.jpg 1600w, https:\/\/11ponto11servidor.com.br\/viagem\/wp-content\/uploads\/sites\/5\/2018\/06\/Lllao-Llao-Hotel-300x191.jpg 300w, https:\/\/11ponto11servidor.com.br\/viagem\/wp-content\/uploads\/sites\/5\/2018\/06\/Lllao-Llao-Hotel-768x490.jpg 768w, https:\/\/11ponto11servidor.com.br\/viagem\/wp-content\/uploads\/sites\/5\/2018\/06\/Lllao-Llao-Hotel-1024x653.jpg 1024w\" sizes=\"(max-width: 1600px) 100vw, 1600px\" \/><\/p>\n<p><strong>S\u00e3o Joaquim \u2013 Santa Catarina<\/strong><\/p>\n<p>Quem pensa que no Brasil n\u00e3o neva est\u00e1 muito enganado. Com temperaturas abaixo de zero, S\u00e3o Joaquim \u00e9 uma das cidades aben\u00e7oadas pela neve ocasional que atrai turistas do pa\u00eds todo. A regi\u00e3o, que inclui Urupema e Urubici, t\u00e3o frias quanto, \u00e9 cercada de verde e tem atra\u00e7\u00f5es entre as montanhas, como vin\u00edcolas, a Pedra Furada e a Serra do Rio do Rastro, em Bom Jardim da Serra.<\/p>\n<p><strong><img decoding=\"async\" class=\"aligncenter wp-image-6226 size-full\" src=\"https:\/\/11ponto11servidor.com.br\/wp-content\/uploads\/sites\/5\/2018\/06\/sao.jpg\" alt=\"\" width=\"1600\" height=\"901\" srcset=\"https:\/\/11ponto11servidor.com.br\/viagem\/wp-content\/uploads\/sites\/5\/2018\/06\/sao.jpg 1600w, https:\/\/11ponto11servidor.com.br\/viagem\/wp-content\/uploads\/sites\/5\/2018\/06\/sao-300x169.jpg 300w, https:\/\/11ponto11servidor.com.br\/viagem\/wp-content\/uploads\/sites\/5\/2018\/06\/sao-768x432.jpg 768w, https:\/\/11ponto11servidor.com.br\/viagem\/wp-content\/uploads\/sites\/5\/2018\/06\/sao-1024x577.jpg 1024w\" sizes=\"(max-width: 1600px) 100vw, 1600px\" \/><\/strong><\/p>\n<p><strong>Campos do Jord\u00e3o\u00a0\u2013 S\u00e3o Paulo<\/strong><\/p>\n<p>Com arquitetura ao estilo alpino, muitas boutiques, restaurantes aconchegantes e baladas animadas, Campos do Jord\u00e3o \u00e9 um dos principais ref\u00fagios dos paulistanos quando as temperaturas caem. \u00c9 na pequena cidade que acontece um dos maiores festivais de inverno da Am\u00e9rica Latina, em julho.<\/p>\n<p><strong><img decoding=\"async\" class=\"aligncenter wp-image-6230 size-full\" src=\"https:\/\/11ponto11servidor.com.br\/wp-content\/uploads\/sites\/5\/2018\/06\/campos-do-jordao-melhores-hoteis.jpg\" alt=\"\" width=\"1024\" height=\"768\" srcset=\"https:\/\/11ponto11servidor.com.br\/viagem\/wp-content\/uploads\/sites\/5\/2018\/06\/campos-do-jordao-melhores-hoteis.jpg 1024w, https:\/\/11ponto11servidor.com.br\/viagem\/wp-content\/uploads\/sites\/5\/2018\/06\/campos-do-jordao-melhores-hoteis-300x225.jpg 300w, https:\/\/11ponto11servidor.com.br\/viagem\/wp-content\/uploads\/sites\/5\/2018\/06\/campos-do-jordao-melhores-hoteis-768x576.jpg 768w, https:\/\/11ponto11servidor.com.br\/viagem\/wp-content\/uploads\/sites\/5\/2018\/06\/campos-do-jordao-melhores-hoteis-120x90.jpg 120w, https:\/\/11ponto11servidor.com.br\/viagem\/wp-content\/uploads\/sites\/5\/2018\/06\/campos-do-jordao-melhores-hoteis-205x155.jpg 205w, https:\/\/11ponto11servidor.com.br\/viagem\/wp-content\/uploads\/sites\/5\/2018\/06\/campos-do-jordao-melhores-hoteis-400x300.jpg 400w\" sizes=\"(max-width: 1024px) 100vw, 1024px\" \/><\/strong><\/p>\n<p><strong>Cunha \u2013 S\u00e3o Paulo<\/strong><\/p>\n<p>Esta pequena cidade no interior de Sampa e pr\u00f3xima a Paraty, no Rio de Janeiro, fez um baita sucesso aqui no blog por conta de seus\u00a0<a href=\"http:\/\/quantocustaviajar.com\/blog\/conheca-o-fabuloso-lavandario-de-cunha-em-sao-paulo\/\" target=\"_blank\" rel=\"noopener noreferrer\">belos campos de lavanda<\/a>, al\u00e9m de ser uma regi\u00e3o montanhosa com paisagens buc\u00f3licas e pousadas charmosas. Durante o m\u00eas do julho, a grande atra\u00e7\u00e3o \u00e9 o Festival de Inverno \u201cAcordes na Serra\u201d, presente na regi\u00e3o h\u00e1 duas d\u00e9cadas. O evento conta com exposi\u00e7\u00f5es, shows e concertos. H\u00e1 ainda, no mesmo m\u00eas, a Festa do Divino.<\/p>\n<p><strong><img decoding=\"async\" class=\"aligncenter wp-image-6232 size-full\" src=\"https:\/\/11ponto11servidor.com.br\/wp-content\/uploads\/sites\/5\/2018\/06\/lavsa.jpg\" alt=\"\" width=\"1224\" height=\"918\" srcset=\"https:\/\/11ponto11servidor.com.br\/viagem\/wp-content\/uploads\/sites\/5\/2018\/06\/lavsa.jpg 1224w, https:\/\/11ponto11servidor.com.br\/viagem\/wp-content\/uploads\/sites\/5\/2018\/06\/lavsa-300x225.jpg 300w, https:\/\/11ponto11servidor.com.br\/viagem\/wp-content\/uploads\/sites\/5\/2018\/06\/lavsa-768x576.jpg 768w, https:\/\/11ponto11servidor.com.br\/viagem\/wp-content\/uploads\/sites\/5\/2018\/06\/lavsa-1024x768.jpg 1024w, https:\/\/11ponto11servidor.com.br\/viagem\/wp-content\/uploads\/sites\/5\/2018\/06\/lavsa-120x90.jpg 120w, https:\/\/11ponto11servidor.com.br\/viagem\/wp-content\/uploads\/sites\/5\/2018\/06\/lavsa-205x155.jpg 205w, https:\/\/11ponto11servidor.com.br\/viagem\/wp-content\/uploads\/sites\/5\/2018\/06\/lavsa-400x300.jpg 400w\" sizes=\"(max-width: 1224px) 100vw, 1224px\" \/><\/strong><\/p>\n<p><strong>Guaramiranga \u2013 Cear\u00e1<\/strong><\/p>\n<p>\u00c9 inacredit\u00e1vel o quanto o Cear\u00e1 consegue ser multifacetado. Pouca gente sabe, mas no Maci\u00e7o de Baturit\u00e9 tem uma cidade nordestina que \u00e9 apelidada de \u201cSu\u00ed\u00e7a cearense\u201d e \u201cCidade das Flores\u201d. Guaramiranga \u00e9 uma regi\u00e3o serrana onde os term\u00f4metros marcam entre 15\u00baC e 23\u00baC, muito mais amenas do que o litoral. Para quem quer curtir o visual e relaxar, \u00e9 o lugar ideal. Agraciado pela natureza, o lugar tamb\u00e9m \u00e9 prop\u00edcio para o ecoturismo.<\/p>\n<p><strong><img decoding=\"async\" class=\"aligncenter wp-image-6233 size-full\" src=\"https:\/\/11ponto11servidor.com.br\/wp-content\/uploads\/sites\/5\/2018\/06\/guara.jpg\" alt=\"\" width=\"1200\" height=\"800\" srcset=\"https:\/\/11ponto11servidor.com.br\/viagem\/wp-content\/uploads\/sites\/5\/2018\/06\/guara.jpg 1200w, https:\/\/11ponto11servidor.com.br\/viagem\/wp-content\/uploads\/sites\/5\/2018\/06\/guara-300x200.jpg 300w, https:\/\/11ponto11servidor.com.br\/viagem\/wp-content\/uploads\/sites\/5\/2018\/06\/guara-768x512.jpg 768w, https:\/\/11ponto11servidor.com.br\/viagem\/wp-content\/uploads\/sites\/5\/2018\/06\/guara-1024x683.jpg 1024w\" sizes=\"(max-width: 1200px) 100vw, 1200px\" \/><\/strong><\/p>\n<p><strong>Gon\u00e7alves \u2013 Minas Gerais<\/strong><\/p>\n<p>Rodeada por montanhas repletas de grandes Arauc\u00e1rias e Pinheiros, o munic\u00edpio de Gon\u00e7alves j\u00e1 pega os turistas pela comida mineira, feita no fog\u00e3o \u00e0 lenha. As pousadas se destacam pela vista para a natureza, ideal para quem quer tranquilidade. O centro tem cara de interior, pequeno, pacato, mas com boas op\u00e7\u00f5es gastron\u00f4micas.<\/p>\n<p><img decoding=\"async\" class=\"aligncenter wp-image-6234 size-full\" src=\"https:\/\/11ponto11servidor.com.br\/wp-content\/uploads\/sites\/5\/2018\/06\/goncalves-mg.jpg\" alt=\"\" width=\"1279\" height=\"720\" srcset=\"https:\/\/11ponto11servidor.com.br\/viagem\/wp-content\/uploads\/sites\/5\/2018\/06\/goncalves-mg.jpg 1279w, https:\/\/11ponto11servidor.com.br\/viagem\/wp-content\/uploads\/sites\/5\/2018\/06\/goncalves-mg-300x169.jpg 300w, https:\/\/11ponto11servidor.com.br\/viagem\/wp-content\/uploads\/sites\/5\/2018\/06\/goncalves-mg-768x432.jpg 768w, https:\/\/11ponto11servidor.com.br\/viagem\/wp-content\/uploads\/sites\/5\/2018\/06\/goncalves-mg-1024x576.jpg 1024w\" sizes=\"(max-width: 1279px) 100vw, 1279px\" \/><\/p>\n<p><strong>Mendoza\u00a0\u2013 Argentina<\/strong><\/p>\n<p>Partindo de Buenos Aires ou em voos diretos voc\u00ea pode chegar a Mendoza, destino conhecido pela neve, vin\u00edcolas e \u00e1guas termais. Entre as montanhas dos Andes, a regi\u00e3o tem atra\u00e7\u00f5es que incluem tour pelos vinhedos, passeios a cavalo, descanso nas esta\u00e7\u00f5es hidrotermais e spas, al\u00e9m de esqui na esta\u00e7\u00e3o de Los Penitentes.<\/p>\n<p><strong><a href=\"http:\/\/quantocustaviajar.com\/bolivia\/la-paz\" target=\"_blank\" rel=\"noopener noreferrer\"><img decoding=\"async\" class=\"aligncenter size-full wp-image-6219\" src=\"https:\/\/11ponto11servidor.com.br\/wp-content\/uploads\/sites\/5\/2018\/06\/mendoza-1024x6838.jpg\" alt=\"\" width=\"1024\" height=\"683\" srcset=\"https:\/\/11ponto11servidor.com.br\/viagem\/wp-content\/uploads\/sites\/5\/2018\/06\/mendoza-1024x6838.jpg 1024w, https:\/\/11ponto11servidor.com.br\/viagem\/wp-content\/uploads\/sites\/5\/2018\/06\/mendoza-1024x6838-300x200.jpg 300w, https:\/\/11ponto11servidor.com.br\/viagem\/wp-content\/uploads\/sites\/5\/2018\/06\/mendoza-1024x6838-768x512.jpg 768w\" sizes=\"(max-width: 1024px) 100vw, 1024px\" \/><\/a><\/strong><\/p>\n<p><strong>La Paz\u00a0\u2013 Bol\u00edvia<\/strong><\/p>\n<p>A capital mais alta do mundo \u00e9 uma boa pedida para o inverno porque este \u00e9 o per\u00edodo no qual as chuvas d\u00e3o uma tr\u00e9gua. Os meses de junho e julho (o per\u00edodo mais frio) s\u00e3o os mais secos, o que torna os passeios mais agrad\u00e1veis. Conhe\u00e7a o centro hist\u00f3rico, os museus e o fascinante Mercado das Bruxas, onde h\u00e1 uma por\u00e7\u00e3o de ervas medicinais e outros itens t\u00edpicos \u00e0 venda pelas \u00edndias aymara. Al\u00e9m de ter contato com a cultura andina, a viagem pode te levar ainda para outros caminhos mais distantes, como ao Salar de Uyuni e, quem sabe, at\u00e9 Machu Picchu.<\/p>\n<p><img decoding=\"async\" class=\"aligncenter wp-image-6235 size-full\" src=\"https:\/\/11ponto11servidor.com.br\/wp-content\/uploads\/sites\/5\/2018\/06\/la-paz-bolivia.jpg\" alt=\"\" width=\"1600\" height=\"1000\" srcset=\"https:\/\/11ponto11servidor.com.br\/viagem\/wp-content\/uploads\/sites\/5\/2018\/06\/la-paz-bolivia.jpg 1600w, https:\/\/11ponto11servidor.com.br\/viagem\/wp-content\/uploads\/sites\/5\/2018\/06\/la-paz-bolivia-300x188.jpg 300w, https:\/\/11ponto11servidor.com.br\/viagem\/wp-content\/uploads\/sites\/5\/2018\/06\/la-paz-bolivia-768x480.jpg 768w, https:\/\/11ponto11servidor.com.br\/viagem\/wp-content\/uploads\/sites\/5\/2018\/06\/la-paz-bolivia-1024x640.jpg 1024w\" sizes=\"(max-width: 1600px) 100vw, 1600px\" \/><\/p>\n<p><strong>Canc\u00fan\u00a0\u2013 M\u00e9xico<\/strong><\/p>\n<p>Tudo bem, voc\u00ea viu a lista toda cheia de montanhas, neve e lugares pra curtir um friozinho. Mas se voc\u00ea prefere curtir a luz do sol, uma boa pedida \u00e9 aproveitar o per\u00edodo para visitar Canc\u00fan. A temporada de furac\u00f5es costuma baixar os pre\u00e7os do Caribe entre junho e novembro, mas a maioria s\u00f3 acontece mesmo entre setembro e outubro. Por\u00e9m, o m\u00eas de julho ainda \u00e9 um bom per\u00edodo para viajar a Canc\u00fan, que tem queda nos pre\u00e7os e boa temperatura para aproveitar as praias paradis\u00edacas e os parques. N\u00e3o deixe de ir ao\u00a0parque Xcaret\u00a0e ao\u00a0Museu Subaqu\u00e1tico.<\/p>\n<p><img decoding=\"async\" class=\"aligncenter wp-image-6236 size-full\" src=\"https:\/\/11ponto11servidor.com.br\/wp-content\/uploads\/sites\/5\/2018\/06\/maxresdefault.jpg\" alt=\"\" width=\"1280\" height=\"720\" srcset=\"https:\/\/11ponto11servidor.com.br\/viagem\/wp-content\/uploads\/sites\/5\/2018\/06\/maxresdefault.jpg 1280w, https:\/\/11ponto11servidor.com.br\/viagem\/wp-content\/uploads\/sites\/5\/2018\/06\/maxresdefault-300x169.jpg 300w, https:\/\/11ponto11servidor.com.br\/viagem\/wp-content\/uploads\/sites\/5\/2018\/06\/maxresdefault-768x432.jpg 768w, https:\/\/11ponto11servidor.com.br\/viagem\/wp-content\/uploads\/sites\/5\/2018\/06\/maxresdefault-1024x576.jpg 1024w\" sizes=\"(max-width: 1280px) 100vw, 1280px\" \/><\/p>\n<p>Fonte: Quanto custa viajar<\/p>\n<p>&nbsp;<\/p>\n<p><a href=\"https:\/\/blogdosrsiape.com\/promocoes-de-pacotes\" target=\"_blank\" rel=\"noopener noreferrer\"><img decoding=\"async\" class=\"aligncenter wp-image-6241 size-full\" src=\"https:\/\/11ponto11servidor.com.br\/viagem\/wp-content\/uploads\/sites\/5\/2018\/06\/banner_viage.jpg\" alt=\"\" width=\"1920\" height=\"450\" srcset=\"https:\/\/11ponto11servidor.com.br\/viagem\/wp-content\/uploads\/sites\/5\/2018\/06\/banner_viage.jpg 1920w, https:\/\/11ponto11servidor.com.br\/viagem\/wp-content\/uploads\/sites\/5\/2018\/06\/banner_viage-300x70.jpg 300w, https:\/\/11ponto11servidor.com.br\/viagem\/wp-content\/uploads\/sites\/5\/2018\/06\/banner_viage-768x180.jpg 768w, https:\/\/11ponto11servidor.com.br\/viagem\/wp-content\/uploads\/sites\/5\/2018\/06\/banner_viage-1024x240.jpg 1024w\" sizes=\"(max-width: 1920px) 100vw, 1920px\" \/><\/a><\/p>\n","protected":false},"excerpt":{"rendered":"<p>Quem ama viajar \u00e9 capaz de ficar contando os dias para feriados, fins de semana e quaisquer outras lacunas que permitam uma escapada. Como a gente ama dar dicas de destinos bacanas pra todo mundo ir, desta vez selecionamos\u00a010 lugares para viajar nas f\u00e9rias de julho, per\u00edodo de frio e divers\u00e3o.<\/p>\n","protected":false},"author":6,"featured_media":6238,"comment_status":"open","ping_status":"open","sticky":false,"template":"","format":"standard","meta":{"footnotes":""},"categories":[97],"tags":[100,98,101],"class_list":["post-6209","post","type-post","status-publish","format-standard","has-post-thumbnail","hentry","category-dicas","tag-dicas","tag-ferias","tag-julho"],"yoast_head":"<!-- This site is optimized with the Yoast SEO Premium plugin v16.3 (Yoast SEO v23.6) - https:\/\/yoast.com\/wordpress\/plugins\/seo\/ -->\n<title>10 lugares para viajar nas f\u00e9rias de julho - Blog Viagens<\/title>\n<meta name=\"description\" content=\"Como a gente ama dar dicas de destinos bacanas pra todo mundo ir, selecionamos\u00a010 lugares para viajar nas f\u00e9rias de julho, per\u00edodo de frio e divers\u00e3o.\" \/>\n<meta name=\"robots\" content=\"index, follow, max-snippet:-1, max-image-preview:large, max-video-preview:-1\" \/>\n<link rel=\"canonical\" href=\"https:\/\/11ponto11servidor.com.br\/viagem\/dicas\/10-lugares-para-viajar-nas-ferias-de-julho\/\" \/>\n<meta property=\"og:locale\" content=\"pt_BR\" \/>\n<meta property=\"og:type\" content=\"article\" \/>\n<meta property=\"og:title\" content=\"10 lugares para viajar nas f\u00e9rias de julho - Blog Viagens\" \/>\n<meta property=\"og:description\" content=\"Como a gente ama dar dicas de destinos bacanas pra todo mundo ir, selecionamos\u00a010 lugares para viajar nas f\u00e9rias de julho, per\u00edodo de frio e divers\u00e3o.\" \/>\n<meta property=\"og:url\" content=\"https:\/\/11ponto11servidor.com.br\/viagem\/dicas\/10-lugares-para-viajar-nas-ferias-de-julho\/\" \/>\n<meta property=\"og:site_name\" content=\"Blog Viagens\" \/>\n<meta property=\"article:publisher\" content=\"https:\/\/business.facebook.com\/suaviagemnoclick\/?business_id=470313793386419\" \/>\n<meta property=\"article:published_time\" content=\"2018-06-29T14:21:43+00:00\" \/>\n<meta property=\"article:modified_time\" content=\"2019-03-11T15:54:26+00:00\" \/>\n<meta property=\"og:image\" content=\"https:\/\/11ponto11servidor.com.br\/viagem\/wp-content\/uploads\/sites\/5\/2018\/06\/P\u00f4r_do_Sol_Praia_do_Jacar\u00e9_-_PB-1024x613.jpg\" \/>\n\t<meta property=\"og:image:width\" content=\"1024\" \/>\n\t<meta property=\"og:image:height\" content=\"613\" \/>\n\t<meta property=\"og:image:type\" content=\"image\/jpeg\" \/>\n<meta name=\"twitter:card\" content=\"summary_large_image\" \/>\n<meta name=\"twitter:label1\" content=\"Escrito por\" \/>\n\t<meta name=\"twitter:data1\" content=\"\" \/>\n\t<meta name=\"twitter:label2\" content=\"Est. tempo de leitura\" \/>\n\t<meta name=\"twitter:data2\" content=\"4 minutos\" \/>\n<script type=\"application\/ld+json\" class=\"yoast-schema-graph\">{\"@context\":\"https:\/\/schema.org\",\"@graph\":[{\"@type\":\"WebPage\",\"@id\":\"https:\/\/11ponto11servidor.com.br\/viagem\/dicas\/10-lugares-para-viajar-nas-ferias-de-julho\/\",\"url\":\"https:\/\/11ponto11servidor.com.br\/viagem\/dicas\/10-lugares-para-viajar-nas-ferias-de-julho\/\",\"name\":\"10 lugares para viajar nas f\u00e9rias de julho - Blog Viagens\",\"isPartOf\":{\"@id\":\"https:\/\/11ponto11servidor.com.br\/viagem\/#website\"},\"primaryImageOfPage\":{\"@id\":\"https:\/\/11ponto11servidor.com.br\/viagem\/dicas\/10-lugares-para-viajar-nas-ferias-de-julho\/#primaryimage\"},\"image\":{\"@id\":\"https:\/\/11ponto11servidor.com.br\/viagem\/dicas\/10-lugares-para-viajar-nas-ferias-de-julho\/#primaryimage\"},\"thumbnailUrl\":\"https:\/\/11ponto11servidor.com.br\/viagem\/wp-content\/uploads\/sites\/5\/2018\/06\/P\u00f4r_do_Sol_Praia_do_Jacar\u00e9_-_PB-1024x613.jpg\",\"datePublished\":\"2018-06-29T14:21:43+00:00\",\"dateModified\":\"2019-03-11T15:54:26+00:00\",\"author\":{\"@id\":\"\"},\"description\":\"Como a gente ama dar dicas de destinos bacanas pra todo mundo ir, selecionamos\u00a010 lugares para viajar nas f\u00e9rias de julho, per\u00edodo de frio e divers\u00e3o.\",\"breadcrumb\":{\"@id\":\"https:\/\/11ponto11servidor.com.br\/viagem\/dicas\/10-lugares-para-viajar-nas-ferias-de-julho\/#breadcrumb\"},\"inLanguage\":\"pt-BR\",\"potentialAction\":[{\"@type\":\"ReadAction\",\"target\":[\"https:\/\/11ponto11servidor.com.br\/viagem\/dicas\/10-lugares-para-viajar-nas-ferias-de-julho\/\"]}]},{\"@type\":\"ImageObject\",\"inLanguage\":\"pt-BR\",\"@id\":\"https:\/\/11ponto11servidor.com.br\/viagem\/dicas\/10-lugares-para-viajar-nas-ferias-de-julho\/#primaryimage\",\"url\":\"https:\/\/11ponto11servidor.com.br\/viagem\/wp-content\/uploads\/sites\/5\/2018\/06\/P\u00f4r_do_Sol_Praia_do_Jacar\u00e9_-_PB-1024x613.jpg\",\"contentUrl\":\"https:\/\/11ponto11servidor.com.br\/viagem\/wp-content\/uploads\/sites\/5\/2018\/06\/P\u00f4r_do_Sol_Praia_do_Jacar\u00e9_-_PB-1024x613.jpg\",\"width\":1024,\"height\":613},{\"@type\":\"BreadcrumbList\",\"@id\":\"https:\/\/11ponto11servidor.com.br\/viagem\/dicas\/10-lugares-para-viajar-nas-ferias-de-julho\/#breadcrumb\",\"itemListElement\":[{\"@type\":\"ListItem\",\"position\":1,\"name\":\"In\u00edcio\",\"item\":\"https:\/\/11ponto11servidor.com.br\/viagem\/\"},{\"@type\":\"ListItem\",\"position\":2,\"name\":\"10 lugares para viajar nas f\u00e9rias de julho\"}]},{\"@type\":\"WebSite\",\"@id\":\"https:\/\/11ponto11servidor.com.br\/viagem\/#website\",\"url\":\"https:\/\/11ponto11servidor.com.br\/viagem\/\",\"name\":\"Blog Viagens\",\"description\":\"SIAPE Servidor Federal\",\"potentialAction\":[{\"@type\":\"SearchAction\",\"target\":{\"@type\":\"EntryPoint\",\"urlTemplate\":\"https:\/\/11ponto11servidor.com.br\/viagem\/?s={search_term_string}\"},\"query-input\":{\"@type\":\"PropertyValueSpecification\",\"valueRequired\":true,\"valueName\":\"search_term_string\"}}],\"inLanguage\":\"pt-BR\"},{\"@type\":\"Person\",\"@id\":\"\",\"url\":\"https:\/\/11ponto11servidor.com.br\/viagem\/author\/\"}]}<\/script>\n<!-- \/ Yoast SEO Premium plugin. -->","yoast_head_json":{"title":"10 lugares para viajar nas f\u00e9rias de julho - Blog Viagens","description":"Como a gente ama dar dicas de destinos bacanas pra todo mundo ir, selecionamos\u00a010 lugares para viajar nas f\u00e9rias de julho, per\u00edodo de frio e divers\u00e3o.","robots":{"index":"index","follow":"follow","max-snippet":"max-snippet:-1","max-image-preview":"max-image-preview:large","max-video-preview":"max-video-preview:-1"},"canonical":"https:\/\/11ponto11servidor.com.br\/viagem\/dicas\/10-lugares-para-viajar-nas-ferias-de-julho\/","og_locale":"pt_BR","og_type":"article","og_title":"10 lugares para viajar nas f\u00e9rias de julho - Blog Viagens","og_description":"Como a gente ama dar dicas de destinos bacanas pra todo mundo ir, selecionamos\u00a010 lugares para viajar nas f\u00e9rias de julho, per\u00edodo de frio e divers\u00e3o.","og_url":"https:\/\/11ponto11servidor.com.br\/viagem\/dicas\/10-lugares-para-viajar-nas-ferias-de-julho\/","og_site_name":"Blog Viagens","article_publisher":"https:\/\/business.facebook.com\/suaviagemnoclick\/?business_id=470313793386419","article_published_time":"2018-06-29T14:21:43+00:00","article_modified_time":"2019-03-11T15:54:26+00:00","og_image":[{"width":1024,"height":613,"url":"https:\/\/11ponto11servidor.com.br\/viagem\/wp-content\/uploads\/sites\/5\/2018\/06\/P\u00f4r_do_Sol_Praia_do_Jacar\u00e9_-_PB-1024x613.jpg","type":"image\/jpeg"}],"twitter_card":"summary_large_image","twitter_misc":{"Escrito por":"","Est. tempo de leitura":"4 minutos"},"schema":{"@context":"https:\/\/schema.org","@graph":[{"@type":"WebPage","@id":"https:\/\/11ponto11servidor.com.br\/viagem\/dicas\/10-lugares-para-viajar-nas-ferias-de-julho\/","url":"https:\/\/11ponto11servidor.com.br\/viagem\/dicas\/10-lugares-para-viajar-nas-ferias-de-julho\/","name":"10 lugares para viajar nas f\u00e9rias de julho - Blog Viagens","isPartOf":{"@id":"https:\/\/11ponto11servidor.com.br\/viagem\/#website"},"primaryImageOfPage":{"@id":"https:\/\/11ponto11servidor.com.br\/viagem\/dicas\/10-lugares-para-viajar-nas-ferias-de-julho\/#primaryimage"},"image":{"@id":"https:\/\/11ponto11servidor.com.br\/viagem\/dicas\/10-lugares-para-viajar-nas-ferias-de-julho\/#primaryimage"},"thumbnailUrl":"https:\/\/11ponto11servidor.com.br\/viagem\/wp-content\/uploads\/sites\/5\/2018\/06\/P\u00f4r_do_Sol_Praia_do_Jacar\u00e9_-_PB-1024x613.jpg","datePublished":"2018-06-29T14:21:43+00:00","dateModified":"2019-03-11T15:54:26+00:00","author":{"@id":""},"description":"Como a gente ama dar dicas de destinos bacanas pra todo mundo ir, selecionamos\u00a010 lugares para viajar nas f\u00e9rias de julho, per\u00edodo de frio e divers\u00e3o.","breadcrumb":{"@id":"https:\/\/11ponto11servidor.com.br\/viagem\/dicas\/10-lugares-para-viajar-nas-ferias-de-julho\/#breadcrumb"},"inLanguage":"pt-BR","potentialAction":[{"@type":"ReadAction","target":["https:\/\/11ponto11servidor.com.br\/viagem\/dicas\/10-lugares-para-viajar-nas-ferias-de-julho\/"]}]},{"@type":"ImageObject","inLanguage":"pt-BR","@id":"https:\/\/11ponto11servidor.com.br\/viagem\/dicas\/10-lugares-para-viajar-nas-ferias-de-julho\/#primaryimage","url":"https:\/\/11ponto11servidor.com.br\/viagem\/wp-content\/uploads\/sites\/5\/2018\/06\/P\u00f4r_do_Sol_Praia_do_Jacar\u00e9_-_PB-1024x613.jpg","contentUrl":"https:\/\/11ponto11servidor.com.br\/viagem\/wp-content\/uploads\/sites\/5\/2018\/06\/P\u00f4r_do_Sol_Praia_do_Jacar\u00e9_-_PB-1024x613.jpg","width":1024,"height":613},{"@type":"BreadcrumbList","@id":"https:\/\/11ponto11servidor.com.br\/viagem\/dicas\/10-lugares-para-viajar-nas-ferias-de-julho\/#breadcrumb","itemListElement":[{"@type":"ListItem","position":1,"name":"In\u00edcio","item":"https:\/\/11ponto11servidor.com.br\/viagem\/"},{"@type":"ListItem","position":2,"name":"10 lugares para viajar nas f\u00e9rias de julho"}]},{"@type":"WebSite","@id":"https:\/\/11ponto11servidor.com.br\/viagem\/#website","url":"https:\/\/11ponto11servidor.com.br\/viagem\/","name":"Blog Viagens","description":"SIAPE Servidor Federal","potentialAction":[{"@type":"SearchAction","target":{"@type":"EntryPoint","urlTemplate":"https:\/\/11ponto11servidor.com.br\/viagem\/?s={search_term_string}"},"query-input":{"@type":"PropertyValueSpecification","valueRequired":true,"valueName":"search_term_string"}}],"inLanguage":"pt-BR"},{"@type":"Person","@id":"","url":"https:\/\/11ponto11servidor.com.br\/viagem\/author\/"}]}},"_links":{"self":[{"href":"https:\/\/11ponto11servidor.com.br\/viagem\/wp-json\/wp\/v2\/posts\/6209"}],"collection":[{"href":"https:\/\/11ponto11servidor.com.br\/viagem\/wp-json\/wp\/v2\/posts"}],"about":[{"href":"https:\/\/11ponto11servidor.com.br\/viagem\/wp-json\/wp\/v2\/types\/post"}],"author":[{"embeddable":true,"href":"https:\/\/11ponto11servidor.com.br\/viagem\/wp-json\/wp\/v2\/users\/6"}],"replies":[{"embeddable":true,"href":"https:\/\/11ponto11servidor.com.br\/viagem\/wp-json\/wp\/v2\/comments?post=6209"}],"version-history":[{"count":0,"href":"https:\/\/11ponto11servidor.com.br\/viagem\/wp-json\/wp\/v2\/posts\/6209\/revisions"}],"wp:featuredmedia":[{"embeddable":true,"href":"https:\/\/11ponto11servidor.com.br\/viagem\/wp-json\/wp\/v2\/media\/6238"}],"wp:attachment":[{"href":"https:\/\/11ponto11servidor.com.br\/viagem\/wp-json\/wp\/v2\/media?parent=6209"}],"wp:term":[{"taxonomy":"category","embeddable":true,"href":"https:\/\/11ponto11servidor.com.br\/viagem\/wp-json\/wp\/v2\/categories?post=6209"},{"taxonomy":"post_tag","embeddable":true,"href":"https:\/\/11ponto11servidor.com.br\/viagem\/wp-json\/wp\/v2\/tags?post=6209"}],"curies":[{"name":"wp","href":"https:\/\/api.w.org\/{rel}","templated":true}]}}