{"id":7037,"date":"2019-01-25T12:48:58","date_gmt":"2019-01-25T14:48:58","guid":{"rendered":"https:\/\/11ponto11servidor.com.br\/viagem\/?p=7037"},"modified":"2020-03-06T09:44:53","modified_gmt":"2020-03-06T12:44:53","slug":"ferias-em-salvador-confira-8-dicas-do-que-fazer-na-cidade","status":"publish","type":"post","link":"https:\/\/11ponto11servidor.com.br\/viagem\/america-do-sul\/ferias-em-salvador-confira-8-dicas-do-que-fazer-na-cidade\/","title":{"rendered":"F\u00e9rias em Salvador: confira 8 dicas do que fazer na cidade"},"content":{"rendered":"<section class=\"l-section wpb_row height_large\"><div class=\"l-section-h i-cf\"><div class=\"g-cols vc_row type_default valign_top\"><div class=\"vc_col-sm-12 wpb_column vc_column_container\"><div class=\"vc_column-inner\"><div class=\"wpb_wrapper\"><div class=\"wpb_text_column\" ><div class=\"wpb_wrapper\"><div id=\"destaque\" class=\"img-destaque banner-textos\">Publicidade<a href=\"https:\/\/blogdosrsiape.com\/promocoes-cvc-de-pacotes\/?utm_source=akna&amp;utm_medium=email#destaque_materia_viagens\" target=\"_blank\" rel=\"noopener noreferrer\"><img decoding=\"async\" class=\"size-full wp-image-3433\" style=\"max-width: 900px;\" src=\"https:\/\/11ponto11servidor.com.br\/wp-content\/uploads\/sites\/2\/2018\/12\/viagem2.jpg\" alt=\"Pacotes de Viagem para Servidor Federal\" width=\"100%\" \/><\/a><\/div>\n<\/div><\/div><\/div><\/div><\/div><\/div><\/div><\/section><section class=\"l-section wpb_row height_large\"><div class=\"l-section-h i-cf\"><div class=\"g-cols vc_row type_default valign_top\"><div class=\"vc_col-sm-12 wpb_column vc_column_container\"><div class=\"vc_column-inner\"><div class=\"wpb_wrapper\"><div class=\"wpb_text_column\" ><div class=\"wpb_wrapper\"><h2>[sem_destaque]-200[\/sem_destaque] <strong>Principal destino de muitos turistas, Salvador tem muito a oferecer. Confira algumas dicas sobre essa cidade que ferve no ver\u00e3o.<\/strong><\/h2>\n<p>Quem chega \u00e0 capital baiana nessa \u00e9poca sente logo de cara um clima de festa, seja no Centro Hist\u00f3rico, repleto de igrejas, ateli\u00eas e museus, ou \u00e0 beira-mar, nas areias fervilhantes de suas praias.<\/p>\n<h2><strong>Pelourinho<\/strong><\/h2>\n<p>O Pelourinho \u00e9 um grande centro cultural de Salvador, al\u00e9m de ser uma grande \u00e1rea de constru\u00e7\u00e3o Barroca, tem uma infinidade de museus, casas de cultura e muita m\u00fasica.<\/p>\n<p>No ver\u00e3o, a banda Olodum ensaia no Largo do Pelourinho pelo menos duas vezes por semana, o que \u00e9 mais uma atra\u00e7\u00e3o para voc\u00ea curtir no territ\u00f3rio baiano.<\/p>\n<\/div><\/div>[vc_single_image image=&#8221;7041&#8243; img_size=&#8221;full&#8221; alignment=&#8221;center&#8221; css=&#8221;.vc_custom_1548420623344{margin-top: 15px !important;margin-bottom: 15px !important;}&#8221;]<\/div><\/div><\/div><\/div><\/div><\/section><section class=\"l-section wpb_row height_large\"><div class=\"l-section-h i-cf\"><div class=\"g-cols vc_row type_default valign_top\"><div class=\"vc_col-sm-12 wpb_column vc_column_container\"><div class=\"vc_column-inner\"><div class=\"wpb_wrapper\"><div class=\"wpb_text_column\" ><div class=\"wpb_wrapper\"><h2><strong>Elevador Lacerda<\/strong><\/h2>\n<p>O Elevador Lacerda possui\u00a072 metros de altura, onde liga a Pra\u00e7a Tom\u00e9 de Souza (parte alta) \u00e0 Pra\u00e7a Cairu, onde fica o Mercado Modelo. As viagens duram cerca de apenas 30 segundo e transportam em m\u00e9dia 20 mil pessoas por dia.<\/p>\n<\/div><\/div>[vc_single_image image=&#8221;7045&#8243; img_size=&#8221;full&#8221; alignment=&#8221;center&#8221; css=&#8221;.vc_custom_1548421242276{margin-top: 15px !important;margin-bottom: 15px !important;}&#8221;]<div class=\"wpb_text_column\" ><div class=\"wpb_wrapper\"><h2><strong>Praia do Farol da Barra<\/strong><\/h2>\n<p>A Praia do Farol da Barra \u00e9 aquela mesma onde est\u00e1 a\u00a0Fortaleza de Santo Ant\u00f4nio, tradicional nos postais baianos e nas imagens do Carnaval de Salvador. O forte \u00e9 um dos atrativos hist\u00f3ricos da cidade e atualmente abriga o Museu N\u00e1utico da Bahia, com muitos objetivos, documentos e fotos de embarca\u00e7\u00f5es e da vida da Marinha brasileira na regi\u00e3o.<\/p>\n<\/div><\/div>[vc_single_image image=&#8221;7047&#8243; img_size=&#8221;full&#8221; alignment=&#8221;center&#8221; css=&#8221;.vc_custom_1548423600729{margin-top: 15px !important;margin-bottom: 15px !important;}&#8221;]<div class=\"wpb_text_column\" ><div class=\"wpb_wrapper\"><h2><strong>Museu de Arte da Bahia<\/strong><\/h2>\n<p>o\u00a0<strong>Museu de Arte da Bahia \u2013 MAB<\/strong>\u00a0foi criado em 1918. O n\u00facleo inicial do acervo do museu foi a cole\u00e7\u00e3o privada de pinturas de artistas europeus e baianos do m\u00e9dico ingl\u00eas Jonathas Abbott, adquirida em 1871 pelo ent\u00e3o vice-presidente da Prov\u00edncia da Bahia.<\/p>\n<\/div><\/div>[vc_single_image image=&#8221;7049&#8243; img_size=&#8221;full&#8221; alignment=&#8221;center&#8221; css=&#8221;.vc_custom_1548424385538{margin-top: 15px !important;margin-bottom: 15px !important;}&#8221;]<div class=\"wpb_text_column\" ><div class=\"wpb_wrapper\"><div id=\"destaque\" class=\"img-destaque banner-textos\">Publicidade<a href=\"https:\/\/blogdosrsiape.com\/promocoes-cvc-de-pacotes\/?utm_source=akna&amp;utm_medium=email#destaque_materia_viagens\" target=\"_blank\" rel=\"noopener noreferrer\"><img decoding=\"async\" class=\"size-full wp-image-3433\" style=\"max-width: 900px;\" src=\"https:\/\/11ponto11servidor.com.br\/wp-content\/uploads\/sites\/2\/2018\/11\/viagem-inst.gif\" alt=\"Pacotes de Viagem para Servidor Federal\" width=\"100%\" \/><\/a><\/div>\n<\/div><\/div><div class=\"wpb_text_column\" ><div class=\"wpb_wrapper\"><h2><strong>Outlet Premium Salvador<\/strong><\/h2>\n<p>Re\u00fane em um \u00fanico endere\u00e7o mais de 100 marcas, desde moda feminina, masculina, infantil, fitness, cal\u00e7ados, \u00f3ticas at\u00e9 pe\u00e7as de decora\u00e7\u00e3o. Como os produtos s\u00e3o de cole\u00e7\u00f5es passadas, os descontos batem a casa dos 80%.<\/p>\n<\/div><\/div>[vc_single_image image=&#8221;7053&#8243; img_size=&#8221;full&#8221; alignment=&#8221;center&#8221; css=&#8221;.vc_custom_1548425979996{margin-top: 15px !important;margin-bottom: 15px !important;}&#8221;]<div class=\"wpb_text_column\" ><div class=\"wpb_wrapper\"><h2><strong>Ponta de Humait\u00e1<\/strong><\/h2>\n<p>O p\u00f4r do sol mais bonito de Salvador est\u00e1 do outro lado da cidade, na Ponta de Humait\u00e1! A\u00a0cidade baixa\u00a0\u00e9 cheia de lugares tranquilos, onde nem todos os turistas conhecem.\u00a0Durante o final de semana fica um pouco mais cheio, mas voc\u00ea pode ir a tarde, depois de visitar a Igreja do Bonfim e se refrescar em algum bar por l\u00e1.<\/p>\n<\/div><\/div>[vc_single_image image=&#8221;7055&#8243; img_size=&#8221;full&#8221; alignment=&#8221;center&#8221; css=&#8221;.vc_custom_1548429055166{margin-top: 15px !important;margin-bottom: 15px !important;}&#8221;]<div class=\"wpb_text_column\" ><div class=\"wpb_wrapper\"><h2><strong>Praia da Ondina<\/strong><\/h2>\n<p>Se estiver pensando em banhos e mergulhos, a Praia de Ondina \u00e9 excelente, pois h\u00e1 forma\u00e7\u00f5es de piscinas naturais pelas rochas pr\u00f3ximas da orla, com \u00e1guas cristalinas e bem refrescantes. Por\u00e9m, tome cuidado na mar\u00e9 baixa, pois a \u00e1gua de torna mais turva e afunda com rapidez logo depois das pedras.<\/p>\n<\/div><\/div>[vc_single_image image=&#8221;7062&#8243; img_size=&#8221;full&#8221; alignment=&#8221;center&#8221; css=&#8221;.vc_custom_1548429167448{margin-top: 15px !important;margin-bottom: 15px !important;}&#8221;]<div class=\"wpb_text_column\" ><div class=\"wpb_wrapper\"><h2><strong>Praia de Itapu\u00e3<\/strong><\/h2>\n<p>Se al\u00e9m de o que fazer em Salvador, voc\u00ea est\u00e1 procurando o que n\u00e3o fazer em Salvador porqu\u00ea quer relaxar, v\u00e1 passar uma tarde em Itapu\u00e3. O bairro al\u00e9m da praia cantada por Vin\u00edcius de Moraes, tem tamb\u00e9m muitos barzinhos e \u00e9 l\u00e1 que voc\u00ea come um dos melhores acaraj\u00e9s de Salvador.<\/p>\n<\/div><\/div>[vc_single_image image=&#8221;7064&#8243; img_size=&#8221;full&#8221; alignment=&#8221;center&#8221; css=&#8221;.vc_custom_1548429862119{margin-top: 15px !important;margin-bottom: 15px !important;}&#8221;]<div class=\"wpb_text_column\" ><div class=\"wpb_wrapper\"><p>Fonte: <a href=\"https:\/\/vejasp.abril.com.br\/cultura-lazer\/ferias-em-salvador-vinte-programas- imperdiveis\/\">Veja<\/a>, <a href=\"https:\/\/novasrotas.com.br\/o-que-fazer-em-salvador\/\">NR<\/a>, <a href=\"https:\/\/www.guiaviagensbrasil.com\/blog\/10-melhores-praias-de-salvador\/\">GVD<\/a>, <a href=\"https:\/\/nomundodapaula.com\/2018\/04\/o-que-fazer-em-salvador.html\">NMP<\/a><\/p>\n<\/div><\/div><div class=\"g-cols wpb_row  us_custom_ad3af6df type_default valign_top vc_inner\"><div class=\"vc_col-sm-2 wpb_column vc_column_container\"><div class=\"vc_column-inner us_custom_477ec717\"><div class=\"wpb_wrapper\">[vc_single_image source=&#8221;external_link&#8221; alignment=&#8221;center&#8221; css_animation=&#8221;bounceIn&#8221; custom_src=&#8221;https:\/\/11ponto11servidor.com.br\/wp-contentthemes\/blogsiape\/img\/icon_notifications.jpg&#8221;]<\/div><\/div><\/div><div class=\"vc_col-sm-10 wpb_column vc_column_container\"><div class=\"vc_column-inner us_custom_477ec717\"><div class=\"wpb_wrapper\"><div class=\"wpb_text_column us_custom_31780e0c cor_preta\" ><div class=\"wpb_wrapper\"><h2 class=\"cor_preta\" align=\"left\">Receba as not\u00edcias antes dos demais Assinantes!<\/h2>\n<p class=\"cor_preta\" align=\"left\">Clique para ativar as notifica\u00e7\u00f5es e receba antes de serem publicadas<\/p>\n<\/div><\/div><\/div><\/div><\/div><\/div><\/div><\/div><\/div><\/div><\/div><\/section>\n","protected":false},"excerpt":{"rendered":"Publicidade [sem_destaque]-200[\/sem_destaque] Principal destino de muitos turistas, Salvador tem muito a oferecer. Confira algumas dicas sobre essa cidade que ferve no ver\u00e3o. Quem chega \u00e0 capital baiana nessa \u00e9poca sente logo de cara um clima de festa, seja no Centro Hist\u00f3rico, repleto de igrejas, ateli\u00eas e museus, ou \u00e0 beira-mar, nas areias fervilhantes de suas...","protected":false},"author":3,"featured_media":7067,"comment_status":"open","ping_status":"open","sticky":false,"template":"","format":"standard","meta":{"footnotes":""},"categories":[25],"tags":[9,144,145,143,132,134,133],"class_list":["post-7037","post","type-post","status-publish","format-standard","has-post-thumbnail","hentry","category-america-do-sul","tag-america-do-sul","tag-elevador-lacerda","tag-pelourinho","tag-salvador","tag-siape","tag-sigac","tag-sigepe"],"yoast_head":"<!-- This site is optimized with the Yoast SEO Premium plugin v16.3 (Yoast SEO v23.6) - https:\/\/yoast.com\/wordpress\/plugins\/seo\/ -->\n<title>F\u00e9rias em Salvador: confira 8 dicas do que fazer na cidade - Blog Viagens<\/title>\n<meta name=\"robots\" content=\"index, follow, max-snippet:-1, max-image-preview:large, max-video-preview:-1\" \/>\n<link rel=\"canonical\" href=\"https:\/\/11ponto11servidor.com.br\/viagem\/america-do-sul\/ferias-em-salvador-confira-8-dicas-do-que-fazer-na-cidade\/\" \/>\n<meta property=\"og:locale\" content=\"pt_BR\" \/>\n<meta property=\"og:type\" content=\"article\" \/>\n<meta property=\"og:title\" content=\"F\u00e9rias em Salvador: confira 8 dicas do que fazer na cidade - Blog Viagens\" \/>\n<meta property=\"og:url\" content=\"https:\/\/11ponto11servidor.com.br\/viagem\/america-do-sul\/ferias-em-salvador-confira-8-dicas-do-que-fazer-na-cidade\/\" \/>\n<meta property=\"og:site_name\" content=\"Blog Viagens\" \/>\n<meta property=\"article:publisher\" content=\"https:\/\/business.facebook.com\/suaviagemnoclick\/?business_id=470313793386419\" \/>\n<meta property=\"article:published_time\" content=\"2019-01-25T14:48:58+00:00\" \/>\n<meta property=\"article:modified_time\" content=\"2020-03-06T12:44:53+00:00\" \/>\n<meta property=\"og:image\" content=\"https:\/\/11ponto11servidor.com.br\/viagem\/wp-content\/uploads\/sites\/5\/2019\/01\/bahia-cultura.jpg\" \/>\n\t<meta property=\"og:image:width\" content=\"840\" \/>\n\t<meta property=\"og:image:height\" content=\"380\" \/>\n\t<meta property=\"og:image:type\" content=\"image\/jpeg\" \/>\n<meta name=\"twitter:card\" content=\"summary_large_image\" \/>\n<meta name=\"twitter:label1\" content=\"Escrito por\" \/>\n\t<meta name=\"twitter:data1\" content=\"\" \/>\n\t<meta name=\"twitter:label2\" content=\"Est. tempo de leitura\" \/>\n\t<meta name=\"twitter:data2\" content=\"4 minutos\" \/>\n<script type=\"application\/ld+json\" class=\"yoast-schema-graph\">{\"@context\":\"https:\/\/schema.org\",\"@graph\":[{\"@type\":\"WebPage\",\"@id\":\"https:\/\/11ponto11servidor.com.br\/viagem\/america-do-sul\/ferias-em-salvador-confira-8-dicas-do-que-fazer-na-cidade\/\",\"url\":\"https:\/\/11ponto11servidor.com.br\/viagem\/america-do-sul\/ferias-em-salvador-confira-8-dicas-do-que-fazer-na-cidade\/\",\"name\":\"F\u00e9rias em Salvador: confira 8 dicas do que fazer na cidade - Blog Viagens\",\"isPartOf\":{\"@id\":\"https:\/\/11ponto11servidor.com.br\/viagem\/#website\"},\"primaryImageOfPage\":{\"@id\":\"https:\/\/11ponto11servidor.com.br\/viagem\/america-do-sul\/ferias-em-salvador-confira-8-dicas-do-que-fazer-na-cidade\/#primaryimage\"},\"image\":{\"@id\":\"https:\/\/11ponto11servidor.com.br\/viagem\/america-do-sul\/ferias-em-salvador-confira-8-dicas-do-que-fazer-na-cidade\/#primaryimage\"},\"thumbnailUrl\":\"https:\/\/11ponto11servidor.com.br\/viagem\/wp-content\/uploads\/sites\/5\/2019\/01\/bahia-cultura.jpg\",\"datePublished\":\"2019-01-25T14:48:58+00:00\",\"dateModified\":\"2020-03-06T12:44:53+00:00\",\"author\":{\"@id\":\"\"},\"breadcrumb\":{\"@id\":\"https:\/\/11ponto11servidor.com.br\/viagem\/america-do-sul\/ferias-em-salvador-confira-8-dicas-do-que-fazer-na-cidade\/#breadcrumb\"},\"inLanguage\":\"pt-BR\",\"potentialAction\":[{\"@type\":\"ReadAction\",\"target\":[\"https:\/\/11ponto11servidor.com.br\/viagem\/america-do-sul\/ferias-em-salvador-confira-8-dicas-do-que-fazer-na-cidade\/\"]}]},{\"@type\":\"ImageObject\",\"inLanguage\":\"pt-BR\",\"@id\":\"https:\/\/11ponto11servidor.com.br\/viagem\/america-do-sul\/ferias-em-salvador-confira-8-dicas-do-que-fazer-na-cidade\/#primaryimage\",\"url\":\"https:\/\/11ponto11servidor.com.br\/viagem\/wp-content\/uploads\/sites\/5\/2019\/01\/bahia-cultura.jpg\",\"contentUrl\":\"https:\/\/11ponto11servidor.com.br\/viagem\/wp-content\/uploads\/sites\/5\/2019\/01\/bahia-cultura.jpg\",\"width\":840,\"height\":380},{\"@type\":\"BreadcrumbList\",\"@id\":\"https:\/\/11ponto11servidor.com.br\/viagem\/america-do-sul\/ferias-em-salvador-confira-8-dicas-do-que-fazer-na-cidade\/#breadcrumb\",\"itemListElement\":[{\"@type\":\"ListItem\",\"position\":1,\"name\":\"In\u00edcio\",\"item\":\"https:\/\/11ponto11servidor.com.br\/viagem\/\"},{\"@type\":\"ListItem\",\"position\":2,\"name\":\"F\u00e9rias em Salvador: confira 8 dicas do que fazer na cidade\"}]},{\"@type\":\"WebSite\",\"@id\":\"https:\/\/11ponto11servidor.com.br\/viagem\/#website\",\"url\":\"https:\/\/11ponto11servidor.com.br\/viagem\/\",\"name\":\"Blog Viagens\",\"description\":\"SIAPE Servidor Federal\",\"potentialAction\":[{\"@type\":\"SearchAction\",\"target\":{\"@type\":\"EntryPoint\",\"urlTemplate\":\"https:\/\/11ponto11servidor.com.br\/viagem\/?s={search_term_string}\"},\"query-input\":{\"@type\":\"PropertyValueSpecification\",\"valueRequired\":true,\"valueName\":\"search_term_string\"}}],\"inLanguage\":\"pt-BR\"},{\"@type\":\"Person\",\"@id\":\"\",\"url\":\"https:\/\/11ponto11servidor.com.br\/viagem\/author\/\"}]}<\/script>\n<!-- \/ Yoast SEO Premium plugin. -->","yoast_head_json":{"title":"F\u00e9rias em Salvador: confira 8 dicas do que fazer na cidade - Blog Viagens","robots":{"index":"index","follow":"follow","max-snippet":"max-snippet:-1","max-image-preview":"max-image-preview:large","max-video-preview":"max-video-preview:-1"},"canonical":"https:\/\/11ponto11servidor.com.br\/viagem\/america-do-sul\/ferias-em-salvador-confira-8-dicas-do-que-fazer-na-cidade\/","og_locale":"pt_BR","og_type":"article","og_title":"F\u00e9rias em Salvador: confira 8 dicas do que fazer na cidade - Blog Viagens","og_url":"https:\/\/11ponto11servidor.com.br\/viagem\/america-do-sul\/ferias-em-salvador-confira-8-dicas-do-que-fazer-na-cidade\/","og_site_name":"Blog Viagens","article_publisher":"https:\/\/business.facebook.com\/suaviagemnoclick\/?business_id=470313793386419","article_published_time":"2019-01-25T14:48:58+00:00","article_modified_time":"2020-03-06T12:44:53+00:00","og_image":[{"width":840,"height":380,"url":"https:\/\/11ponto11servidor.com.br\/viagem\/wp-content\/uploads\/sites\/5\/2019\/01\/bahia-cultura.jpg","type":"image\/jpeg"}],"twitter_card":"summary_large_image","twitter_misc":{"Escrito por":"","Est. tempo de leitura":"4 minutos"},"schema":{"@context":"https:\/\/schema.org","@graph":[{"@type":"WebPage","@id":"https:\/\/11ponto11servidor.com.br\/viagem\/america-do-sul\/ferias-em-salvador-confira-8-dicas-do-que-fazer-na-cidade\/","url":"https:\/\/11ponto11servidor.com.br\/viagem\/america-do-sul\/ferias-em-salvador-confira-8-dicas-do-que-fazer-na-cidade\/","name":"F\u00e9rias em Salvador: confira 8 dicas do que fazer na cidade - Blog Viagens","isPartOf":{"@id":"https:\/\/11ponto11servidor.com.br\/viagem\/#website"},"primaryImageOfPage":{"@id":"https:\/\/11ponto11servidor.com.br\/viagem\/america-do-sul\/ferias-em-salvador-confira-8-dicas-do-que-fazer-na-cidade\/#primaryimage"},"image":{"@id":"https:\/\/11ponto11servidor.com.br\/viagem\/america-do-sul\/ferias-em-salvador-confira-8-dicas-do-que-fazer-na-cidade\/#primaryimage"},"thumbnailUrl":"https:\/\/11ponto11servidor.com.br\/viagem\/wp-content\/uploads\/sites\/5\/2019\/01\/bahia-cultura.jpg","datePublished":"2019-01-25T14:48:58+00:00","dateModified":"2020-03-06T12:44:53+00:00","author":{"@id":""},"breadcrumb":{"@id":"https:\/\/11ponto11servidor.com.br\/viagem\/america-do-sul\/ferias-em-salvador-confira-8-dicas-do-que-fazer-na-cidade\/#breadcrumb"},"inLanguage":"pt-BR","potentialAction":[{"@type":"ReadAction","target":["https:\/\/11ponto11servidor.com.br\/viagem\/america-do-sul\/ferias-em-salvador-confira-8-dicas-do-que-fazer-na-cidade\/"]}]},{"@type":"ImageObject","inLanguage":"pt-BR","@id":"https:\/\/11ponto11servidor.com.br\/viagem\/america-do-sul\/ferias-em-salvador-confira-8-dicas-do-que-fazer-na-cidade\/#primaryimage","url":"https:\/\/11ponto11servidor.com.br\/viagem\/wp-content\/uploads\/sites\/5\/2019\/01\/bahia-cultura.jpg","contentUrl":"https:\/\/11ponto11servidor.com.br\/viagem\/wp-content\/uploads\/sites\/5\/2019\/01\/bahia-cultura.jpg","width":840,"height":380},{"@type":"BreadcrumbList","@id":"https:\/\/11ponto11servidor.com.br\/viagem\/america-do-sul\/ferias-em-salvador-confira-8-dicas-do-que-fazer-na-cidade\/#breadcrumb","itemListElement":[{"@type":"ListItem","position":1,"name":"In\u00edcio","item":"https:\/\/11ponto11servidor.com.br\/viagem\/"},{"@type":"ListItem","position":2,"name":"F\u00e9rias em Salvador: confira 8 dicas do que fazer na cidade"}]},{"@type":"WebSite","@id":"https:\/\/11ponto11servidor.com.br\/viagem\/#website","url":"https:\/\/11ponto11servidor.com.br\/viagem\/","name":"Blog Viagens","description":"SIAPE Servidor Federal","potentialAction":[{"@type":"SearchAction","target":{"@type":"EntryPoint","urlTemplate":"https:\/\/11ponto11servidor.com.br\/viagem\/?s={search_term_string}"},"query-input":{"@type":"PropertyValueSpecification","valueRequired":true,"valueName":"search_term_string"}}],"inLanguage":"pt-BR"},{"@type":"Person","@id":"","url":"https:\/\/11ponto11servidor.com.br\/viagem\/author\/"}]}},"_links":{"self":[{"href":"https:\/\/11ponto11servidor.com.br\/viagem\/wp-json\/wp\/v2\/posts\/7037"}],"collection":[{"href":"https:\/\/11ponto11servidor.com.br\/viagem\/wp-json\/wp\/v2\/posts"}],"about":[{"href":"https:\/\/11ponto11servidor.com.br\/viagem\/wp-json\/wp\/v2\/types\/post"}],"author":[{"embeddable":true,"href":"https:\/\/11ponto11servidor.com.br\/viagem\/wp-json\/wp\/v2\/users\/3"}],"replies":[{"embeddable":true,"href":"https:\/\/11ponto11servidor.com.br\/viagem\/wp-json\/wp\/v2\/comments?post=7037"}],"version-history":[{"count":0,"href":"https:\/\/11ponto11servidor.com.br\/viagem\/wp-json\/wp\/v2\/posts\/7037\/revisions"}],"wp:featuredmedia":[{"embeddable":true,"href":"https:\/\/11ponto11servidor.com.br\/viagem\/wp-json\/wp\/v2\/media\/7067"}],"wp:attachment":[{"href":"https:\/\/11ponto11servidor.com.br\/viagem\/wp-json\/wp\/v2\/media?parent=7037"}],"wp:term":[{"taxonomy":"category","embeddable":true,"href":"https:\/\/11ponto11servidor.com.br\/viagem\/wp-json\/wp\/v2\/categories?post=7037"},{"taxonomy":"post_tag","embeddable":true,"href":"https:\/\/11ponto11servidor.com.br\/viagem\/wp-json\/wp\/v2\/tags?post=7037"}],"curies":[{"name":"wp","href":"https:\/\/api.w.org\/{rel}","templated":true}]}}