{"id":7073,"date":"2019-02-01T17:39:57","date_gmt":"2019-02-01T19:39:57","guid":{"rendered":"https:\/\/11ponto11servidor.com.br\/viagem\/?p=7073"},"modified":"2020-03-06T09:44:53","modified_gmt":"2020-03-06T12:44:53","slug":"o-que-fazer-em-gramado-e-canela","status":"publish","type":"post","link":"https:\/\/11ponto11servidor.com.br\/viagem\/america-do-sul\/o-que-fazer-em-gramado-e-canela\/","title":{"rendered":"O que fazer em Gramado e Canela"},"content":{"rendered":"<section class=\"l-section wpb_row height_large\"><div class=\"l-section-h i-cf\"><div class=\"g-cols vc_row type_default valign_top\"><div class=\"vc_col-sm-12 wpb_column vc_column_container\"><div class=\"vc_column-inner\"><div class=\"wpb_wrapper\"><div class=\"wpb_text_column\" ><div class=\"wpb_wrapper\"><div id=\"destaque\" class=\"img-destaque banner-textos\">Publicidade<a href=\"https:\/\/blogdosrsiape.com\/promocoes-cvc-de-pacotes\/?utm_source=akna&amp;utm_medium=email#destaque_materia_viagens\" target=\"_blank\" rel=\"noopener noreferrer\"><img decoding=\"async\" class=\"size-full wp-image-3433\" style=\"max-width: 900px;\" src=\"https:\/\/11ponto11servidor.com.br\/wp-content\/uploads\/sites\/2\/2018\/11\/viagem-inst.gif\" alt=\"Pacotes de Viagem para Servidor Federal\" width=\"100%\" \/><\/a><\/div>\n<\/div><\/div><\/div><\/div><\/div><\/div><\/div><\/section><section class=\"l-section wpb_row height_large\"><div class=\"l-section-h i-cf\"><div class=\"g-cols vc_row type_default valign_top\"><div class=\"vc_col-sm-12 wpb_column vc_column_container\"><div class=\"vc_column-inner\"><div class=\"wpb_wrapper\"><div class=\"wpb_text_column\" ><div class=\"wpb_wrapper\"><h2>[sem_destaque]-200[\/sem_destaque]<strong>Conhe\u00e7a Gramado e Canela, dois principais destinos do pa\u00eds.<\/strong><\/h2>\n<p>S\u00e3o muitas atra\u00e7\u00f5es na cidade que atendem bem \u00e0s crian\u00e7as, aos jovens, \u00e0s fam\u00edlias em geral e aos idosos. N\u00e3o \u00e9 \u00e0 toa que j\u00e1 ouvi dizer que Gramado e a Las Vegas brasileira, j\u00e1 que por aqui n\u00e3o faltam museus, restaurantes, hot\u00e9is e op\u00e7\u00f5es para todos os gostos.<\/p>\n<\/div><\/div><\/div><\/div><\/div><\/div><\/div><\/section><section class=\"l-section wpb_row height_large\"><div class=\"l-section-h i-cf\"><div class=\"g-cols vc_row type_default valign_top\"><div class=\"vc_col-sm-12 wpb_column vc_column_container\"><div class=\"vc_column-inner\"><div class=\"wpb_wrapper\"><div class=\"wpb_text_column\" ><div class=\"wpb_wrapper\"><h2><strong>Harley Motor Show<\/strong><\/h2>\n<p>O\u00a0<strong>Harley Motor Show<\/strong>\u00a0\u00e9 um museu e bar com 1000 m\u00b2 dedicado a\u00a0<strong>Harley Davidson<\/strong>. Com cen\u00e1rio que lembra os cassinos de Las Vegas, a atra\u00e7\u00e3o possui 30 motos raras expostas.<\/p>\n<\/div><\/div><\/div><\/div><\/div><\/div><\/div><\/section><section class=\"l-section wpb_row height_large\"><div class=\"l-section-h i-cf\"><div class=\"g-cols vc_row type_default valign_top\"><div class=\"vc_col-sm-12 wpb_column vc_column_container\"><div class=\"vc_column-inner\"><div class=\"wpb_wrapper\">[vc_single_image image=&#8221;7074&#8243; img_size=&#8221;full&#8221; alignment=&#8221;center&#8221; css=&#8221;.vc_custom_1549037702162{margin-top: 15px !important;margin-bottom: 15px !important;}&#8221;]<div class=\"wpb_text_column\" ><div class=\"wpb_wrapper\"><h2><strong>Parque da Ferradura<\/strong><\/h2>\n<p>O parque fica na mesma estrada que leva ao Parque do Caracol, tem trilhas e uma paisagem linda para o Vale da Ferradura, onde est\u00e1 o c\u00e2nion do Rio Ca\u00ed.\u00a0O parque tem v\u00e1rios quatis que chegam perto das pessoas e oferece v\u00e1rios mirantes e trilhas com vista para o vale!<\/p>\n<\/div><\/div>[vc_single_image image=&#8221;7076&#8243; img_size=&#8221;full&#8221; alignment=&#8221;center&#8221; css=&#8221;.vc_custom_1549037715703{margin-top: 15px !important;margin-bottom: 15px !important;}&#8221;]<div class=\"wpb_text_column\" ><div class=\"wpb_wrapper\"><h2><strong>Snowland<\/strong><\/h2>\n<p>O Snowland \u00e9 o lugar ideal nas quatro esta\u00e7\u00f5es do ano. Localizado em Gramado, o parque possui 16 mil m\u00b2 e tem atra\u00e7\u00f5es para toda a fam\u00edlia. Na Montanha de Neve, a \u00fanica no Brasil, o clima esfria e as temperaturas chegam a -5\u00ba C. L\u00e1 d\u00e1 para esquiar e at\u00e9 fazer boneco de neve. O parque possui roupas. No site oficial, \u00e9 poss\u00edvel checar valores e comprar os ingressos.<\/p>\n<\/div><\/div>[vc_single_image image=&#8221;7080&#8243; img_size=&#8221;full&#8221; alignment=&#8221;center&#8221; css=&#8221;.vc_custom_1549044238607{margin-top: 15px !important;margin-bottom: 15px !important;}&#8221;]<div class=\"wpb_text_column\" ><div class=\"wpb_wrapper\"><h2><strong>\u00a0RAFTING<\/strong><\/h2>\n<p>Gramado e Canela tamb\u00e9m t\u00eam boas op\u00e7\u00f5es, uma delas \u00e9 o\u00a0<strong>rafting<\/strong>.\u00a0<strong>A 30km de Gramado, est\u00e1 a cidade de Tr\u00eas Coroas onde fica o Brasil Raft Park<\/strong>, um parque com op\u00e7\u00f5es de aventura em meio \u00e0 natureza. Apesar de ser radical, o passeio \u00e9 bem tranquilo. Crian\u00e7as acima de 8 anos podem fazer. H\u00e1 outras atividades como tirolesa, quadriciclo, paintball, caiaque e arco e flecha. No\u00a0<a href=\"http:\/\/www.brasilraft.com.br\/\" target=\"_blank\" rel=\"noopener noreferrer\"><strong>site oficial<\/strong><\/a>\u00a0da empresa h\u00e1 todas as informa\u00e7\u00f5es.<\/p>\n<\/div><\/div>[vc_single_image image=&#8221;7084&#8243; img_size=&#8221;full&#8221; alignment=&#8221;center&#8221; css=&#8221;.vc_custom_1549044129824{margin-top: 15px !important;margin-bottom: 15px !important;}&#8221;]<div class=\"wpb_text_column\" ><div class=\"wpb_wrapper\"><div id=\"destaque\" class=\"img-destaque banner-textos\">Publicidade<a href=\"https:\/\/blogdosrsiape.com\/promocoes-cvc-de-pacotes\/?utm_source=akna&amp;utm_medium=email#destaque_materia_viagens\" target=\"_blank\" rel=\"noopener noreferrer\"><img decoding=\"async\" class=\"size-full wp-image-3433\" style=\"max-width: 900px;\" src=\"https:\/\/11ponto11servidor.com.br\/wp-content\/uploads\/sites\/2\/2018\/12\/viagem2.jpg\" alt=\"Pacotes de Viagem para Servidor Federal\" width=\"100%\" \/><\/a><\/div>\n<\/div><\/div><div class=\"wpb_text_column\" ><div class=\"wpb_wrapper\"><h2><strong>ALPEN PARK<\/strong><\/h2>\n<p>O Alpen Park \u00e9 um pequeno parque de divers\u00f5es em Canela, que tem atra\u00e7\u00f5es como montanha-russa, tirolesa, cinema 4D, passeio de quadriciclo, escalada e descida em tren\u00f3, que em nossa opini\u00e3o \u00e9 a atra\u00e7\u00e3o mais divertida para os adultos.<\/p>\n<\/div><\/div>[vc_single_image image=&#8221;7087&#8243; img_size=&#8221;full&#8221; alignment=&#8221;center&#8221; css=&#8221;.vc_custom_1549045141390{margin-top: 15px !important;margin-bottom: 15px !important;}&#8221;]<div class=\"wpb_text_column\" ><div class=\"wpb_wrapper\"><h2><strong>SUPER CARROS<\/strong><\/h2>\n<p>Gramado tamb\u00e9m tem um espa\u00e7o dedicado aos apaixonados por carros. No\u00a0<strong>Super Carros<\/strong>\u00a0\u00e9 poss\u00edvel pilotar grandes m\u00e1quinas como\u00a0<strong>Ferrari, Porsche, BMW, Lamborghini, Camaro e Dodge<\/strong>. Pra quem n\u00e3o quer ser arriscar tanto, d\u00e1 para pelo menos experimentar a sensa\u00e7\u00e3o em simuladores.<\/p>\n<\/div><\/div>[vc_single_image image=&#8221;7089&#8243; img_size=&#8221;full&#8221; alignment=&#8221;center&#8221; css=&#8221;.vc_custom_1549046168160{margin-top: 15px !important;margin-bottom: 15px !important;}&#8221;]<div class=\"wpb_text_column\" ><div class=\"wpb_wrapper\"><h2><strong>VALE DOS DINOSSAUROS<\/strong><\/h2>\n<p>O\u00a0<strong>Vale dos Dinossauros<\/strong>\u00a0tem r\u00e9plicas dos animais da era jur\u00e1ssica e explica\u00e7\u00f5es que mostram como eles viviam naquela \u00e9poca. \u00c9 uma \u00f3tima op\u00e7\u00e3o para as crian\u00e7as pequenas que embarcam na \u00e9poca dos dinossauros.<\/p>\n<\/div><\/div>[vc_single_image image=&#8221;7091&#8243; img_size=&#8221;full&#8221; alignment=&#8221;center&#8221; css=&#8221;.vc_custom_1549046709327{margin-top: 15px !important;margin-bottom: 15px !important;}&#8221;]<div class=\"wpb_text_column\" ><div class=\"wpb_wrapper\"><h2><strong>F\u00c1BRICA DE CHOCOLATES<\/strong><\/h2>\n<p>S\u00e3o v\u00e1rias f\u00e1bricas, a concorr\u00eancia \u00e9 grande e cada uma delas procura uma maneira de incentivar o turismo. Geralmente essas f\u00e1bricas abrem suas portas para receber turistas e mostr\u00e1-los como \u00e9 o processo de produ\u00e7\u00e3o do chocolate, como funcionam as m\u00e1quinas, quais os ingredientes utilizados na cria\u00e7\u00e3o de seus doces e algumas possuem um espa\u00e7o tem\u00e1tico.<\/p>\n<\/div><\/div>[vc_single_image image=&#8221;7095&#8243; img_size=&#8221;full&#8221; alignment=&#8221;center&#8221; css=&#8221;.vc_custom_1549047534301{margin-top: 15px !important;margin-bottom: 15px !important;}&#8221;]<div class=\"wpb_text_column\" ><div class=\"wpb_wrapper\"><h2><strong>CATEDRAL DE PEDRA<\/strong><\/h2>\n<p>A Catedral de Pedra de Canela fica na pra\u00e7a central da cidade e foi constru\u00edda a partir de 1953. Seu piso e seu revestimento s\u00e3o de pedra e o ponto mais alto da catedral, constru\u00edda em estilo \u00e9 g\u00f3tico, tem 65 metros de altura. A Catedral recebe uma ilumina\u00e7\u00e3o colorida durante a noite e festividades perto durante o Natal.<\/p>\n<\/div><\/div>[vc_single_image image=&#8221;7097&#8243; img_size=&#8221;full&#8221; alignment=&#8221;center&#8221; css=&#8221;.vc_custom_1549048109626{margin-top: 15px !important;margin-bottom: 15px !important;}&#8221;]<\/div><\/div><\/div><\/div><\/div><\/section><section class=\"l-section wpb_row height_large\"><div class=\"l-section-h i-cf\"><div class=\"g-cols vc_row type_default valign_top\"><div class=\"vc_col-sm-12 wpb_column vc_column_container\"><div class=\"vc_column-inner\"><div class=\"wpb_wrapper\"><div class=\"wpb_text_column\" ><div class=\"wpb_wrapper\"><p>Leia tamb\u00e9m:\u00a0\u00a0<a href=\"https:\/\/blogdosrsiape.com\/america-do-sul\/ferias-em-salvador-confira-8-dicas-do-que-fazer-na-cidade\/\">F\u00c9RIAS EM SALVADOR: CONFIRA 8 DICAS DO QUE FAZER NA CIDADE<\/a><\/p>\n<p>Fonte: <a href=\"http:\/\/www.melhoresdestinos.com.br\/dicas-gramado.html\">MD <\/a>e <a href=\"https:\/\/www.essemundoenosso.com.br\/o-que-fazer-em-gramado-canela-roteiro\/\">EMEN<\/a><\/p>\n<\/div><\/div><div class=\"g-cols wpb_row  us_custom_ad3af6df type_default valign_top vc_inner\"><div class=\"vc_col-sm-2 wpb_column vc_column_container\"><div class=\"vc_column-inner us_custom_477ec717\"><div class=\"wpb_wrapper\">[vc_single_image source=&#8221;external_link&#8221; alignment=&#8221;center&#8221; css_animation=&#8221;bounceIn&#8221; custom_src=&#8221;https:\/\/11ponto11servidor.com.br\/wp-contentthemes\/blogsiape\/img\/icon_notifications.jpg&#8221;]<\/div><\/div><\/div><div class=\"vc_col-sm-10 wpb_column vc_column_container\"><div class=\"vc_column-inner us_custom_477ec717\"><div class=\"wpb_wrapper\"><div class=\"wpb_text_column us_custom_31780e0c cor_preta\" ><div class=\"wpb_wrapper\"><h2 class=\"cor_preta\" align=\"left\">Receba as not\u00edcias antes dos demais Assinantes!<\/h2>\n<p class=\"cor_preta\" align=\"left\">Clique para ativar as notifica\u00e7\u00f5es e receba antes de serem publicadas<\/p>\n<\/div><\/div><\/div><\/div><\/div><\/div><\/div><\/div><\/div><\/div><\/div><\/section>\n","protected":false},"excerpt":{"rendered":"Publicidade [sem_destaque]-200[\/sem_destaque]Conhe\u00e7a Gramado e Canela, dois principais destinos do pa\u00eds. S\u00e3o muitas atra\u00e7\u00f5es na cidade que atendem bem \u00e0s crian\u00e7as, aos jovens, \u00e0s fam\u00edlias em geral e aos idosos. N\u00e3o \u00e9 \u00e0 toa que j\u00e1 ouvi dizer que Gramado e a Las Vegas brasileira, j\u00e1 que por aqui n\u00e3o faltam museus, restaurantes, hot\u00e9is e op\u00e7\u00f5es...","protected":false},"author":3,"featured_media":7102,"comment_status":"open","ping_status":"open","sticky":false,"template":"","format":"standard","meta":{"footnotes":""},"categories":[25],"tags":[9,147,146,148,132,134,133],"class_list":["post-7073","post","type-post","status-publish","format-standard","has-post-thumbnail","hentry","category-america-do-sul","tag-america-do-sul","tag-canela","tag-gramado","tag-rio-grande-do-sul","tag-siape","tag-sigac","tag-sigepe"],"yoast_head":"<!-- This site is optimized with the Yoast SEO Premium plugin v16.3 (Yoast SEO v23.6) - https:\/\/yoast.com\/wordpress\/plugins\/seo\/ -->\n<title>O que fazer em Gramado e Canela - Blog Viagens<\/title>\n<meta name=\"robots\" content=\"index, follow, max-snippet:-1, max-image-preview:large, max-video-preview:-1\" \/>\n<link rel=\"canonical\" href=\"https:\/\/11ponto11servidor.com.br\/viagem\/america-do-sul\/o-que-fazer-em-gramado-e-canela\/\" \/>\n<meta property=\"og:locale\" content=\"pt_BR\" \/>\n<meta property=\"og:type\" content=\"article\" \/>\n<meta property=\"og:title\" content=\"O que fazer em Gramado e Canela - Blog Viagens\" \/>\n<meta property=\"og:url\" content=\"https:\/\/11ponto11servidor.com.br\/viagem\/america-do-sul\/o-que-fazer-em-gramado-e-canela\/\" \/>\n<meta property=\"og:site_name\" content=\"Blog Viagens\" \/>\n<meta property=\"article:publisher\" content=\"https:\/\/business.facebook.com\/suaviagemnoclick\/?business_id=470313793386419\" \/>\n<meta property=\"article:published_time\" content=\"2019-02-01T19:39:57+00:00\" \/>\n<meta property=\"article:modified_time\" content=\"2020-03-06T12:44:53+00:00\" \/>\n<meta property=\"og:image\" content=\"https:\/\/11ponto11servidor.com.br\/viagem\/wp-content\/uploads\/sites\/5\/2019\/02\/gramado.jpg\" \/>\n\t<meta property=\"og:image:width\" content=\"840\" \/>\n\t<meta property=\"og:image:height\" content=\"380\" \/>\n\t<meta property=\"og:image:type\" content=\"image\/jpeg\" \/>\n<meta name=\"twitter:card\" content=\"summary_large_image\" \/>\n<meta name=\"twitter:label1\" content=\"Escrito por\" \/>\n\t<meta name=\"twitter:data1\" content=\"\" \/>\n\t<meta name=\"twitter:label2\" content=\"Est. tempo de leitura\" \/>\n\t<meta name=\"twitter:data2\" content=\"5 minutos\" \/>\n<script type=\"application\/ld+json\" class=\"yoast-schema-graph\">{\"@context\":\"https:\/\/schema.org\",\"@graph\":[{\"@type\":\"WebPage\",\"@id\":\"https:\/\/11ponto11servidor.com.br\/viagem\/america-do-sul\/o-que-fazer-em-gramado-e-canela\/\",\"url\":\"https:\/\/11ponto11servidor.com.br\/viagem\/america-do-sul\/o-que-fazer-em-gramado-e-canela\/\",\"name\":\"O que fazer em Gramado e Canela - Blog Viagens\",\"isPartOf\":{\"@id\":\"https:\/\/11ponto11servidor.com.br\/viagem\/#website\"},\"primaryImageOfPage\":{\"@id\":\"https:\/\/11ponto11servidor.com.br\/viagem\/america-do-sul\/o-que-fazer-em-gramado-e-canela\/#primaryimage\"},\"image\":{\"@id\":\"https:\/\/11ponto11servidor.com.br\/viagem\/america-do-sul\/o-que-fazer-em-gramado-e-canela\/#primaryimage\"},\"thumbnailUrl\":\"https:\/\/11ponto11servidor.com.br\/viagem\/wp-content\/uploads\/sites\/5\/2019\/02\/gramado.jpg\",\"datePublished\":\"2019-02-01T19:39:57+00:00\",\"dateModified\":\"2020-03-06T12:44:53+00:00\",\"author\":{\"@id\":\"\"},\"breadcrumb\":{\"@id\":\"https:\/\/11ponto11servidor.com.br\/viagem\/america-do-sul\/o-que-fazer-em-gramado-e-canela\/#breadcrumb\"},\"inLanguage\":\"pt-BR\",\"potentialAction\":[{\"@type\":\"ReadAction\",\"target\":[\"https:\/\/11ponto11servidor.com.br\/viagem\/america-do-sul\/o-que-fazer-em-gramado-e-canela\/\"]}]},{\"@type\":\"ImageObject\",\"inLanguage\":\"pt-BR\",\"@id\":\"https:\/\/11ponto11servidor.com.br\/viagem\/america-do-sul\/o-que-fazer-em-gramado-e-canela\/#primaryimage\",\"url\":\"https:\/\/11ponto11servidor.com.br\/viagem\/wp-content\/uploads\/sites\/5\/2019\/02\/gramado.jpg\",\"contentUrl\":\"https:\/\/11ponto11servidor.com.br\/viagem\/wp-content\/uploads\/sites\/5\/2019\/02\/gramado.jpg\",\"width\":840,\"height\":380},{\"@type\":\"BreadcrumbList\",\"@id\":\"https:\/\/11ponto11servidor.com.br\/viagem\/america-do-sul\/o-que-fazer-em-gramado-e-canela\/#breadcrumb\",\"itemListElement\":[{\"@type\":\"ListItem\",\"position\":1,\"name\":\"In\u00edcio\",\"item\":\"https:\/\/11ponto11servidor.com.br\/viagem\/\"},{\"@type\":\"ListItem\",\"position\":2,\"name\":\"O que fazer em Gramado e Canela\"}]},{\"@type\":\"WebSite\",\"@id\":\"https:\/\/11ponto11servidor.com.br\/viagem\/#website\",\"url\":\"https:\/\/11ponto11servidor.com.br\/viagem\/\",\"name\":\"Blog Viagens\",\"description\":\"SIAPE Servidor Federal\",\"potentialAction\":[{\"@type\":\"SearchAction\",\"target\":{\"@type\":\"EntryPoint\",\"urlTemplate\":\"https:\/\/11ponto11servidor.com.br\/viagem\/?s={search_term_string}\"},\"query-input\":{\"@type\":\"PropertyValueSpecification\",\"valueRequired\":true,\"valueName\":\"search_term_string\"}}],\"inLanguage\":\"pt-BR\"},{\"@type\":\"Person\",\"@id\":\"\",\"url\":\"https:\/\/11ponto11servidor.com.br\/viagem\/author\/\"}]}<\/script>\n<!-- \/ Yoast SEO Premium plugin. -->","yoast_head_json":{"title":"O que fazer em Gramado e Canela - Blog Viagens","robots":{"index":"index","follow":"follow","max-snippet":"max-snippet:-1","max-image-preview":"max-image-preview:large","max-video-preview":"max-video-preview:-1"},"canonical":"https:\/\/11ponto11servidor.com.br\/viagem\/america-do-sul\/o-que-fazer-em-gramado-e-canela\/","og_locale":"pt_BR","og_type":"article","og_title":"O que fazer em Gramado e Canela - Blog Viagens","og_url":"https:\/\/11ponto11servidor.com.br\/viagem\/america-do-sul\/o-que-fazer-em-gramado-e-canela\/","og_site_name":"Blog Viagens","article_publisher":"https:\/\/business.facebook.com\/suaviagemnoclick\/?business_id=470313793386419","article_published_time":"2019-02-01T19:39:57+00:00","article_modified_time":"2020-03-06T12:44:53+00:00","og_image":[{"width":840,"height":380,"url":"https:\/\/11ponto11servidor.com.br\/viagem\/wp-content\/uploads\/sites\/5\/2019\/02\/gramado.jpg","type":"image\/jpeg"}],"twitter_card":"summary_large_image","twitter_misc":{"Escrito por":"","Est. tempo de leitura":"5 minutos"},"schema":{"@context":"https:\/\/schema.org","@graph":[{"@type":"WebPage","@id":"https:\/\/11ponto11servidor.com.br\/viagem\/america-do-sul\/o-que-fazer-em-gramado-e-canela\/","url":"https:\/\/11ponto11servidor.com.br\/viagem\/america-do-sul\/o-que-fazer-em-gramado-e-canela\/","name":"O que fazer em Gramado e Canela - Blog Viagens","isPartOf":{"@id":"https:\/\/11ponto11servidor.com.br\/viagem\/#website"},"primaryImageOfPage":{"@id":"https:\/\/11ponto11servidor.com.br\/viagem\/america-do-sul\/o-que-fazer-em-gramado-e-canela\/#primaryimage"},"image":{"@id":"https:\/\/11ponto11servidor.com.br\/viagem\/america-do-sul\/o-que-fazer-em-gramado-e-canela\/#primaryimage"},"thumbnailUrl":"https:\/\/11ponto11servidor.com.br\/viagem\/wp-content\/uploads\/sites\/5\/2019\/02\/gramado.jpg","datePublished":"2019-02-01T19:39:57+00:00","dateModified":"2020-03-06T12:44:53+00:00","author":{"@id":""},"breadcrumb":{"@id":"https:\/\/11ponto11servidor.com.br\/viagem\/america-do-sul\/o-que-fazer-em-gramado-e-canela\/#breadcrumb"},"inLanguage":"pt-BR","potentialAction":[{"@type":"ReadAction","target":["https:\/\/11ponto11servidor.com.br\/viagem\/america-do-sul\/o-que-fazer-em-gramado-e-canela\/"]}]},{"@type":"ImageObject","inLanguage":"pt-BR","@id":"https:\/\/11ponto11servidor.com.br\/viagem\/america-do-sul\/o-que-fazer-em-gramado-e-canela\/#primaryimage","url":"https:\/\/11ponto11servidor.com.br\/viagem\/wp-content\/uploads\/sites\/5\/2019\/02\/gramado.jpg","contentUrl":"https:\/\/11ponto11servidor.com.br\/viagem\/wp-content\/uploads\/sites\/5\/2019\/02\/gramado.jpg","width":840,"height":380},{"@type":"BreadcrumbList","@id":"https:\/\/11ponto11servidor.com.br\/viagem\/america-do-sul\/o-que-fazer-em-gramado-e-canela\/#breadcrumb","itemListElement":[{"@type":"ListItem","position":1,"name":"In\u00edcio","item":"https:\/\/11ponto11servidor.com.br\/viagem\/"},{"@type":"ListItem","position":2,"name":"O que fazer em Gramado e Canela"}]},{"@type":"WebSite","@id":"https:\/\/11ponto11servidor.com.br\/viagem\/#website","url":"https:\/\/11ponto11servidor.com.br\/viagem\/","name":"Blog Viagens","description":"SIAPE Servidor Federal","potentialAction":[{"@type":"SearchAction","target":{"@type":"EntryPoint","urlTemplate":"https:\/\/11ponto11servidor.com.br\/viagem\/?s={search_term_string}"},"query-input":{"@type":"PropertyValueSpecification","valueRequired":true,"valueName":"search_term_string"}}],"inLanguage":"pt-BR"},{"@type":"Person","@id":"","url":"https:\/\/11ponto11servidor.com.br\/viagem\/author\/"}]}},"_links":{"self":[{"href":"https:\/\/11ponto11servidor.com.br\/viagem\/wp-json\/wp\/v2\/posts\/7073"}],"collection":[{"href":"https:\/\/11ponto11servidor.com.br\/viagem\/wp-json\/wp\/v2\/posts"}],"about":[{"href":"https:\/\/11ponto11servidor.com.br\/viagem\/wp-json\/wp\/v2\/types\/post"}],"author":[{"embeddable":true,"href":"https:\/\/11ponto11servidor.com.br\/viagem\/wp-json\/wp\/v2\/users\/3"}],"replies":[{"embeddable":true,"href":"https:\/\/11ponto11servidor.com.br\/viagem\/wp-json\/wp\/v2\/comments?post=7073"}],"version-history":[{"count":0,"href":"https:\/\/11ponto11servidor.com.br\/viagem\/wp-json\/wp\/v2\/posts\/7073\/revisions"}],"wp:featuredmedia":[{"embeddable":true,"href":"https:\/\/11ponto11servidor.com.br\/viagem\/wp-json\/wp\/v2\/media\/7102"}],"wp:attachment":[{"href":"https:\/\/11ponto11servidor.com.br\/viagem\/wp-json\/wp\/v2\/media?parent=7073"}],"wp:term":[{"taxonomy":"category","embeddable":true,"href":"https:\/\/11ponto11servidor.com.br\/viagem\/wp-json\/wp\/v2\/categories?post=7073"},{"taxonomy":"post_tag","embeddable":true,"href":"https:\/\/11ponto11servidor.com.br\/viagem\/wp-json\/wp\/v2\/tags?post=7073"}],"curies":[{"name":"wp","href":"https:\/\/api.w.org\/{rel}","templated":true}]}}