{"id":7496,"date":"2019-06-20T09:00:45","date_gmt":"2019-06-20T12:00:45","guid":{"rendered":"https:\/\/11ponto11servidor.com.br\/viagem\/?p=7496"},"modified":"2020-03-06T09:44:54","modified_gmt":"2020-03-06T12:44:54","slug":"ilhas-abc-coracao","status":"publish","type":"post","link":"https:\/\/11ponto11servidor.com.br\/viagem\/america-central\/ilhas-abc-coracao\/","title":{"rendered":"ILHAS ABC &#8211; CURA\u00c7AO"},"content":{"rendered":"<section class=\"l-section wpb_row height_large\"><div class=\"l-section-h i-cf\"><div class=\"g-cols vc_row type_default valign_top\"><div class=\"vc_col-sm-12 wpb_column vc_column_container\"><div class=\"vc_column-inner\"><div class=\"wpb_wrapper\"><div class=\"wpb_text_column\" ><div class=\"wpb_wrapper\"><h2>[sem_destaque]-200[\/sem_destaque]<\/h2>\n<\/div><\/div><div class=\"wpb_text_column\" ><div class=\"wpb_wrapper\"><p style=\"text-align: justify;\"><span style=\"font-family: 'Arial','sans-serif';\">Maior ilha do antigo arquip\u00e9lago das Antilhas Holandesas, <strong>Cura\u00e7ao <\/strong>\u00e9 hoje um dos polos tur\u00edsticos mais procurados no Caribe. Sua hist\u00f3ria \u00e9 rica e transparece toda a diversidade cultural que ainda faz da ilha um dos lugares mais amistosos do Caribe. Juntamente com Aruba e Bonaire formam as chamadas \u201cIlhas ABC\u201d, um para\u00edso tropical rico em recifes de corais e praias de areia branca e mar azul turquesa. <\/span><\/p>\n<p style=\"text-align: justify;\"><span style=\"font-family: 'Arial','sans-serif';\">Perfeita para mergulho, Cura\u00e7ao ainda proporcionam passeios a cavalo, saf\u00e1ris de jipe, ciclismo de montanha e pr\u00e1tica de esportes radicais, como o windsurf. A cultura popular \u00e9 muito valorizada por l\u00e1 e isso se reflete no grande n\u00famero de museus e artistas locais. S\u00e3o cerca de 15 pontos a serem visitados, como por exemplo o Cura\u00e7ao Museum, que abriga a hist\u00f3ria dos ind\u00edgenas pr\u00e9-colombianos, o Kas Di Pali Mashi, uma casa constru\u00edda h\u00e1 130 anos onde se v\u00ea um pouco do que era o dia-a-dia dos afro-cura\u00e7aoenses, ou ainda o Maritime Museum, que\u00a0 abriga 500 anos de hist\u00f3ria n\u00e1utica. <\/span><\/p>\n<p style=\"text-align: justify;\"><span style=\"font-family: 'Arial','sans-serif';\">Em 2010 os habitantes das diferentes ilhas do arquip\u00e9lago das Antilhas Holandeses participaram de um referendo que decidiu seu destino pol\u00edtico, sendo que Cura\u00e7ao optou por tornar-se um pa\u00eds aut\u00f4nomo dentro do Reino dos Pa\u00edses Baixos. Bonaire, por exemplo, agora \u00e9 uma municipalidade holandesa.<\/span><\/p>\n<p class=\"p1\" style=\"text-align: justify;\"><span style=\"font-family: 'Arial','sans-serif';\">A arquitetura, marca dos pa\u00edses baixos, \u00e9 um dos charmes de Cura\u00e7ao, que n\u00e3o esconde suas origens nas paredes coloridas. O boato que corre no pa\u00eds \u00e9 que um antigo governante acordava todos os dias com dor de cabe\u00e7a e, ao olhar pela janela, sua dor se tornava mais intensa pelo reflexo das paredes brancas da capital. Ordenou, ent\u00e3o, que as casas fossem pintadas de diferentes cores para ter seu problema sanado. Se a dor de cabe\u00e7a do regente melhorou, n\u00e3o sabemos, mas \u00e9 certo afirmar que esse \u00e9 um dos poucos lugares no mundo em que trocar a pintura da casa com corres berrantes v\u00e1rias vezes ao ano \u00e9 considerado normal.\u00a0<\/span><\/p>\n<\/div><\/div><div class=\"wpb_text_column us_custom_f432bb85\" ><div class=\"wpb_wrapper\"><div id=\"destaque\" class=\"img-destaque banner-textos\">Publicidade<a href=\"https:\/\/blogdosrsiape.com\/promocoes-de-pacotes\" target=\"_blank\" rel=\"noopener noreferrer\"><img decoding=\"async\" class=\"alignnone wp-image-3433 size-full\" style=\"max-width: 900px;\" src=\"https:\/\/11ponto11servidor.com.br\/wp-content\/uploads\/sites\/2\/2018\/11\/viagem-inst.gif\" alt=\"Pacotes de Viagem para Servidor Federal\" width=\"900\" height=\"100\" \/><\/a><\/div>\n<\/div><\/div><\/div><\/div><\/div><\/div><\/div><\/section><section class=\"l-section wpb_row height_large\"><div class=\"l-section-h i-cf\"><div class=\"g-cols vc_row type_default valign_top\"><div class=\"vc_col-sm-12 wpb_column vc_column_container\"><div class=\"vc_column-inner\"><div class=\"wpb_wrapper\"><div class=\"wpb_text_column\" ><div class=\"wpb_wrapper\"><p class=\"p1\" style=\"text-align: justify;\"><span style=\"font-family: 'Arial','sans-serif';\">Uma dica legal \u00e9 visitar o pa\u00eds durante o <strong>Carnaval<\/strong>, porque a data \u00e9 uma das celebra\u00e7\u00f5es mais festejadas em Cura\u00e7ao. Com diversos grupos se apresentando nas ruas ao som de ritmos animados, \u00e9 dif\u00edcil n\u00e3o se contagiar com a alegria do momento.\u00a0<\/span><\/p>\n<p style=\"text-align: justify;\"><span style=\"font-family: 'Arial','sans-serif';\">Em todas as \u201cIlhas ABC\u201d, as l\u00ednguas faladas s\u00e3o o holand\u00eas, ingl\u00eas, franc\u00eas, espanhol e papiamento \u2013 o divertido dialeto creole que mistura tudo isso, mais o portugu\u00eas. A moeda oficial \u00e9 o florim, mas o d\u00f3lar americano \u00e9 aceito em praticamente todos os estabelecimentos, assim como cart\u00f5es de cr\u00e9dito.<\/span><\/p>\n<p style=\"text-align: justify;\"><span style=\"font-family: 'Arial','sans-serif';\">Com apenas 150 mil habitantes e uma economia que se baseia na refinaria de petr\u00f3leo e no turismo, o lugar \u00e9 destaque entre as ilhas caribenhas por possuir um clima agrad\u00e1vel o ano todo e estar fora da rota de furac\u00f5es.\u00a0<\/span><\/p>\n<p style=\"text-align: justify;\"><span style=\"font-family: 'Arial','sans-serif';\">Cura\u00e7ao \u00e9 um destino caribenho que pouco se afeta com os furac\u00f5es no Caribe. Voc\u00ea poder\u00e1 ir ao pa\u00eds durante todo o ano sem precisar pensar se a data da viagem cai na temporada de furac\u00f5es ou n\u00e3o.<\/span><\/p>\n<p style=\"text-align: justify;\"><span style=\"font-family: 'Arial','sans-serif';\">Se n\u00e3o se hospedar em um resort mais afastado, a capital Willemstad ser\u00e1 sua base em Cura\u00e7ao. Para circular pela ilha o ideal \u00e9 utilizar os transfers oferecidos por muitos hot\u00e9is, alugar uma bicicleta ou scooter ou embarcar em passeios organizados. Um aluguel de carro tamb\u00e9m \u00e9 uma boa op\u00e7\u00e3o para quem quiser ter mais independ\u00eancia. Redes tradicionais como Avis, Budget e Hertz t\u00eam filiais na ilha, mas cheque as promo\u00e7\u00f5es e ofertas de algumas operadoras locais.<\/span><\/p>\n<p class=\"p1\" style=\"text-align: justify;\"><span style=\"font-family: 'Arial','sans-serif';\">Entre os atrativos da cidade, n\u00e3o deixe de ir ao Rif Fort, um forte constru\u00eddo em 1828 que deixou para tr\u00e1s a fun\u00e7\u00e3o de proteger a cidade para ser um centro com lojas, cafeterias e restaurantes.\u00a0<\/span><\/p>\n<p style=\"text-align: justify;\"><span style=\"font-family: 'Arial','sans-serif';\">Cura\u00e7ao \u00e9 uma \u00e1rea livre de impostos, com muitos centros de compras que oferecem produtos que fazem a alegria dos consumistas de ocasi\u00e3o. Roupas de grife, cosm\u00e9ticos e perfumes est\u00e3o entre as ofertas tentadoras. Tudo que voc\u00ea comprar nestes estabelecimentos s\u00e3o enviados para seu navio ou avi\u00e3o, onde ele dever\u00e1 ser retirado.<\/span><\/p>\n<\/div><\/div><\/div><\/div><\/div><\/div><\/div><\/section><section class=\"l-section wpb_row height_large\"><div class=\"l-section-h i-cf\"><div class=\"g-cols vc_row type_default valign_top\"><div class=\"vc_col-sm-12 wpb_column vc_column_container\"><div class=\"vc_column-inner\"><div class=\"wpb_wrapper\"><div class=\"wpb_text_column\" ><div class=\"wpb_wrapper\"><div id=\"destaque\" class=\"img-destaque banner-textos\">Publicidade<a href=\"https:\/\/blogdosrsiape.com\/promocoes-de-pacotes\" target=\"_blank\" rel=\"noopener noreferrer\"><img decoding=\"async\" class=\"alignnone wp-image-3433 size-full\" style=\"max-width: 900px;\" src=\"https:\/\/11ponto11servidor.com.br\/wp-content\/uploads\/sites\/2\/2018\/12\/viagem2.jpg\" alt=\"Pacotes de Viagem para Servidor Federal\" width=\"900\" height=\"100\" \/><\/a><\/div>\n<\/div><\/div><div class=\"g-cols wpb_row  us_custom_ad3af6df type_default valign_top vc_inner\"><div class=\"vc_col-sm-2 wpb_column vc_column_container\"><div class=\"vc_column-inner us_custom_477ec717\"><div class=\"wpb_wrapper\">[vc_single_image source=&#8221;external_link&#8221; alignment=&#8221;center&#8221; css_animation=&#8221;bounceIn&#8221; custom_src=&#8221;https:\/\/11ponto11servidor.com.br\/wp-contentthemes\/blogsiape\/img\/icon_notifications.jpg&#8221;]<\/div><\/div><\/div><div class=\"vc_col-sm-10 wpb_column vc_column_container\"><div class=\"vc_column-inner us_custom_477ec717\"><div class=\"wpb_wrapper\"><div class=\"wpb_text_column us_custom_31780e0c cor_preta\" ><div class=\"wpb_wrapper\"><h2 class=\"cor_preta\" align=\"left\">Receba as not\u00edcias antes dos demais Assinantes!<\/h2>\n<p class=\"cor_preta\" align=\"left\">Clique para ativar as notifica\u00e7\u00f5es e receba antes de serem publicadas<\/p>\n<\/div><\/div><\/div><\/div><\/div><\/div><\/div><\/div><\/div><\/div><\/div><\/section>\n","protected":false},"excerpt":{"rendered":"<p>Juntamente com Aruba e Bonaire formam as chamadas \u201cIlhas ABC\u201d, um para\u00edso tropical rico em recifes de corais e praias de areia branca.<\/p>\n","protected":false},"author":3,"featured_media":7498,"comment_status":"open","ping_status":"open","sticky":false,"template":"","format":"standard","meta":{"footnotes":""},"categories":[27,7],"tags":[],"class_list":["post-7496","post","type-post","status-publish","format-standard","has-post-thumbnail","hentry","category-america-central","category-viagens-internacionais"],"yoast_head":"<!-- This site is optimized with the Yoast SEO Premium plugin v16.3 (Yoast SEO v23.6) - https:\/\/yoast.com\/wordpress\/plugins\/seo\/ -->\n<title>ILHAS ABC - CURA\u00c7AO - Blog Viagens<\/title>\n<meta name=\"description\" content=\"Juntamente com Aruba e Bonaire formam as chamadas \u201cIlhas ABC\u201d, um para\u00edso tropical rico em recifes de corais e praias de areia branca.\" \/>\n<meta name=\"robots\" content=\"index, follow, max-snippet:-1, max-image-preview:large, max-video-preview:-1\" \/>\n<link rel=\"canonical\" href=\"https:\/\/11ponto11servidor.com.br\/viagem\/america-central\/ilhas-abc-coracao\/\" \/>\n<meta property=\"og:locale\" content=\"pt_BR\" \/>\n<meta property=\"og:type\" content=\"article\" \/>\n<meta property=\"og:title\" content=\"ILHAS ABC - CURA\u00c7AO - Blog Viagens\" \/>\n<meta property=\"og:description\" content=\"Juntamente com Aruba e Bonaire formam as chamadas \u201cIlhas ABC\u201d, um para\u00edso tropical rico em recifes de corais e praias de areia branca.\" \/>\n<meta property=\"og:url\" content=\"https:\/\/11ponto11servidor.com.br\/viagem\/america-central\/ilhas-abc-coracao\/\" \/>\n<meta property=\"og:site_name\" content=\"Blog Viagens\" \/>\n<meta property=\"article:publisher\" content=\"https:\/\/business.facebook.com\/suaviagemnoclick\/?business_id=470313793386419\" \/>\n<meta property=\"article:published_time\" content=\"2019-06-20T12:00:45+00:00\" \/>\n<meta property=\"article:modified_time\" content=\"2020-03-06T12:44:54+00:00\" \/>\n<meta property=\"og:image\" content=\"https:\/\/11ponto11servidor.com.br\/viagem\/wp-content\/uploads\/sites\/5\/2019\/06\/destaque-coracao.png\" \/>\n\t<meta property=\"og:image:width\" content=\"848\" \/>\n\t<meta property=\"og:image:height\" content=\"450\" \/>\n\t<meta property=\"og:image:type\" content=\"image\/png\" \/>\n<meta name=\"twitter:card\" content=\"summary_large_image\" \/>\n<meta name=\"twitter:label1\" content=\"Escrito por\" \/>\n\t<meta name=\"twitter:data1\" content=\"\" \/>\n\t<meta name=\"twitter:label2\" content=\"Est. tempo de leitura\" \/>\n\t<meta name=\"twitter:data2\" content=\"5 minutos\" \/>\n<script type=\"application\/ld+json\" class=\"yoast-schema-graph\">{\"@context\":\"https:\/\/schema.org\",\"@graph\":[{\"@type\":\"WebPage\",\"@id\":\"https:\/\/11ponto11servidor.com.br\/viagem\/america-central\/ilhas-abc-coracao\/\",\"url\":\"https:\/\/11ponto11servidor.com.br\/viagem\/america-central\/ilhas-abc-coracao\/\",\"name\":\"ILHAS ABC - CURA\u00c7AO - Blog Viagens\",\"isPartOf\":{\"@id\":\"https:\/\/11ponto11servidor.com.br\/viagem\/#website\"},\"primaryImageOfPage\":{\"@id\":\"https:\/\/11ponto11servidor.com.br\/viagem\/america-central\/ilhas-abc-coracao\/#primaryimage\"},\"image\":{\"@id\":\"https:\/\/11ponto11servidor.com.br\/viagem\/america-central\/ilhas-abc-coracao\/#primaryimage\"},\"thumbnailUrl\":\"https:\/\/11ponto11servidor.com.br\/viagem\/wp-content\/uploads\/sites\/5\/2019\/06\/destaque-coracao.png\",\"datePublished\":\"2019-06-20T12:00:45+00:00\",\"dateModified\":\"2020-03-06T12:44:54+00:00\",\"author\":{\"@id\":\"\"},\"description\":\"Juntamente com Aruba e Bonaire formam as chamadas \u201cIlhas ABC\u201d, um para\u00edso tropical rico em recifes de corais e praias de areia branca.\",\"breadcrumb\":{\"@id\":\"https:\/\/11ponto11servidor.com.br\/viagem\/america-central\/ilhas-abc-coracao\/#breadcrumb\"},\"inLanguage\":\"pt-BR\",\"potentialAction\":[{\"@type\":\"ReadAction\",\"target\":[\"https:\/\/11ponto11servidor.com.br\/viagem\/america-central\/ilhas-abc-coracao\/\"]}]},{\"@type\":\"ImageObject\",\"inLanguage\":\"pt-BR\",\"@id\":\"https:\/\/11ponto11servidor.com.br\/viagem\/america-central\/ilhas-abc-coracao\/#primaryimage\",\"url\":\"https:\/\/11ponto11servidor.com.br\/viagem\/wp-content\/uploads\/sites\/5\/2019\/06\/destaque-coracao.png\",\"contentUrl\":\"https:\/\/11ponto11servidor.com.br\/viagem\/wp-content\/uploads\/sites\/5\/2019\/06\/destaque-coracao.png\",\"width\":848,\"height\":450},{\"@type\":\"BreadcrumbList\",\"@id\":\"https:\/\/11ponto11servidor.com.br\/viagem\/america-central\/ilhas-abc-coracao\/#breadcrumb\",\"itemListElement\":[{\"@type\":\"ListItem\",\"position\":1,\"name\":\"In\u00edcio\",\"item\":\"https:\/\/11ponto11servidor.com.br\/viagem\/\"},{\"@type\":\"ListItem\",\"position\":2,\"name\":\"ILHAS ABC &#8211; CURA\u00c7AO\"}]},{\"@type\":\"WebSite\",\"@id\":\"https:\/\/11ponto11servidor.com.br\/viagem\/#website\",\"url\":\"https:\/\/11ponto11servidor.com.br\/viagem\/\",\"name\":\"Blog Viagens\",\"description\":\"SIAPE Servidor Federal\",\"potentialAction\":[{\"@type\":\"SearchAction\",\"target\":{\"@type\":\"EntryPoint\",\"urlTemplate\":\"https:\/\/11ponto11servidor.com.br\/viagem\/?s={search_term_string}\"},\"query-input\":{\"@type\":\"PropertyValueSpecification\",\"valueRequired\":true,\"valueName\":\"search_term_string\"}}],\"inLanguage\":\"pt-BR\"},{\"@type\":\"Person\",\"@id\":\"\",\"url\":\"https:\/\/11ponto11servidor.com.br\/viagem\/author\/\"}]}<\/script>\n<!-- \/ Yoast SEO Premium plugin. -->","yoast_head_json":{"title":"ILHAS ABC - CURA\u00c7AO - Blog Viagens","description":"Juntamente com Aruba e Bonaire formam as chamadas \u201cIlhas ABC\u201d, um para\u00edso tropical rico em recifes de corais e praias de areia branca.","robots":{"index":"index","follow":"follow","max-snippet":"max-snippet:-1","max-image-preview":"max-image-preview:large","max-video-preview":"max-video-preview:-1"},"canonical":"https:\/\/11ponto11servidor.com.br\/viagem\/america-central\/ilhas-abc-coracao\/","og_locale":"pt_BR","og_type":"article","og_title":"ILHAS ABC - CURA\u00c7AO - Blog Viagens","og_description":"Juntamente com Aruba e Bonaire formam as chamadas \u201cIlhas ABC\u201d, um para\u00edso tropical rico em recifes de corais e praias de areia branca.","og_url":"https:\/\/11ponto11servidor.com.br\/viagem\/america-central\/ilhas-abc-coracao\/","og_site_name":"Blog Viagens","article_publisher":"https:\/\/business.facebook.com\/suaviagemnoclick\/?business_id=470313793386419","article_published_time":"2019-06-20T12:00:45+00:00","article_modified_time":"2020-03-06T12:44:54+00:00","og_image":[{"width":848,"height":450,"url":"https:\/\/11ponto11servidor.com.br\/viagem\/wp-content\/uploads\/sites\/5\/2019\/06\/destaque-coracao.png","type":"image\/png"}],"twitter_card":"summary_large_image","twitter_misc":{"Escrito por":"","Est. tempo de leitura":"5 minutos"},"schema":{"@context":"https:\/\/schema.org","@graph":[{"@type":"WebPage","@id":"https:\/\/11ponto11servidor.com.br\/viagem\/america-central\/ilhas-abc-coracao\/","url":"https:\/\/11ponto11servidor.com.br\/viagem\/america-central\/ilhas-abc-coracao\/","name":"ILHAS ABC - CURA\u00c7AO - Blog Viagens","isPartOf":{"@id":"https:\/\/11ponto11servidor.com.br\/viagem\/#website"},"primaryImageOfPage":{"@id":"https:\/\/11ponto11servidor.com.br\/viagem\/america-central\/ilhas-abc-coracao\/#primaryimage"},"image":{"@id":"https:\/\/11ponto11servidor.com.br\/viagem\/america-central\/ilhas-abc-coracao\/#primaryimage"},"thumbnailUrl":"https:\/\/11ponto11servidor.com.br\/viagem\/wp-content\/uploads\/sites\/5\/2019\/06\/destaque-coracao.png","datePublished":"2019-06-20T12:00:45+00:00","dateModified":"2020-03-06T12:44:54+00:00","author":{"@id":""},"description":"Juntamente com Aruba e Bonaire formam as chamadas \u201cIlhas ABC\u201d, um para\u00edso tropical rico em recifes de corais e praias de areia branca.","breadcrumb":{"@id":"https:\/\/11ponto11servidor.com.br\/viagem\/america-central\/ilhas-abc-coracao\/#breadcrumb"},"inLanguage":"pt-BR","potentialAction":[{"@type":"ReadAction","target":["https:\/\/11ponto11servidor.com.br\/viagem\/america-central\/ilhas-abc-coracao\/"]}]},{"@type":"ImageObject","inLanguage":"pt-BR","@id":"https:\/\/11ponto11servidor.com.br\/viagem\/america-central\/ilhas-abc-coracao\/#primaryimage","url":"https:\/\/11ponto11servidor.com.br\/viagem\/wp-content\/uploads\/sites\/5\/2019\/06\/destaque-coracao.png","contentUrl":"https:\/\/11ponto11servidor.com.br\/viagem\/wp-content\/uploads\/sites\/5\/2019\/06\/destaque-coracao.png","width":848,"height":450},{"@type":"BreadcrumbList","@id":"https:\/\/11ponto11servidor.com.br\/viagem\/america-central\/ilhas-abc-coracao\/#breadcrumb","itemListElement":[{"@type":"ListItem","position":1,"name":"In\u00edcio","item":"https:\/\/11ponto11servidor.com.br\/viagem\/"},{"@type":"ListItem","position":2,"name":"ILHAS ABC &#8211; CURA\u00c7AO"}]},{"@type":"WebSite","@id":"https:\/\/11ponto11servidor.com.br\/viagem\/#website","url":"https:\/\/11ponto11servidor.com.br\/viagem\/","name":"Blog Viagens","description":"SIAPE Servidor Federal","potentialAction":[{"@type":"SearchAction","target":{"@type":"EntryPoint","urlTemplate":"https:\/\/11ponto11servidor.com.br\/viagem\/?s={search_term_string}"},"query-input":{"@type":"PropertyValueSpecification","valueRequired":true,"valueName":"search_term_string"}}],"inLanguage":"pt-BR"},{"@type":"Person","@id":"","url":"https:\/\/11ponto11servidor.com.br\/viagem\/author\/"}]}},"_links":{"self":[{"href":"https:\/\/11ponto11servidor.com.br\/viagem\/wp-json\/wp\/v2\/posts\/7496"}],"collection":[{"href":"https:\/\/11ponto11servidor.com.br\/viagem\/wp-json\/wp\/v2\/posts"}],"about":[{"href":"https:\/\/11ponto11servidor.com.br\/viagem\/wp-json\/wp\/v2\/types\/post"}],"author":[{"embeddable":true,"href":"https:\/\/11ponto11servidor.com.br\/viagem\/wp-json\/wp\/v2\/users\/3"}],"replies":[{"embeddable":true,"href":"https:\/\/11ponto11servidor.com.br\/viagem\/wp-json\/wp\/v2\/comments?post=7496"}],"version-history":[{"count":0,"href":"https:\/\/11ponto11servidor.com.br\/viagem\/wp-json\/wp\/v2\/posts\/7496\/revisions"}],"wp:featuredmedia":[{"embeddable":true,"href":"https:\/\/11ponto11servidor.com.br\/viagem\/wp-json\/wp\/v2\/media\/7498"}],"wp:attachment":[{"href":"https:\/\/11ponto11servidor.com.br\/viagem\/wp-json\/wp\/v2\/media?parent=7496"}],"wp:term":[{"taxonomy":"category","embeddable":true,"href":"https:\/\/11ponto11servidor.com.br\/viagem\/wp-json\/wp\/v2\/categories?post=7496"},{"taxonomy":"post_tag","embeddable":true,"href":"https:\/\/11ponto11servidor.com.br\/viagem\/wp-json\/wp\/v2\/tags?post=7496"}],"curies":[{"name":"wp","href":"https:\/\/api.w.org\/{rel}","templated":true}]}}