{"id":8194,"date":"2019-09-17T16:09:19","date_gmt":"2019-09-17T19:09:19","guid":{"rendered":"https:\/\/blogdosrsiape.com\/?p=8194"},"modified":"2020-03-06T09:45:11","modified_gmt":"2020-03-06T12:45:11","slug":"caribe-amazonico-praias-de-alter-do-chao","status":"publish","type":"post","link":"https:\/\/11ponto11servidor.com.br\/viagem\/america-do-sul\/caribe-amazonico-praias-de-alter-do-chao\/","title":{"rendered":"Caribe Amaz\u00f4nico &#8211; Praias de Alter do Ch\u00e3o"},"content":{"rendered":"<section class=\"l-section wpb_row height_large\"><div class=\"l-section-h i-cf\"><div class=\"g-cols vc_row type_default valign_top\"><div class=\"vc_col-sm-12 wpb_column vc_column_container\"><div class=\"vc_column-inner\"><div class=\"wpb_wrapper\"><div class=\"wpb_text_column\" ><div class=\"wpb_wrapper\"><h2>[sem_destaque]-200[\/sem_destaque]<\/h2>\n<\/div><\/div><div class=\"wpb_text_column\" ><div class=\"wpb_wrapper\"><p>Alter do Ch\u00e3o vem ganhando o cora\u00e7\u00e3o dos turistas com sua beleza inigual\u00e1vel, principalmente nos per\u00edodos de estiagem.<\/p>\n<p>As intensidades do verde amaz\u00f4nico juntamente com os rios de \u00e1guas doces s\u00e3o apenas mais um dos pontos apaixonantes deste local. Mesmo n\u00e3o sendo parte do litoral s\u00e3o mais de 100 km de praias.<\/p>\n<p>Toda essa beleza encontra-se as margens do Rio Tapaj\u00f3s e Rio Arapiuns. Sendo parte da cidade de Santar\u00e9m a pequena vila \u00e9 a mais procurada quando o assunto \u00e9 aproveitar.<\/p>\n<h3><strong>A vila de Alter do Ch\u00e3o<\/strong><\/h3>\n<p>A vila possui apenas 6 mil habitantes, entretanto isso n\u00e3o interfere em uma boa \u00a0infraestrutura tur\u00edstica do local. Existe uma diversidade de pousadas, passeios e restaurantes para voc\u00ea aproveitar.<\/p>\n<p>&nbsp;<\/p>\n<h3><strong>Leia tamb\u00e9m:<\/strong> <a href=\"https:\/\/blogdosrsiape.com\/america-do-sul\/lencois-maranhenses-e-suas-lagoas-espetaculares\/\"><em>Len\u00e7\u00f3is Maranhenses e suas lagoas espetaculares<\/em><\/a><\/h3>\n<p>&nbsp;<\/p>\n<p class=\"p1\" style=\"text-align: justify;\"><span class=\"s1\"><span style=\"font-family: 'Arial','sans-serif';\">Para chegar a Alter do Ch\u00e3o basta pegar um voo at\u00e9 a o aeroporto de Santar\u00e9m e prosseguir por estrada de carro ou mesmo de \u00f4nibus, sendo de f\u00e1cil acesso.<\/span><\/span><\/p>\n<p class=\"p1\" style=\"text-align: justify;\"><span class=\"s1\"><span style=\"font-family: 'Arial','sans-serif';\">Ao viajar para este para\u00edso n\u00e3o se esque\u00e7a de deixar o celular sempre com bateria para poder eternizar seus momentos e cen\u00e1rios magn\u00edficos com muitas fotos.<\/span><\/span><\/p>\n<p class=\"p1\" style=\"text-align: justify;\"><span class=\"s1\"><span style=\"font-family: 'Arial','sans-serif';\">Com areias branquinhas as praias que fazem parte de um conjunto paradis\u00edaco magnifico a beira do rio. Entretanto, essa rara beleza s\u00f3 acontece no per\u00edodo de seca. <\/span><\/span><\/p>\n<p class=\"p1\" style=\"text-align: justify;\"><span class=\"s1\"><span style=\"font-family: 'Arial','sans-serif';\">As praias mais movimentadas oferecem op\u00e7\u00f5es de quiosques ou mesmo restaurantes para voc\u00ea aproveitar. <\/span><\/span><\/p>\n<\/div><\/div><div class=\"wpb_text_column us_custom_f432bb85\" ><div class=\"wpb_wrapper\"><div id=\"destaque\" class=\"img-destaque banner-textos\">Publicidade<a href=\"https:\/\/seucreditonoclick.com.br\/\"><img decoding=\"async\" class=\"alignnone wp-image-8204 size-full\" src=\"https:\/\/11ponto11servidor.com.br\/viagem\/wp-content\/uploads\/sites\/5\/2019\/09\/novo.png\" alt=\"\" width=\"900\" height=\"100\" srcset=\"https:\/\/11ponto11servidor.com.br\/viagem\/wp-content\/uploads\/sites\/5\/2019\/09\/novo.png 900w, https:\/\/11ponto11servidor.com.br\/viagem\/wp-content\/uploads\/sites\/5\/2019\/09\/novo-300x33.png 300w, https:\/\/11ponto11servidor.com.br\/viagem\/wp-content\/uploads\/sites\/5\/2019\/09\/novo-768x85.png 768w\" sizes=\"(max-width: 900px) 100vw, 900px\" \/><\/a><\/div>\n<\/div><\/div><\/div><\/div><\/div><\/div><\/div><\/section><section class=\"l-section wpb_row height_large\"><div class=\"l-section-h i-cf\"><div class=\"g-cols vc_row type_default valign_top\"><div class=\"vc_col-sm-12 wpb_column vc_column_container\"><div class=\"vc_column-inner\"><div class=\"wpb_wrapper\"><div class=\"wpb_text_column\" ><div class=\"wpb_wrapper\"><h3><strong>O local perfeito para descanso <\/strong><\/h3>\n<p>Caso esteja buscando um destino para descansar e obter um maravilhoso contato com a natureza, estar\u00e1 no lugar certo. \u00a0Durante sua viagem dedique-se a realizar passeios que v\u00e3o as \u00a0outras praias, igarap\u00e9s e dentre outras op\u00e7\u00f5es.<\/p>\n<p>De acordo com sua data da viagem a possibilidade de encontrar paisagens totalmente diferentes \u00e9 grande. Nesta regi\u00e3o, existem esta\u00e7\u00f5es bem marcantes sendo os per\u00edodos de chuvas e de seca.<\/p>\n<p>O melhor per\u00edodo para conhecer as praias de rio \u00e9 no chamado ver\u00e3o amaz\u00f4nico conhecido como temporada de seca que vai de agosto a dezembro.<\/p>\n<p>No entanto, se voc\u00ea busca passeios de barco em meio \u00e0 vegeta\u00e7\u00e3o amaz\u00f4nica, o melhor per\u00edodo \u00e9 no inverno amaz\u00f4nico, temporada das chuvas de janeiro a julho.<\/p>\n<p>Valer\u00e1 viajar durante quaisquer dos per\u00edodos, j\u00e1 que ser\u00e3o paisagens bem distintas.<\/p>\n<p>&nbsp;<\/p>\n<h3>Alta temporada: Ver\u00e3o amaz\u00f4nico<\/h3>\n<p>A alta temporada \u00e9 marcada pelos meses com poucas chuvas e tamb\u00e9m \u00e9 quando o volume de \u00e1guas dos rios diminui e as praias surgem.<\/p>\n<p>&nbsp;<\/p>\n<h3><strong>Leia tamb\u00e9m:<\/strong> <em><a href=\"https:\/\/blogdosrsiape.com\/geral\/mistura-de-cidade-historica-e-modernidade-aracaju\/\">Mistura de cidade hist\u00f3rica e modernidade &#8211; Aracaju<\/a> <\/em><\/h3>\n<p>&nbsp;<\/p>\n<p style=\"text-align: justify;\"><span style=\"font-family: 'Arial','sans-serif';\">Conhecido como ver\u00e3o amaz\u00f4nico, o per\u00edodo de agosto a dezembro garante um clima est\u00e1vel, muitas praias e entardeceres estonteantes. <\/span><\/p>\n<p style=\"text-align: justify;\"><span style=\"font-family: 'Arial','sans-serif';\">Conforme a temporada de seca avan\u00e7a, as praias surgem com maior intensidade, mudando ainda mais o cen\u00e1rio. <\/span><\/p>\n<p style=\"text-align: justify;\"><span style=\"font-family: 'Arial','sans-serif';\">Na alta temporada, os hot\u00e9is costumam ter valores mais altos e a vila de Alter fica mais movimentada. Apesar do n\u00famero de visitantes, as praias dificilmente ficaram cheias. <\/span><\/p>\n<p>&nbsp;<\/p>\n<h3><strong>Baixa temporada: inverno amaz\u00f4nico<\/strong><\/h3>\n<p style=\"text-align: justify;\"><span style=\"font-family: 'Arial','sans-serif';\">A baixa temporada corresponde \u00e0 temporada de chuvas. Sendo principalmente nos meses de fevereiro a junho, conhecido como inverno amaz\u00f4nico.<\/span><\/p>\n<p style=\"text-align: justify;\"><span style=\"font-family: 'Arial','sans-serif';\">As praias desaparecem, restando apenas algumas raras faixas de areia para os turistas. Entretanto, \u00e9 exatamente nesse per\u00edodo que igarap\u00e9s, florestas e canais est\u00e3o repletos de \u00e1gua e muita vida. <\/span><\/p>\n<p style=\"text-align: justify;\"><span style=\"font-family: 'Arial','sans-serif';\">Desta forma, a paisagem se transforma quase que completamente permitindo passeios espetaculares em meio ao ambiente amaz\u00f4nico.\u00a0Nesta \u00e9poca muitos moradores consideram o per\u00edodo mais bonito e tranquilo na regi\u00e3o. <\/span><\/p>\n<\/div><\/div><\/div><\/div><\/div><\/div><\/div><\/section><section class=\"l-section wpb_row height_large\"><div class=\"l-section-h i-cf\"><div class=\"g-cols vc_row type_default valign_top\"><div class=\"vc_col-sm-12 wpb_column vc_column_container\"><div class=\"vc_column-inner\"><div class=\"wpb_wrapper\"><div class=\"wpb_text_column\" ><div class=\"wpb_wrapper\"><div id=\"destaque\" class=\"img-destaque banner-textos\">Publicidade<a href=\"https:\/\/seucreditonoclick.com.br\/\"><img decoding=\"async\" class=\"alignnone wp-image-8205\" src=\"https:\/\/11ponto11servidor.com.br\/viagem\/wp-content\/uploads\/sites\/5\/2019\/09\/nuevo.jpg\" alt=\"\" width=\"900\" height=\"100\" srcset=\"https:\/\/11ponto11servidor.com.br\/viagem\/wp-content\/uploads\/sites\/5\/2019\/09\/nuevo.jpg 2048w, https:\/\/11ponto11servidor.com.br\/viagem\/wp-content\/uploads\/sites\/5\/2019\/09\/nuevo-300x33.jpg 300w, https:\/\/11ponto11servidor.com.br\/viagem\/wp-content\/uploads\/sites\/5\/2019\/09\/nuevo-768x85.jpg 768w, https:\/\/11ponto11servidor.com.br\/viagem\/wp-content\/uploads\/sites\/5\/2019\/09\/nuevo-1024x114.jpg 1024w\" sizes=\"(max-width: 900px) 100vw, 900px\" \/><\/a><\/div>\n<\/div><\/div><div class=\"g-cols wpb_row  us_custom_ad3af6df type_default valign_top vc_inner\"><div class=\"vc_col-sm-2 wpb_column vc_column_container\"><div class=\"vc_column-inner us_custom_477ec717\"><div class=\"wpb_wrapper\">[vc_single_image source=&#8221;external_link&#8221; alignment=&#8221;center&#8221; css_animation=&#8221;bounceIn&#8221; custom_src=&#8221;https:\/\/11ponto11servidor.com.br\/wp-contentthemes\/blogsiape\/img\/icon_notifications.jpg&#8221;]<\/div><\/div><\/div><div class=\"vc_col-sm-10 wpb_column vc_column_container\"><div class=\"vc_column-inner us_custom_477ec717\"><div class=\"wpb_wrapper\"><div class=\"wpb_text_column us_custom_31780e0c cor_preta\" ><div class=\"wpb_wrapper\"><h2 class=\"cor_preta\" align=\"left\">Receba as not\u00edcias antes dos demais Assinantes!<\/h2>\n<p class=\"cor_preta\" align=\"left\">Clique para ativar as notifica\u00e7\u00f5es e receba antes de serem publicadas<\/p>\n<\/div><\/div><\/div><\/div><\/div><\/div><\/div><\/div><\/div><\/div><\/div><\/section>\n","protected":false},"excerpt":{"rendered":"<p>O Caribe amaz\u00f4nico encontra-se em Alter do Ch\u00e3o, com praias paradis\u00edacas, de belezas estonteantes. Este \u00e9 um destinos que deve estar na sua lista de viagem.<\/p>\n","protected":false},"author":3,"featured_media":8203,"comment_status":"open","ping_status":"open","sticky":false,"template":"","format":"standard","meta":{"footnotes":""},"categories":[25,6],"tags":[],"class_list":["post-8194","post","type-post","status-publish","format-standard","has-post-thumbnail","hentry","category-america-do-sul","category-viagens-nacionais"],"yoast_head":"<!-- This site is optimized with the Yoast SEO Premium plugin v16.3 (Yoast SEO v23.6) - https:\/\/yoast.com\/wordpress\/plugins\/seo\/ -->\n<title>Caribe Amaz\u00f4nico - Praias de Alter do Ch\u00e3o - Blog Viagens<\/title>\n<meta name=\"description\" content=\"O Caribe amaz\u00f4nico encontra-se em Alter do Ch\u00e3o, com praias paradis\u00edacas, de belezas estonteantes. Este \u00e9 um destinos que deve estar na sua lista de viagem.\" \/>\n<meta name=\"robots\" content=\"index, follow, max-snippet:-1, max-image-preview:large, max-video-preview:-1\" \/>\n<link rel=\"canonical\" href=\"https:\/\/11ponto11servidor.com.br\/viagem\/america-do-sul\/caribe-amazonico-praias-de-alter-do-chao\/\" \/>\n<meta property=\"og:locale\" content=\"pt_BR\" \/>\n<meta property=\"og:type\" content=\"article\" \/>\n<meta property=\"og:title\" content=\"Caribe Amaz\u00f4nico - Praias de Alter do Ch\u00e3o - Blog Viagens\" \/>\n<meta property=\"og:description\" content=\"O Caribe amaz\u00f4nico encontra-se em Alter do Ch\u00e3o, com praias paradis\u00edacas, de belezas estonteantes. Este \u00e9 um destinos que deve estar na sua lista de viagem.\" \/>\n<meta property=\"og:url\" content=\"https:\/\/11ponto11servidor.com.br\/viagem\/america-do-sul\/caribe-amazonico-praias-de-alter-do-chao\/\" \/>\n<meta property=\"og:site_name\" content=\"Blog Viagens\" \/>\n<meta property=\"article:publisher\" content=\"https:\/\/business.facebook.com\/suaviagemnoclick\/?business_id=470313793386419\" \/>\n<meta property=\"article:published_time\" content=\"2019-09-17T19:09:19+00:00\" \/>\n<meta property=\"article:modified_time\" content=\"2020-03-06T12:45:11+00:00\" \/>\n<meta property=\"og:image\" content=\"https:\/\/11ponto11servidor.com.br\/viagem\/wp-content\/uploads\/sites\/5\/2019\/09\/destaque-alter.png\" \/>\n\t<meta property=\"og:image:width\" content=\"848\" \/>\n\t<meta property=\"og:image:height\" content=\"450\" \/>\n\t<meta property=\"og:image:type\" content=\"image\/png\" \/>\n<meta name=\"twitter:card\" content=\"summary_large_image\" \/>\n<meta name=\"twitter:label1\" content=\"Escrito por\" \/>\n\t<meta name=\"twitter:data1\" content=\"\" \/>\n\t<meta name=\"twitter:label2\" content=\"Est. tempo de leitura\" \/>\n\t<meta name=\"twitter:data2\" content=\"4 minutos\" \/>\n<script type=\"application\/ld+json\" class=\"yoast-schema-graph\">{\"@context\":\"https:\/\/schema.org\",\"@graph\":[{\"@type\":\"WebPage\",\"@id\":\"https:\/\/11ponto11servidor.com.br\/viagem\/america-do-sul\/caribe-amazonico-praias-de-alter-do-chao\/\",\"url\":\"https:\/\/11ponto11servidor.com.br\/viagem\/america-do-sul\/caribe-amazonico-praias-de-alter-do-chao\/\",\"name\":\"Caribe Amaz\u00f4nico - Praias de Alter do Ch\u00e3o - Blog Viagens\",\"isPartOf\":{\"@id\":\"https:\/\/11ponto11servidor.com.br\/viagem\/#website\"},\"primaryImageOfPage\":{\"@id\":\"https:\/\/11ponto11servidor.com.br\/viagem\/america-do-sul\/caribe-amazonico-praias-de-alter-do-chao\/#primaryimage\"},\"image\":{\"@id\":\"https:\/\/11ponto11servidor.com.br\/viagem\/america-do-sul\/caribe-amazonico-praias-de-alter-do-chao\/#primaryimage\"},\"thumbnailUrl\":\"https:\/\/11ponto11servidor.com.br\/viagem\/wp-content\/uploads\/sites\/5\/2019\/09\/destaque-alter.png\",\"datePublished\":\"2019-09-17T19:09:19+00:00\",\"dateModified\":\"2020-03-06T12:45:11+00:00\",\"author\":{\"@id\":\"\"},\"description\":\"O Caribe amaz\u00f4nico encontra-se em Alter do Ch\u00e3o, com praias paradis\u00edacas, de belezas estonteantes. Este \u00e9 um destinos que deve estar na sua lista de viagem.\",\"breadcrumb\":{\"@id\":\"https:\/\/11ponto11servidor.com.br\/viagem\/america-do-sul\/caribe-amazonico-praias-de-alter-do-chao\/#breadcrumb\"},\"inLanguage\":\"pt-BR\",\"potentialAction\":[{\"@type\":\"ReadAction\",\"target\":[\"https:\/\/11ponto11servidor.com.br\/viagem\/america-do-sul\/caribe-amazonico-praias-de-alter-do-chao\/\"]}]},{\"@type\":\"ImageObject\",\"inLanguage\":\"pt-BR\",\"@id\":\"https:\/\/11ponto11servidor.com.br\/viagem\/america-do-sul\/caribe-amazonico-praias-de-alter-do-chao\/#primaryimage\",\"url\":\"https:\/\/11ponto11servidor.com.br\/viagem\/wp-content\/uploads\/sites\/5\/2019\/09\/destaque-alter.png\",\"contentUrl\":\"https:\/\/11ponto11servidor.com.br\/viagem\/wp-content\/uploads\/sites\/5\/2019\/09\/destaque-alter.png\",\"width\":848,\"height\":450,\"caption\":\"Caribe Amaz\u00f4nico - Praias de Alter do Ch\u00e3o\"},{\"@type\":\"BreadcrumbList\",\"@id\":\"https:\/\/11ponto11servidor.com.br\/viagem\/america-do-sul\/caribe-amazonico-praias-de-alter-do-chao\/#breadcrumb\",\"itemListElement\":[{\"@type\":\"ListItem\",\"position\":1,\"name\":\"In\u00edcio\",\"item\":\"https:\/\/11ponto11servidor.com.br\/viagem\/\"},{\"@type\":\"ListItem\",\"position\":2,\"name\":\"Caribe Amaz\u00f4nico &#8211; Praias de Alter do Ch\u00e3o\"}]},{\"@type\":\"WebSite\",\"@id\":\"https:\/\/11ponto11servidor.com.br\/viagem\/#website\",\"url\":\"https:\/\/11ponto11servidor.com.br\/viagem\/\",\"name\":\"Blog Viagens\",\"description\":\"SIAPE Servidor Federal\",\"potentialAction\":[{\"@type\":\"SearchAction\",\"target\":{\"@type\":\"EntryPoint\",\"urlTemplate\":\"https:\/\/11ponto11servidor.com.br\/viagem\/?s={search_term_string}\"},\"query-input\":{\"@type\":\"PropertyValueSpecification\",\"valueRequired\":true,\"valueName\":\"search_term_string\"}}],\"inLanguage\":\"pt-BR\"},{\"@type\":\"Person\",\"@id\":\"\",\"url\":\"https:\/\/11ponto11servidor.com.br\/viagem\/author\/\"}]}<\/script>\n<!-- \/ Yoast SEO Premium plugin. -->","yoast_head_json":{"title":"Caribe Amaz\u00f4nico - Praias de Alter do Ch\u00e3o - Blog Viagens","description":"O Caribe amaz\u00f4nico encontra-se em Alter do Ch\u00e3o, com praias paradis\u00edacas, de belezas estonteantes. Este \u00e9 um destinos que deve estar na sua lista de viagem.","robots":{"index":"index","follow":"follow","max-snippet":"max-snippet:-1","max-image-preview":"max-image-preview:large","max-video-preview":"max-video-preview:-1"},"canonical":"https:\/\/11ponto11servidor.com.br\/viagem\/america-do-sul\/caribe-amazonico-praias-de-alter-do-chao\/","og_locale":"pt_BR","og_type":"article","og_title":"Caribe Amaz\u00f4nico - Praias de Alter do Ch\u00e3o - Blog Viagens","og_description":"O Caribe amaz\u00f4nico encontra-se em Alter do Ch\u00e3o, com praias paradis\u00edacas, de belezas estonteantes. Este \u00e9 um destinos que deve estar na sua lista de viagem.","og_url":"https:\/\/11ponto11servidor.com.br\/viagem\/america-do-sul\/caribe-amazonico-praias-de-alter-do-chao\/","og_site_name":"Blog Viagens","article_publisher":"https:\/\/business.facebook.com\/suaviagemnoclick\/?business_id=470313793386419","article_published_time":"2019-09-17T19:09:19+00:00","article_modified_time":"2020-03-06T12:45:11+00:00","og_image":[{"width":848,"height":450,"url":"https:\/\/11ponto11servidor.com.br\/viagem\/wp-content\/uploads\/sites\/5\/2019\/09\/destaque-alter.png","type":"image\/png"}],"twitter_card":"summary_large_image","twitter_misc":{"Escrito por":"","Est. tempo de leitura":"4 minutos"},"schema":{"@context":"https:\/\/schema.org","@graph":[{"@type":"WebPage","@id":"https:\/\/11ponto11servidor.com.br\/viagem\/america-do-sul\/caribe-amazonico-praias-de-alter-do-chao\/","url":"https:\/\/11ponto11servidor.com.br\/viagem\/america-do-sul\/caribe-amazonico-praias-de-alter-do-chao\/","name":"Caribe Amaz\u00f4nico - Praias de Alter do Ch\u00e3o - Blog Viagens","isPartOf":{"@id":"https:\/\/11ponto11servidor.com.br\/viagem\/#website"},"primaryImageOfPage":{"@id":"https:\/\/11ponto11servidor.com.br\/viagem\/america-do-sul\/caribe-amazonico-praias-de-alter-do-chao\/#primaryimage"},"image":{"@id":"https:\/\/11ponto11servidor.com.br\/viagem\/america-do-sul\/caribe-amazonico-praias-de-alter-do-chao\/#primaryimage"},"thumbnailUrl":"https:\/\/11ponto11servidor.com.br\/viagem\/wp-content\/uploads\/sites\/5\/2019\/09\/destaque-alter.png","datePublished":"2019-09-17T19:09:19+00:00","dateModified":"2020-03-06T12:45:11+00:00","author":{"@id":""},"description":"O Caribe amaz\u00f4nico encontra-se em Alter do Ch\u00e3o, com praias paradis\u00edacas, de belezas estonteantes. Este \u00e9 um destinos que deve estar na sua lista de viagem.","breadcrumb":{"@id":"https:\/\/11ponto11servidor.com.br\/viagem\/america-do-sul\/caribe-amazonico-praias-de-alter-do-chao\/#breadcrumb"},"inLanguage":"pt-BR","potentialAction":[{"@type":"ReadAction","target":["https:\/\/11ponto11servidor.com.br\/viagem\/america-do-sul\/caribe-amazonico-praias-de-alter-do-chao\/"]}]},{"@type":"ImageObject","inLanguage":"pt-BR","@id":"https:\/\/11ponto11servidor.com.br\/viagem\/america-do-sul\/caribe-amazonico-praias-de-alter-do-chao\/#primaryimage","url":"https:\/\/11ponto11servidor.com.br\/viagem\/wp-content\/uploads\/sites\/5\/2019\/09\/destaque-alter.png","contentUrl":"https:\/\/11ponto11servidor.com.br\/viagem\/wp-content\/uploads\/sites\/5\/2019\/09\/destaque-alter.png","width":848,"height":450,"caption":"Caribe Amaz\u00f4nico - Praias de Alter do Ch\u00e3o"},{"@type":"BreadcrumbList","@id":"https:\/\/11ponto11servidor.com.br\/viagem\/america-do-sul\/caribe-amazonico-praias-de-alter-do-chao\/#breadcrumb","itemListElement":[{"@type":"ListItem","position":1,"name":"In\u00edcio","item":"https:\/\/11ponto11servidor.com.br\/viagem\/"},{"@type":"ListItem","position":2,"name":"Caribe Amaz\u00f4nico &#8211; Praias de Alter do Ch\u00e3o"}]},{"@type":"WebSite","@id":"https:\/\/11ponto11servidor.com.br\/viagem\/#website","url":"https:\/\/11ponto11servidor.com.br\/viagem\/","name":"Blog Viagens","description":"SIAPE Servidor Federal","potentialAction":[{"@type":"SearchAction","target":{"@type":"EntryPoint","urlTemplate":"https:\/\/11ponto11servidor.com.br\/viagem\/?s={search_term_string}"},"query-input":{"@type":"PropertyValueSpecification","valueRequired":true,"valueName":"search_term_string"}}],"inLanguage":"pt-BR"},{"@type":"Person","@id":"","url":"https:\/\/11ponto11servidor.com.br\/viagem\/author\/"}]}},"_links":{"self":[{"href":"https:\/\/11ponto11servidor.com.br\/viagem\/wp-json\/wp\/v2\/posts\/8194"}],"collection":[{"href":"https:\/\/11ponto11servidor.com.br\/viagem\/wp-json\/wp\/v2\/posts"}],"about":[{"href":"https:\/\/11ponto11servidor.com.br\/viagem\/wp-json\/wp\/v2\/types\/post"}],"author":[{"embeddable":true,"href":"https:\/\/11ponto11servidor.com.br\/viagem\/wp-json\/wp\/v2\/users\/3"}],"replies":[{"embeddable":true,"href":"https:\/\/11ponto11servidor.com.br\/viagem\/wp-json\/wp\/v2\/comments?post=8194"}],"version-history":[{"count":0,"href":"https:\/\/11ponto11servidor.com.br\/viagem\/wp-json\/wp\/v2\/posts\/8194\/revisions"}],"wp:featuredmedia":[{"embeddable":true,"href":"https:\/\/11ponto11servidor.com.br\/viagem\/wp-json\/wp\/v2\/media\/8203"}],"wp:attachment":[{"href":"https:\/\/11ponto11servidor.com.br\/viagem\/wp-json\/wp\/v2\/media?parent=8194"}],"wp:term":[{"taxonomy":"category","embeddable":true,"href":"https:\/\/11ponto11servidor.com.br\/viagem\/wp-json\/wp\/v2\/categories?post=8194"},{"taxonomy":"post_tag","embeddable":true,"href":"https:\/\/11ponto11servidor.com.br\/viagem\/wp-json\/wp\/v2\/tags?post=8194"}],"curies":[{"name":"wp","href":"https:\/\/api.w.org\/{rel}","templated":true}]}}